{"id":3175,"date":"2022-06-20T17:33:24","date_gmt":"2022-06-20T15:33:24","guid":{"rendered":"https:\/\/mediaboss.fr\/?p=3175"},"modified":"2022-09-08T09:52:25","modified_gmt":"2022-09-08T07:52:25","slug":"influenceur-espagne","status":"publish","type":"post","link":"https:\/\/mediaboss.fr\/de\/influencer-spanien\/","title":{"rendered":"Unsere Top 19 Influencer &amp; Influencerinnen In Spanien"},"content":{"rendered":"<div style=\"margin-top: 0px; margin-bottom: 0px;\" class=\"sharethis-inline-share-buttons\" ><\/div><p>[et_pb_section fb_built=\u00a0\u00bb1&Prime; _builder_version=\u00a0\u00bb4.16&Prime; global_colors_info=\u00a0\u00bb{}\u00a0\u00bb][et_pb_row column_structure=\u00a0\u00bb2_3,1_3&Prime; _builder_version=\u00a0\u00bb4.16&Prime; background_size=\u00a0\u00bbinitial\u00a0\u00bb background_position=\u00a0\u00bbtop_left\u00a0\u00bb background_repeat=\u00a0\u00bbrepeat\u00a0\u00bb global_colors_info=\u00a0\u00bb{}\u00a0\u00bb][et_pb_column type=\u00a0\u00bb2_3&Prime; _builder_version=\u00a0\u00bb4.16&Prime; custom_padding=\u00a0\u00bb|||\u00a0\u00bb global_colors_info=\u00a0\u00bb{}\u00a0\u00bb custom_padding__hover=\u00a0\u00bb|||\u00a0\u00bb][et_pb_post_title date=\u00a0\u00bboff\u00a0\u00bb comments=\u00a0\u00bboff\u00a0\u00bb _builder_version=\u00a0\u00bb4.17.4&Prime; _module_preset=\u00a0\u00bbdefault\u00a0\u00bb global_colors_info=\u00a0\u00bb{}\u00a0\u00bb][\/et_pb_post_title][et_pb_text _builder_version=\u00a0\u00bb4.17.4&Prime; _module_preset=\u00a0\u00bbdefault\u00a0\u00bb link_line_height=\u00a0\u00bb1.7em\u00a0\u00bb ul_line_height=\u00a0\u00bb1.7em\u00a0\u00bb ol_line_height=\u00a0\u00bb1.7em\u00a0\u00bb quote_line_height=\u00a0\u00bb1.7em\u00a0\u00bb global_colors_info=\u00a0\u00bb{}\u00a0\u00bb]<\/p>\n<p>Vous voulez connaitre les <strong>influenceurs et influenceuses les plus populaires de Espagne <\/strong>en 2022?<\/p>\n<p>Ne bougez plus !<\/p>\n<p>Nous avons s\u00e9lectionn\u00e9 pour vous les <strong>19 plus gros influenceurs (et influenceuses) espagnols<\/strong> (espagnoles) avec <strong>plus de 1,5 millions d&rsquo;abonn\u00e9s<\/strong> sur les r\u00e9seaux sociaux.<\/p>\n<p>Pour construire cette liste nous trions et mettons \u00e0 jour toutes les donn\u00e9es des influenceurs sur les r\u00e9seaux sociaux.<\/p>\n<p>Nous totalisons les abonn\u00e9s sur Instagram, Facebook, TikTok, Youtube, Snapchat&#8230;<\/p>\n<p>Puis nous classons les influenceurs d&rsquo;<strong>Espagne<\/strong> par popularit\u00e9.<\/p>\n<p>Sans plus attendre, voici notre classement 2022 :<\/p>\n<p style=\"text-align: right;\"><em>Article mis \u00e0 jour en <strong>Septembre 2022<\/strong>.<\/em><\/p>\n<blockquote>\n<p style=\"text-align: center;\">Lire \u00e9galement : <a href=\"https:\/\/mediaboss.fr\/classement-influenceurs-france\/\" title=\"classement influenceurs france\">Classement Des 16 Influenceurs Les Plus Suivis En France<\/a><em><\/em><\/p>\n<\/blockquote>\n<p style=\"text-align: right;\"><em><\/em><\/p>\n<h2>C&rsquo;est quoi un influenceur (une influenceuse) en Espagne en 2022?<\/h2>\n<p>En 2022, un influenceur (en <strong>Espagne<\/strong> ou ailleurs) est un homme ou une femme \u00ab\u00a0<strong>leader d&rsquo;opinion locale\u00a0\u00bb.<\/strong><\/p>\n<p>Il ou elle influence les consommateurs <b>espagnols <\/b>par une pr\u00e9sence active sur le web (ex: blog, site internet, boutique&#8230;) et les r\u00e9seaux sociaux : Instagram, Facebook, TikTok, Snapchat, Twitter&#8230;<\/p>\n<p>Un influenceur (une influenceuse) peut \u00eatre r\u00e9mun\u00e9r\u00e9 par une entreprise pour faire la promotion de produits ou services.<\/p>\n<p>Les <strong>influenceurs locaux<\/strong> (ex: \u00e0 <strong>Madrid ou Barcelone<\/strong>) ne sont pas toujours r\u00e9mun\u00e9r\u00e9s.<\/p>\n<p>Ils peuvent \u00eatre tout simplement passionn\u00e9s par la <strong>Espagne<\/strong> et partager les <strong>bons plans espagnols.<\/strong><\/p>\n<h4>Micro influenceur et micro influenceuse en Espagne<\/h4>\n<p>Le terme de <strong>micro influenceur <\/strong>ou <strong>micro influenceuse<\/strong> (ou nano influenceur) est \u00e9galement utilis\u00e9 pour d\u00e9signer les influenceurs ayant peu d&rsquo;abonn\u00e9s par rapport aux gros influenceurs nationaux ou internationaux.<\/p>\n<p>Un micro influenceur (ou nano influenceur) a une port\u00e9e plut\u00f4t locale (ex: \u00e0 <strong>Madrid ou Barcelone<\/strong>&#8230;) ou r\u00e9gionale.<\/p>\n<p>Un micro influenceur a entre <strong>1 000 et 100 000 abonn\u00e9s<\/strong> environ.<\/p>\n<p>&nbsp;<\/p>\n<h2>Classement des +19 influenceurs (influenceuses) les plus populaires en Espagne en 2022<\/h2>\n<p>Les influenceurs et influenceuses en <strong>Espagne<\/strong> sont class\u00e9es par <strong>ordre d\u00e9croissant de popularit\u00e9<\/strong>.<\/p>\n<p>La popularit\u00e9 de l&rsquo;influenceur est d\u00e9finie par le total de tous les abonn\u00e9s sur les principaux r\u00e9seaux sociaux en France : Instagram, TikTok, Facebook, Snapchat&#8230;<\/p>\n<p>Nous avons donc additionn\u00e9 tous les abonn\u00e9s de chaque influenceur sur ces diff\u00e9rents r\u00e9seaux afin d&rsquo;\u00e9tablir une liste des <strong>top influenceurs de Espagne.<\/strong><\/p>\n<p>Voici notre liste des <strong>19 influenceurs et influenceuses en Espagne en 2022<\/strong> par popularit\u00e9 d\u00e9croissante (du moins populaire ou plus populaire):<\/p>\n<p style=\"text-align: right;\"><em>Donn\u00e9es mises \u00e0 jour en <strong>Juin 2022<\/strong><\/em><\/p>\n<p>&nbsp;<\/p>\n<h3>19. @sofia_suescun &#8211; 1\u202f300\u202f000 abonn\u00e9s<\/h3>\n<p>Influenceuse <strong>espagnole<\/strong><\/p>\n<ul>\n<li>1\u202f300\u202f000 abonn\u00e9s sur <strong>Instagram<\/strong> en 2022<\/li>\n<li>Vrai nom : <strong>Sofia Suescun<\/strong><\/li>\n<li>Genre : <strong>femme<\/strong><\/li>\n<li>Nationalit\u00e9 : <strong>Espagne<\/strong><\/li>\n<li>Bio Instagram : <em>\u00ab\u00a0SOFIA\ud83d\udcab<br \/>\ud83d\udccdMadrid<br \/>\ud83d\udcfa @telegenia<br \/>\ud83d\udce5 sofiasuescun@inmanagement.agency<br \/>@inmanagement\u00a0\u00bb<\/em><\/li>\n<li>Extrait photos :<\/li>\n<\/ul>\n<p><img loading=\"lazy\" decoding=\"async\" src=\"https:\/\/mediaboss.fr\/wp-content\/uploads\/influenceur-Espagne-SOFIA\ud83d\udcab-sofia_suescun-\u2022-Photos-et-videos-Instagram.jpg\" width=\"1200\" height=\"868\" alt=\"influenceur-Espagne-SOFIA\ud83d\udcab-sofia_suescun-\u2022-Photos-et-vid\u00e9os-Instagram\" class=\"wp-image-3208 aligncenter size-full\" srcset=\"https:\/\/mediaboss.fr\/wp-content\/uploads\/influenceur-Espagne-SOFIA\ud83d\udcab-sofia_suescun-\u2022-Photos-et-videos-Instagram.jpg 1200w, https:\/\/mediaboss.fr\/wp-content\/uploads\/influenceur-Espagne-SOFIA\ud83d\udcab-sofia_suescun-\u2022-Photos-et-videos-Instagram-300x217.jpg 300w, https:\/\/mediaboss.fr\/wp-content\/uploads\/influenceur-Espagne-SOFIA\ud83d\udcab-sofia_suescun-\u2022-Photos-et-videos-Instagram-768x556.jpg 768w, https:\/\/mediaboss.fr\/wp-content\/uploads\/influenceur-Espagne-SOFIA\ud83d\udcab-sofia_suescun-\u2022-Photos-et-videos-Instagram-1080x781.jpg 1080w, https:\/\/mediaboss.fr\/wp-content\/uploads\/influenceur-Espagne-SOFIA\ud83d\udcab-sofia_suescun-\u2022-Photos-et-videos-Instagram-980x709.jpg 980w, https:\/\/mediaboss.fr\/wp-content\/uploads\/influenceur-Espagne-SOFIA\ud83d\udcab-sofia_suescun-\u2022-Photos-et-videos-Instagram-480x347.jpg 480w\" sizes=\"(max-width: 1200px) 100vw, 1200px\" \/><\/p>\n<p>&nbsp;<\/p>\n<h3>18. @rocio0sorno &#8211; 1\u202f500\u202f000 abonn\u00e9s<\/h3>\n<p>Influenceuse <strong>espagnole<\/strong><\/p>\n<ul>\n<li>1\u202f500\u202f000 abonn\u00e9s sur <strong>Instagram<\/strong> en 2022<\/li>\n<li>Vrai nom : <strong>Rocio Osorno<\/strong><\/li>\n<li>Genre : <strong>femme<\/strong><\/li>\n<li>Nationalit\u00e9 : <strong>Espagne<\/strong><\/li>\n<li>Bio Instagram : <em>\u00ab\u00a0Roci\u0301o Osorno<br \/>My never-ending story\ud83e\ude90<br \/>@rocioosornostudio\u00a0\u00bb<\/em><\/li>\n<li>Extrait photos :<\/li>\n<\/ul>\n<p><img loading=\"lazy\" decoding=\"async\" src=\"https:\/\/mediaboss.fr\/wp-content\/uploads\/influenceur-Espagne-Roci\u0301o-Osorno-rocio0sorno-\u2022-Photos-et-videos-Instagram.jpg\" width=\"1204\" height=\"858\" alt=\"influenceur-Espagne-Roci\u0301o-Osorno-rocio0sorno-\u2022-Photos-et-vid\u00e9os-Instagram\" class=\"wp-image-3206 aligncenter size-full\" srcset=\"https:\/\/mediaboss.fr\/wp-content\/uploads\/influenceur-Espagne-Roci\u0301o-Osorno-rocio0sorno-\u2022-Photos-et-videos-Instagram.jpg 1204w, https:\/\/mediaboss.fr\/wp-content\/uploads\/influenceur-Espagne-Roci\u0301o-Osorno-rocio0sorno-\u2022-Photos-et-videos-Instagram-300x214.jpg 300w, https:\/\/mediaboss.fr\/wp-content\/uploads\/influenceur-Espagne-Roci\u0301o-Osorno-rocio0sorno-\u2022-Photos-et-videos-Instagram-1200x855.jpg 1200w, https:\/\/mediaboss.fr\/wp-content\/uploads\/influenceur-Espagne-Roci\u0301o-Osorno-rocio0sorno-\u2022-Photos-et-videos-Instagram-768x547.jpg 768w, https:\/\/mediaboss.fr\/wp-content\/uploads\/influenceur-Espagne-Roci\u0301o-Osorno-rocio0sorno-\u2022-Photos-et-videos-Instagram-400x284.jpg 400w, https:\/\/mediaboss.fr\/wp-content\/uploads\/influenceur-Espagne-Roci\u0301o-Osorno-rocio0sorno-\u2022-Photos-et-videos-Instagram-1080x770.jpg 1080w, https:\/\/mediaboss.fr\/wp-content\/uploads\/influenceur-Espagne-Roci\u0301o-Osorno-rocio0sorno-\u2022-Photos-et-videos-Instagram-980x698.jpg 980w, https:\/\/mediaboss.fr\/wp-content\/uploads\/influenceur-Espagne-Roci\u0301o-Osorno-rocio0sorno-\u2022-Photos-et-videos-Instagram-480x342.jpg 480w\" sizes=\"(max-width: 1204px) 100vw, 1204px\" \/><\/p>\n<p>&nbsp;<\/p>\n<h3>17. @verdeliss &#8211; 1\u202f500\u202f000 abonn\u00e9s<\/h3>\n<p>Influenceuse <strong>espagnole<\/strong><\/p>\n<ul>\n<li>1\u202f500\u202f000 abonn\u00e9s sur <strong>Instagram<\/strong> en 2022<\/li>\n<li>Vrai nom : <strong>nc<\/strong><\/li>\n<li>Genre : <strong>femme<\/strong><\/li>\n<li>Nationalit\u00e9 : <strong>Espagne<\/strong><\/li>\n<li>Bio Instagram : <em>\u00ab\u00a0verdeliss<br \/>Personnalit\u00e9 publique<br \/>Mujer &amp; Madre \ud83d\udeba Lifestyle, care, gym, conscious<br \/>\ud83c\udf3f @greencornerss :mi marca de cosm\u00e9tica natural y eficaz<br \/>Email (profesional): madreverdeliss@gmail.com\u00a0\u00bb<\/em><\/li>\n<li>Extrait photos :<\/li>\n<\/ul>\n<p><img loading=\"lazy\" decoding=\"async\" src=\"https:\/\/mediaboss.fr\/wp-content\/uploads\/influenceur-Espagne-verdeliss-\u2022-Photos-et-videos-Instagram.jpg\" width=\"1202\" height=\"879\" alt=\"influenceur-Espagne--verdeliss-\u2022-Photos-et-vid\u00e9os-Instagram\" class=\"wp-image-3205 aligncenter size-full\" srcset=\"https:\/\/mediaboss.fr\/wp-content\/uploads\/influenceur-Espagne-verdeliss-\u2022-Photos-et-videos-Instagram.jpg 1202w, https:\/\/mediaboss.fr\/wp-content\/uploads\/influenceur-Espagne-verdeliss-\u2022-Photos-et-videos-Instagram-300x219.jpg 300w, https:\/\/mediaboss.fr\/wp-content\/uploads\/influenceur-Espagne-verdeliss-\u2022-Photos-et-videos-Instagram-1200x878.jpg 1200w, https:\/\/mediaboss.fr\/wp-content\/uploads\/influenceur-Espagne-verdeliss-\u2022-Photos-et-videos-Instagram-768x562.jpg 768w, https:\/\/mediaboss.fr\/wp-content\/uploads\/influenceur-Espagne-verdeliss-\u2022-Photos-et-videos-Instagram-1080x790.jpg 1080w, https:\/\/mediaboss.fr\/wp-content\/uploads\/influenceur-Espagne-verdeliss-\u2022-Photos-et-videos-Instagram-980x717.jpg 980w, https:\/\/mediaboss.fr\/wp-content\/uploads\/influenceur-Espagne-verdeliss-\u2022-Photos-et-videos-Instagram-480x351.jpg 480w\" sizes=\"(max-width: 1202px) 100vw, 1202px\" \/><\/p>\n<p>&nbsp;<\/p>\n<h3>16. @galagonzalez &#8211; 1\u202f500\u202f000 abonn\u00e9s<\/h3>\n<p>Influenceuse <strong>espagnole<\/strong><\/p>\n<ul>\n<li>1\u202f500\u202f000 abonn\u00e9s sur <strong>Instagram<\/strong> en 2022<\/li>\n<li>Vrai nom : <strong>Gala Gonzalez<\/strong><\/li>\n<li>Genre : <strong>femme<\/strong><\/li>\n<li>Nationalit\u00e9 : <strong>Espagne<\/strong><\/li>\n<li>Bio Instagram : <em>\u00ab\u00a0Gala Gonzalez<br \/>Founder &amp; Creative Director @Amlul<br \/>Forbes 100 most creative\u00a0\u00bb<\/em><\/li>\n<li>Extrait photos :<\/li>\n<\/ul>\n<p><img loading=\"lazy\" decoding=\"async\" src=\"https:\/\/mediaboss.fr\/wp-content\/uploads\/influenceur-Espagne-Gala-Gonzalez-galagonzalez-\u2022-Photos-et-videos-Instagram.jpg\" width=\"1202\" height=\"872\" alt=\"influenceur-Espagne-Gala-Gonzalez-galagonzalez-\u2022-Photos-et-vid\u00e9os-Instagram\" class=\"wp-image-3204 aligncenter size-full\" srcset=\"https:\/\/mediaboss.fr\/wp-content\/uploads\/influenceur-Espagne-Gala-Gonzalez-galagonzalez-\u2022-Photos-et-videos-Instagram.jpg 1202w, https:\/\/mediaboss.fr\/wp-content\/uploads\/influenceur-Espagne-Gala-Gonzalez-galagonzalez-\u2022-Photos-et-videos-Instagram-300x218.jpg 300w, https:\/\/mediaboss.fr\/wp-content\/uploads\/influenceur-Espagne-Gala-Gonzalez-galagonzalez-\u2022-Photos-et-videos-Instagram-1200x871.jpg 1200w, https:\/\/mediaboss.fr\/wp-content\/uploads\/influenceur-Espagne-Gala-Gonzalez-galagonzalez-\u2022-Photos-et-videos-Instagram-768x557.jpg 768w, https:\/\/mediaboss.fr\/wp-content\/uploads\/influenceur-Espagne-Gala-Gonzalez-galagonzalez-\u2022-Photos-et-videos-Instagram-1080x783.jpg 1080w, https:\/\/mediaboss.fr\/wp-content\/uploads\/influenceur-Espagne-Gala-Gonzalez-galagonzalez-\u2022-Photos-et-videos-Instagram-980x711.jpg 980w, https:\/\/mediaboss.fr\/wp-content\/uploads\/influenceur-Espagne-Gala-Gonzalez-galagonzalez-\u2022-Photos-et-videos-Instagram-480x348.jpg 480w\" sizes=\"(max-width: 1202px) 100vw, 1202px\" \/><\/p>\n<p>&nbsp;<\/p>\n<h3>15. @carlosriosq &#8211; 1\u202f500\u202f000 abonn\u00e9s<\/h3>\n<p>Influenceur <strong>espagnol<\/strong><\/p>\n<ul>\n<li>1\u202f500\u202f000 abonn\u00e9s sur <strong>Instagram<\/strong> en 2022<\/li>\n<li>Vrai nom : <strong>Carlos Rios<\/strong><\/li>\n<li>Genre : <strong>homme<\/strong><\/li>\n<li>Nationalit\u00e9 : <strong>Espagne<\/strong><\/li>\n<li>Bio Instagram : <em>\u00ab\u00a0Carlos Ri\u0301os<br \/>Personnalit\u00e9 publique<br \/>Hay que confiar en el PLAN \ud83d\udcd3<br \/>&#8211;<br \/>Creador de @realfooding @realfooding.market @myrealfood_app<br \/>&#8211;<br \/>Descarga gratis nuestra app \ud83d\udc47\ud83c\udffc\u00a0\u00bb<\/em><\/li>\n<li>Extrait photos :<\/li>\n<\/ul>\n<p><img loading=\"lazy\" decoding=\"async\" src=\"https:\/\/mediaboss.fr\/wp-content\/uploads\/influenceur-Espagne-Carlos-Ri\u0301os-carlosriosq-\u2022-Photos-et-videos-Instagram.jpg\" width=\"1203\" height=\"873\" alt=\"influenceur-Espagne-Carlos-Ri\u0301os-carlosriosq-\u2022-Photos-et-vid\u00e9os-Instagram\" class=\"wp-image-3203 aligncenter size-full\" srcset=\"https:\/\/mediaboss.fr\/wp-content\/uploads\/influenceur-Espagne-Carlos-Ri\u0301os-carlosriosq-\u2022-Photos-et-videos-Instagram.jpg 1203w, https:\/\/mediaboss.fr\/wp-content\/uploads\/influenceur-Espagne-Carlos-Ri\u0301os-carlosriosq-\u2022-Photos-et-videos-Instagram-300x218.jpg 300w, https:\/\/mediaboss.fr\/wp-content\/uploads\/influenceur-Espagne-Carlos-Ri\u0301os-carlosriosq-\u2022-Photos-et-videos-Instagram-1200x871.jpg 1200w, https:\/\/mediaboss.fr\/wp-content\/uploads\/influenceur-Espagne-Carlos-Ri\u0301os-carlosriosq-\u2022-Photos-et-videos-Instagram-768x557.jpg 768w, https:\/\/mediaboss.fr\/wp-content\/uploads\/influenceur-Espagne-Carlos-Ri\u0301os-carlosriosq-\u2022-Photos-et-videos-Instagram-1080x784.jpg 1080w, https:\/\/mediaboss.fr\/wp-content\/uploads\/influenceur-Espagne-Carlos-Ri\u0301os-carlosriosq-\u2022-Photos-et-videos-Instagram-980x711.jpg 980w, https:\/\/mediaboss.fr\/wp-content\/uploads\/influenceur-Espagne-Carlos-Ri\u0301os-carlosriosq-\u2022-Photos-et-videos-Instagram-480x348.jpg 480w\" sizes=\"(max-width: 1203px) 100vw, 1203px\" \/><\/p>\n<p>&nbsp;<\/p>\n<h3>14. @mariapombo &#8211; 2\u202f600\u202f000 abonn\u00e9s<\/h3>\n<p>Influenceuse <strong>espagnole<\/strong><\/p>\n<ul>\n<li>2\u202f600\u202f000 abonn\u00e9s sur <strong>Instagram<\/strong> en 2022<\/li>\n<li>Vrai nom : <strong>Maria Pombo<\/strong><\/li>\n<li>Genre : <strong>femme<\/strong><\/li>\n<li>Nationalit\u00e9 : <strong>Espagne<\/strong><\/li>\n<li>Bio Instagram : <em>\u00ab\u00a0MARIA POMBO<br \/>Personnalit\u00e9 publique<br \/>Nunca jama\u0301s compares tu felicidad, tu cuerpo, tus relaciones, ni tus metas en la vida con NADIE.\ud83c\udf92<br \/>@name.thebrand , @tipitent &amp; @suavefest\u00a0\u00bb<\/em><\/li>\n<li>Extrait photos :<\/li>\n<\/ul>\n<p><img loading=\"lazy\" decoding=\"async\" src=\"https:\/\/mediaboss.fr\/wp-content\/uploads\/influenceur-Espagne-MARIA-POMBO-mariapombo-\u2022-Photos-et-videos-Instagram.jpg\" width=\"1200\" height=\"857\" alt=\"influenceur-Espagne-MARIA-POMBO-mariapombo-\u2022-Photos-et-vid\u00e9os-Instagram\" class=\"wp-image-3201 aligncenter size-full\" srcset=\"https:\/\/mediaboss.fr\/wp-content\/uploads\/influenceur-Espagne-MARIA-POMBO-mariapombo-\u2022-Photos-et-videos-Instagram.jpg 1200w, https:\/\/mediaboss.fr\/wp-content\/uploads\/influenceur-Espagne-MARIA-POMBO-mariapombo-\u2022-Photos-et-videos-Instagram-300x214.jpg 300w, https:\/\/mediaboss.fr\/wp-content\/uploads\/influenceur-Espagne-MARIA-POMBO-mariapombo-\u2022-Photos-et-videos-Instagram-768x548.jpg 768w, https:\/\/mediaboss.fr\/wp-content\/uploads\/influenceur-Espagne-MARIA-POMBO-mariapombo-\u2022-Photos-et-videos-Instagram-1080x771.jpg 1080w, https:\/\/mediaboss.fr\/wp-content\/uploads\/influenceur-Espagne-MARIA-POMBO-mariapombo-\u2022-Photos-et-videos-Instagram-980x700.jpg 980w, https:\/\/mediaboss.fr\/wp-content\/uploads\/influenceur-Espagne-MARIA-POMBO-mariapombo-\u2022-Photos-et-videos-Instagram-480x343.jpg 480w\" sizes=\"(max-width: 1200px) 100vw, 1200px\" \/><\/p>\n<p>&nbsp;<\/p>\n<h3>13. @alexandrapereira &#8211; 2\u202f666\u202f700 abonn\u00e9s<\/h3>\n<p>Influenceuse <strong>espagnole<\/strong><\/p>\n<ul>\n<li>2\u202f200\u202f000 abonn\u00e9s sur <strong>Instagram<\/strong> en 2022<\/li>\n<li>257 700 abonn\u00e9s sur <strong>TikTok<\/strong><\/li>\n<li>209 000 sur <strong>YouTube<\/strong><\/li>\n<li>Vrai nom : <strong>Alexandra Pereira<\/strong><\/li>\n<li>Genre : <strong>femme<\/strong><\/li>\n<li>Nationalit\u00e9 : <strong>Espagne<\/strong><\/li>\n<li>Bio Instagram : <em>\u00ab\u00a0Alexandra Pereira<br \/>Entrepreneur<br \/>Fashion \u2022 Beauty \u2022 Lifestyle<br \/>info@lovely-pepa.com<br \/>TikTok: alexandrapereira\u00a0\u00bb<\/em><\/li>\n<li>Extrait photos :<\/li>\n<\/ul>\n<p><img loading=\"lazy\" decoding=\"async\" src=\"https:\/\/mediaboss.fr\/wp-content\/uploads\/influenceur-Espagne-Alexandra-Pereira-alexandrapereira-\u2022-Photos-et-videos-Instagram.jpg\" width=\"1202\" height=\"869\" alt=\"influenceur-Espagne-Alexandra-Pereira-alexandrapereira-\u2022-Photos-et-vid\u00e9os-Instagram\" class=\"wp-image-3202 aligncenter size-full\" srcset=\"https:\/\/mediaboss.fr\/wp-content\/uploads\/influenceur-Espagne-Alexandra-Pereira-alexandrapereira-\u2022-Photos-et-videos-Instagram.jpg 1202w, https:\/\/mediaboss.fr\/wp-content\/uploads\/influenceur-Espagne-Alexandra-Pereira-alexandrapereira-\u2022-Photos-et-videos-Instagram-300x217.jpg 300w, https:\/\/mediaboss.fr\/wp-content\/uploads\/influenceur-Espagne-Alexandra-Pereira-alexandrapereira-\u2022-Photos-et-videos-Instagram-1200x868.jpg 1200w, https:\/\/mediaboss.fr\/wp-content\/uploads\/influenceur-Espagne-Alexandra-Pereira-alexandrapereira-\u2022-Photos-et-videos-Instagram-768x555.jpg 768w, https:\/\/mediaboss.fr\/wp-content\/uploads\/influenceur-Espagne-Alexandra-Pereira-alexandrapereira-\u2022-Photos-et-videos-Instagram-1080x781.jpg 1080w, https:\/\/mediaboss.fr\/wp-content\/uploads\/influenceur-Espagne-Alexandra-Pereira-alexandrapereira-\u2022-Photos-et-videos-Instagram-980x709.jpg 980w, https:\/\/mediaboss.fr\/wp-content\/uploads\/influenceur-Espagne-Alexandra-Pereira-alexandrapereira-\u2022-Photos-et-videos-Instagram-480x347.jpg 480w\" sizes=\"(max-width: 1202px) 100vw, 1202px\" \/><\/p>\n<p>&nbsp;<\/p>\n<h3>12. @saracarbonero &#8211; 3\u202f300\u202f000 abonn\u00e9s<\/h3>\n<p>Influenceuse <strong>espagnole<\/strong><\/p>\n<ul>\n<li>3\u202f300\u202f000 abonn\u00e9s sur <strong>Instagram<\/strong> en 2022<\/li>\n<li>Vrai nom : <strong>Sara Carbonero<\/strong><\/li>\n<li>Genre : <strong>femme<\/strong><\/li>\n<li>Nationalit\u00e9 : <strong>Espagne<\/strong><\/li>\n<li>Bio Instagram : <em>\u00ab\u00a0Sara Carbonero<br \/>M\u00e9dia<br \/>Mam\u00e1,periodista,Embajadora de Unicef Comit\u00e9 Espa\u00f1ol.<br \/>@slowloveoficial .<br \/>\u201cQue siga el baile\u201d en @radio_marca.<br \/>Ser\u00eda imposible vivir sin m\u00fasica.\u00a0\u00bb<\/em><\/li>\n<li>Extrait photos :<\/li>\n<\/ul>\n<p><img loading=\"lazy\" decoding=\"async\" src=\"https:\/\/mediaboss.fr\/wp-content\/uploads\/influenceur-Espagne-Sara-Carbonero-saracarbonero-\u2022-Photos-et-videos-Instagram.jpg\" width=\"1200\" height=\"870\" alt=\"influenceur-Espagne-Sara-Carbonero-saracarbonero-\u2022-Photos-et-vid\u00e9os-Instagram\" class=\"wp-image-3199 aligncenter size-full\" srcset=\"https:\/\/mediaboss.fr\/wp-content\/uploads\/influenceur-Espagne-Sara-Carbonero-saracarbonero-\u2022-Photos-et-videos-Instagram.jpg 1200w, https:\/\/mediaboss.fr\/wp-content\/uploads\/influenceur-Espagne-Sara-Carbonero-saracarbonero-\u2022-Photos-et-videos-Instagram-300x218.jpg 300w, https:\/\/mediaboss.fr\/wp-content\/uploads\/influenceur-Espagne-Sara-Carbonero-saracarbonero-\u2022-Photos-et-videos-Instagram-768x557.jpg 768w, https:\/\/mediaboss.fr\/wp-content\/uploads\/influenceur-Espagne-Sara-Carbonero-saracarbonero-\u2022-Photos-et-videos-Instagram-1080x783.jpg 1080w, https:\/\/mediaboss.fr\/wp-content\/uploads\/influenceur-Espagne-Sara-Carbonero-saracarbonero-\u2022-Photos-et-videos-Instagram-980x711.jpg 980w, https:\/\/mediaboss.fr\/wp-content\/uploads\/influenceur-Espagne-Sara-Carbonero-saracarbonero-\u2022-Photos-et-videos-Instagram-480x348.jpg 480w\" sizes=\"(max-width: 1200px) 100vw, 1200px\" \/><\/p>\n<p>&nbsp;<\/p>\n<h3>11. @dulceida &#8211; 5\u202f280\u202f000 abonn\u00e9s<\/h3>\n<p>Influenceuse <strong>espagnole<\/strong><\/p>\n<ul>\n<li>3\u202f100\u202f000 abonn\u00e9s sur <strong>Instagram<\/strong> en 2022<\/li>\n<li><span data-sheets-value=\"{&quot;1&quot;:3,&quot;3&quot;:2180000}\" data-sheets-userformat=\"{&quot;2&quot;:33555005,&quot;3&quot;:{&quot;1&quot;:2,&quot;2&quot;:&quot;#,##0&quot;,&quot;3&quot;:1},&quot;5&quot;:{&quot;1&quot;:[{&quot;1&quot;:2,&quot;2&quot;:0,&quot;5&quot;:{&quot;1&quot;:2,&quot;2&quot;:0}},{&quot;1&quot;:0,&quot;2&quot;:0,&quot;3&quot;:3},{&quot;1&quot;:1,&quot;2&quot;:0,&quot;4&quot;:1}]},&quot;6&quot;:{&quot;1&quot;:[{&quot;1&quot;:2,&quot;2&quot;:0,&quot;5&quot;:{&quot;1&quot;:2,&quot;2&quot;:0}},{&quot;1&quot;:0,&quot;2&quot;:0,&quot;3&quot;:3},{&quot;1&quot;:1,&quot;2&quot;:0,&quot;4&quot;:1}]},&quot;7&quot;:{&quot;1&quot;:[{&quot;1&quot;:2,&quot;2&quot;:0,&quot;5&quot;:{&quot;1&quot;:2,&quot;2&quot;:0}},{&quot;1&quot;:0,&quot;2&quot;:0,&quot;3&quot;:3},{&quot;1&quot;:1,&quot;2&quot;:0,&quot;4&quot;:1}]},&quot;8&quot;:{&quot;1&quot;:[{&quot;1&quot;:2,&quot;2&quot;:0,&quot;5&quot;:{&quot;1&quot;:2,&quot;2&quot;:0}},{&quot;1&quot;:0,&quot;2&quot;:0,&quot;3&quot;:3},{&quot;1&quot;:1,&quot;2&quot;:0,&quot;4&quot;:1}]},&quot;12&quot;:0,&quot;28&quot;:1}\">2\u202f180\u202f000 abonn\u00e9s sur <strong>YouTube<\/strong><\/span><\/li>\n<li>Vrai nom : <strong>Aida Domenech<\/strong><\/li>\n<li>Genre : <strong>femme<\/strong><\/li>\n<li>Nationalit\u00e9 : <strong>Espagne<\/strong><\/li>\n<li>Bio Instagram : <em>\u00ab\u00a0Aida Domenech<br \/>Blog personnel<br \/>\ud83d\ude4b\ud83c\udffb Dreamer<br \/>\ud83c\udfc6 @premiosidolo<br \/>\ud83e\udef6\ud83c\udffc @inmanagement<br \/>\ud83d\udda5 Dulceida.com<br \/>\ud83d\udccd Barcelona<br \/>\u25b6\ufe0f NUEVO V\u00cdDEO<br \/>\ud83d\udc47\ud83c\udffc\ud83d\udc47\ud83c\udffc\ud83d\udc47\ud83c\udffc\ud83d\udc47\ud83c\udffc\ud83d\udc47\ud83c\udffc\ud83d\udc47\ud83c\udffc\u00a0\u00bb<\/em><\/li>\n<li>Extrait photos :<\/li>\n<\/ul>\n<p><img loading=\"lazy\" decoding=\"async\" src=\"https:\/\/mediaboss.fr\/wp-content\/uploads\/influenceur-Espagne-Aida-Domenech-dulceida-\u2022-Photos-et-videos-Instagram.jpg\" width=\"1200\" height=\"860\" alt=\"influenceur-Espagne-Aida-Domenech-dulceida-\u2022-Photos-et-vid\u00e9os-Instagram\" class=\"wp-image-3200 aligncenter size-full\" srcset=\"https:\/\/mediaboss.fr\/wp-content\/uploads\/influenceur-Espagne-Aida-Domenech-dulceida-\u2022-Photos-et-videos-Instagram.jpg 1200w, https:\/\/mediaboss.fr\/wp-content\/uploads\/influenceur-Espagne-Aida-Domenech-dulceida-\u2022-Photos-et-videos-Instagram-300x215.jpg 300w, https:\/\/mediaboss.fr\/wp-content\/uploads\/influenceur-Espagne-Aida-Domenech-dulceida-\u2022-Photos-et-videos-Instagram-768x550.jpg 768w, https:\/\/mediaboss.fr\/wp-content\/uploads\/influenceur-Espagne-Aida-Domenech-dulceida-\u2022-Photos-et-videos-Instagram-1080x774.jpg 1080w, https:\/\/mediaboss.fr\/wp-content\/uploads\/influenceur-Espagne-Aida-Domenech-dulceida-\u2022-Photos-et-videos-Instagram-980x702.jpg 980w, https:\/\/mediaboss.fr\/wp-content\/uploads\/influenceur-Espagne-Aida-Domenech-dulceida-\u2022-Photos-et-videos-Instagram-480x344.jpg 480w\" sizes=\"(max-width: 1200px) 100vw, 1200px\" \/><\/p>\n<p>&nbsp;<\/p>\n<h2>Top 10 influenceurs et influenceuses en Espagne (2022)<\/h2>\n<p>Et voici la liste ultime des 10 plus gros influenceurs (influenceuses) en Espagne en 2022 :<\/p>\n<p>&nbsp;<\/p>\n<h3>10. @saschafitness &#8211; 9\u202f500\u202f000 abonn\u00e9s<\/h3>\n<p>Influenceuse <strong>espagnole<\/strong><\/p>\n<ul>\n<li>5\u202f000\u202f000 abonn\u00e9s sur <strong>Instagram<\/strong> en 2022<\/li>\n<li>1 900 000 abonn\u00e9s sur <strong>YouTube<\/strong><\/li>\n<li>1 400 000 abonn\u00e9s sur <strong>Facebook<\/strong><\/li>\n<li>1 200 000 abonn\u00e9s sur <strong>Twitter<\/strong><\/li>\n<li>Vrai nom : <strong>Sascha Barboza<\/strong><\/li>\n<li>Genre : <strong>femme<\/strong><\/li>\n<li>Nationalit\u00e9 : <strong>Espagne<\/strong><\/li>\n<li>Bio Instagram : <em>\u00ab\u00a0Sascha Barboza<br \/>Fitness-Nutrition Coach<br \/>CEO- Sascha Fitness Corp<br \/>Book author<br \/>Mam\u00e1<br \/>Youtube: Sascha Fitness<br \/>\ud83d\udce7info@saschafitness.com<br \/>@saschafitnessmarket<br \/>\ud83d\uded2\u2b07\ufe0fShop\u00a0\u00bb<\/em><\/li>\n<li>Extrait photos :<\/li>\n<\/ul>\n<p><img loading=\"lazy\" decoding=\"async\" src=\"https:\/\/mediaboss.fr\/wp-content\/uploads\/influenceur-Espagne-Sascha-Barboza-saschafitness-\u2022-Photos-et-videos-Instagram.jpg\" width=\"1200\" height=\"861\" alt=\"influenceur-Espagne-Sascha-Barboza-saschafitness-\u2022-Photos-et-vid\u00e9os-Instagram\" class=\"wp-image-3198 aligncenter size-full\" srcset=\"https:\/\/mediaboss.fr\/wp-content\/uploads\/influenceur-Espagne-Sascha-Barboza-saschafitness-\u2022-Photos-et-videos-Instagram.jpg 1200w, https:\/\/mediaboss.fr\/wp-content\/uploads\/influenceur-Espagne-Sascha-Barboza-saschafitness-\u2022-Photos-et-videos-Instagram-300x215.jpg 300w, https:\/\/mediaboss.fr\/wp-content\/uploads\/influenceur-Espagne-Sascha-Barboza-saschafitness-\u2022-Photos-et-videos-Instagram-768x551.jpg 768w, https:\/\/mediaboss.fr\/wp-content\/uploads\/influenceur-Espagne-Sascha-Barboza-saschafitness-\u2022-Photos-et-videos-Instagram-1080x775.jpg 1080w, https:\/\/mediaboss.fr\/wp-content\/uploads\/influenceur-Espagne-Sascha-Barboza-saschafitness-\u2022-Photos-et-videos-Instagram-980x703.jpg 980w, https:\/\/mediaboss.fr\/wp-content\/uploads\/influenceur-Espagne-Sascha-Barboza-saschafitness-\u2022-Photos-et-videos-Instagram-480x344.jpg 480w\" sizes=\"(max-width: 1200px) 100vw, 1200px\" \/><\/p>\n<p>&nbsp;<\/p>\n<h3>9. @patryjordan\u00a0 &#8211; 13\u202f900\u202f000 abonn\u00e9s<\/h3>\n<p>Influenceuse <strong>espagnole<\/strong><\/p>\n<ul>\n<li>1\u202f400\u202f000 abonn\u00e9s sur <strong>Instagram<\/strong> en 2022<\/li>\n<li>12 500 000 abonn\u00e9s sur <strong>YouTube<\/strong><\/li>\n<li>Vrai nom : <strong>Jordan Patry<\/strong><\/li>\n<li>Genre : <strong>femme<\/strong><\/li>\n<li>Nationalit\u00e9 : <strong>Espagne<\/strong><\/li>\n<li>Bio Instagram : <em>\u00ab\u00a0Patry Jorda\u0301n\ud83d\udc8b<br \/>Personnalit\u00e9 publique<br \/>Aventurera, inquieta y apasionada de mi trabajo\u270c\ud83c\udffb<br \/>\ud83d\udce9 colaboraciones@secretosdechicas.com<br \/>La comunidad m\u00e1s ca\u00f1era @gymvirtual_com\ud83d\udd25\u00a0\u00bb<\/em><\/li>\n<li>Extrait photos :<\/li>\n<\/ul>\n<p><img loading=\"lazy\" decoding=\"async\" src=\"https:\/\/mediaboss.fr\/wp-content\/uploads\/influenceur-Espagne-Patry-Jorda\u0301n\ud83d\udc8b-patryjordan-\u2022-Photos-et-videos-Instagram.jpg\" width=\"1200\" height=\"884\" alt=\"influenceur-Espagne-Patry-Jorda\u0301n\ud83d\udc8b-patryjordan-\u2022-Photos-et-vid\u00e9os-Instagram\" class=\"wp-image-3207 aligncenter size-full\" srcset=\"https:\/\/mediaboss.fr\/wp-content\/uploads\/influenceur-Espagne-Patry-Jorda\u0301n\ud83d\udc8b-patryjordan-\u2022-Photos-et-videos-Instagram.jpg 1200w, https:\/\/mediaboss.fr\/wp-content\/uploads\/influenceur-Espagne-Patry-Jorda\u0301n\ud83d\udc8b-patryjordan-\u2022-Photos-et-videos-Instagram-300x221.jpg 300w, https:\/\/mediaboss.fr\/wp-content\/uploads\/influenceur-Espagne-Patry-Jorda\u0301n\ud83d\udc8b-patryjordan-\u2022-Photos-et-videos-Instagram-768x566.jpg 768w, https:\/\/mediaboss.fr\/wp-content\/uploads\/influenceur-Espagne-Patry-Jorda\u0301n\ud83d\udc8b-patryjordan-\u2022-Photos-et-videos-Instagram-1080x796.jpg 1080w, https:\/\/mediaboss.fr\/wp-content\/uploads\/influenceur-Espagne-Patry-Jorda\u0301n\ud83d\udc8b-patryjordan-\u2022-Photos-et-videos-Instagram-980x722.jpg 980w, https:\/\/mediaboss.fr\/wp-content\/uploads\/influenceur-Espagne-Patry-Jorda\u0301n\ud83d\udc8b-patryjordan-\u2022-Photos-et-videos-Instagram-480x354.jpg 480w\" sizes=\"(max-width: 1200px) 100vw, 1200px\" \/><\/p>\n<p>&nbsp;<\/p>\n<h3>8. @rosalia.vt &#8211; 20\u202f700\u202f000 abonn\u00e9s<\/h3>\n<p>Influenceuse <strong>espagnole<\/strong><\/p>\n<ul>\n<li>20\u202f700\u202f000 abonn\u00e9s sur <strong>Instagram<\/strong> en 2022<\/li>\n<li>Vrai nom : <strong>nc<\/strong><\/li>\n<li>Genre : <strong>femme<\/strong><\/li>\n<li>Nationalit\u00e9 : <strong>Espagne<\/strong><\/li>\n<li>Bio Instagram : <em>\u00ab\u00a0LA ROSALI\u0301A\u00a0\u00bb<\/em><\/li>\n<li>Extrait photos :<\/li>\n<\/ul>\n<p><img loading=\"lazy\" decoding=\"async\" src=\"https:\/\/mediaboss.fr\/wp-content\/uploads\/influenceur-Espagne-LA-ROSALI\u0301A-rosalia-vt-\u2022-Photos-et-videos-Instagram.jpg\" width=\"1200\" height=\"873\" alt=\"influenceur-Espagne-LA-ROSALI\u0301A-rosalia-vt-\u2022-Photos-et-vid\u00e9os-Instagram\" class=\"wp-image-3196 aligncenter size-full\" srcset=\"https:\/\/mediaboss.fr\/wp-content\/uploads\/influenceur-Espagne-LA-ROSALI\u0301A-rosalia-vt-\u2022-Photos-et-videos-Instagram.jpg 1200w, https:\/\/mediaboss.fr\/wp-content\/uploads\/influenceur-Espagne-LA-ROSALI\u0301A-rosalia-vt-\u2022-Photos-et-videos-Instagram-300x218.jpg 300w, https:\/\/mediaboss.fr\/wp-content\/uploads\/influenceur-Espagne-LA-ROSALI\u0301A-rosalia-vt-\u2022-Photos-et-videos-Instagram-768x559.jpg 768w, https:\/\/mediaboss.fr\/wp-content\/uploads\/influenceur-Espagne-LA-ROSALI\u0301A-rosalia-vt-\u2022-Photos-et-videos-Instagram-1080x786.jpg 1080w, https:\/\/mediaboss.fr\/wp-content\/uploads\/influenceur-Espagne-LA-ROSALI\u0301A-rosalia-vt-\u2022-Photos-et-videos-Instagram-980x713.jpg 980w, https:\/\/mediaboss.fr\/wp-content\/uploads\/influenceur-Espagne-LA-ROSALI\u0301A-rosalia-vt-\u2022-Photos-et-videos-Instagram-480x349.jpg 480w\" sizes=\"(max-width: 1200px) 100vw, 1200px\" \/><\/p>\n<p>&nbsp;<\/p>\n<h3>7. @willyrex &#8211; 28\u202f100\u202f000 abonn\u00e9s<\/h3>\n<p>Influenceuse <strong>espagnol<\/strong><\/p>\n<ul>\n<li>8\u202f600\u202f000 abonn\u00e9s sur <strong>Instagram<\/strong> en 2022<\/li>\n<li>2 500 000 abonn\u00e9s sur <strong>Facebook<\/strong><\/li>\n<li>Vrai nom : <strong>nc<\/strong><\/li>\n<li>Genre : <strong>homme<\/strong><\/li>\n<li>Nationalit\u00e9 : <strong>Espagne<\/strong><\/li>\n<li>Bio Instagram : <em>\u00ab\u00a0Willyrex<br \/>Personnalit\u00e9 publique<br \/>Willyrex y TheWillyrex en Youtube! @WillyrexYT en Twitter! TheWillyrexOficial en FB! @madlions_loles Owner y @rawsuperdrink \ud83d\udd0b\u00a0\u00bb<\/em><\/li>\n<li>Extrait photos :<\/li>\n<\/ul>\n<p><img loading=\"lazy\" decoding=\"async\" src=\"https:\/\/mediaboss.fr\/wp-content\/uploads\/influenceur-Espagne-Willyrex-willyrex-\u2022-Photos-et-videos-Instagram.jpg\" width=\"1200\" height=\"867\" alt=\"\" class=\"wp-image-3195 aligncenter size-full\" srcset=\"https:\/\/mediaboss.fr\/wp-content\/uploads\/influenceur-Espagne-Willyrex-willyrex-\u2022-Photos-et-videos-Instagram.jpg 1200w, https:\/\/mediaboss.fr\/wp-content\/uploads\/influenceur-Espagne-Willyrex-willyrex-\u2022-Photos-et-videos-Instagram-300x217.jpg 300w, https:\/\/mediaboss.fr\/wp-content\/uploads\/influenceur-Espagne-Willyrex-willyrex-\u2022-Photos-et-videos-Instagram-768x555.jpg 768w, https:\/\/mediaboss.fr\/wp-content\/uploads\/influenceur-Espagne-Willyrex-willyrex-\u2022-Photos-et-videos-Instagram-1080x780.jpg 1080w, https:\/\/mediaboss.fr\/wp-content\/uploads\/influenceur-Espagne-Willyrex-willyrex-\u2022-Photos-et-videos-Instagram-980x708.jpg 980w, https:\/\/mediaboss.fr\/wp-content\/uploads\/influenceur-Espagne-Willyrex-willyrex-\u2022-Photos-et-videos-Instagram-480x347.jpg 480w\" sizes=\"(max-width: 1200px) 100vw, 1200px\" \/><\/p>\n<p>&nbsp;<\/p>\n<h3>6. @ester_exposito &#8211; 29\u202f300\u202f000 abonn\u00e9s<\/h3>\n<p>Influenceuse <strong>espagnole<\/strong><\/p>\n<ul>\n<li>29\u202f300\u202f000 abonn\u00e9s sur <strong>Instagram<\/strong> en 2022<\/li>\n<li>Vrai nom : <strong>nc<\/strong><\/li>\n<li>Genre : <strong>femme<\/strong><\/li>\n<li>Nationalit\u00e9 : <strong>Espagne<\/strong><\/li>\n<li>Bio Instagram : <em>\u00ab\u00a0Ester \ud83c\udf19<br \/>Acteur<br \/>@antonio_abeledo<br \/>de aquellas que hicieron de la vida<br \/>este rinc\u00f3n sensible, luchador,<br \/>de piel suave y tierno coraz\u00f3n guerrero \u2640\u00a0\u00bb<\/em><\/li>\n<li>Extrait photos :<\/li>\n<\/ul>\n<p><img loading=\"lazy\" decoding=\"async\" src=\"https:\/\/mediaboss.fr\/wp-content\/uploads\/influenceur-Espagne-Ester-\ud83c\udf19-ester_exposito-\u2022-Photos-et-videos-Instagram.jpg\" width=\"1201\" height=\"868\" alt=\"influenceur-Espagne-Ester-\ud83c\udf19-ester_exposito-\u2022-Photos-et-vid\u00e9os-Instagram\" class=\"wp-image-3194 aligncenter size-full\" srcset=\"https:\/\/mediaboss.fr\/wp-content\/uploads\/influenceur-Espagne-Ester-\ud83c\udf19-ester_exposito-\u2022-Photos-et-videos-Instagram.jpg 1201w, https:\/\/mediaboss.fr\/wp-content\/uploads\/influenceur-Espagne-Ester-\ud83c\udf19-ester_exposito-\u2022-Photos-et-videos-Instagram-300x217.jpg 300w, https:\/\/mediaboss.fr\/wp-content\/uploads\/influenceur-Espagne-Ester-\ud83c\udf19-ester_exposito-\u2022-Photos-et-videos-Instagram-768x555.jpg 768w, https:\/\/mediaboss.fr\/wp-content\/uploads\/influenceur-Espagne-Ester-\ud83c\udf19-ester_exposito-\u2022-Photos-et-videos-Instagram-1080x781.jpg 1080w, https:\/\/mediaboss.fr\/wp-content\/uploads\/influenceur-Espagne-Ester-\ud83c\udf19-ester_exposito-\u2022-Photos-et-videos-Instagram-980x708.jpg 980w, https:\/\/mediaboss.fr\/wp-content\/uploads\/influenceur-Espagne-Ester-\ud83c\udf19-ester_exposito-\u2022-Photos-et-videos-Instagram-480x347.jpg 480w\" sizes=\"(max-width: 1201px) 100vw, 1201px\" \/><\/p>\n<p>&nbsp;<\/p>\n<h3>5. @georginagio &#8211; 38\u202f600\u202f000 abonn\u00e9s<\/h3>\n<p>Influenceuse <strong>espagnole<\/strong><\/p>\n<ul>\n<li>38\u202f600\u202f000 abonn\u00e9s sur <strong>Instagram<\/strong> en 2022<\/li>\n<li>Vrai nom : <strong>Georgina Rodriguez<\/strong><\/li>\n<li>Genre : <strong>femme<\/strong><\/li>\n<li>Nationalit\u00e9 : <strong>Espagne<\/strong><\/li>\n<li>Bio Instagram : <em>\u00ab\u00a0Georgina Rodri\u0301guez<br \/>Auteur<br \/>Mam\u00e1 de 6 bendiciones \u2764\ufe0f VividoraDeLaVidaSo\u00f1adoraDelosSue\u00f1os\u00a0\u00bb<\/em><\/li>\n<li>Extrait photos :<\/li>\n<\/ul>\n<p><img loading=\"lazy\" decoding=\"async\" src=\"https:\/\/mediaboss.fr\/wp-content\/uploads\/influenceur-Espagne-Georgina-Rodri\u0301guez-georginagio-\u2022-Photos-et-videos-Instagram.jpg\" width=\"1200\" height=\"871\" alt=\"influenceur-Espagne-Georgina-Rodri\u0301guez-georginagio-\u2022-Photos-et-vid\u00e9os-Instagram\" class=\"wp-image-3193 aligncenter size-full\" srcset=\"https:\/\/mediaboss.fr\/wp-content\/uploads\/influenceur-Espagne-Georgina-Rodri\u0301guez-georginagio-\u2022-Photos-et-videos-Instagram.jpg 1200w, https:\/\/mediaboss.fr\/wp-content\/uploads\/influenceur-Espagne-Georgina-Rodri\u0301guez-georginagio-\u2022-Photos-et-videos-Instagram-300x218.jpg 300w, https:\/\/mediaboss.fr\/wp-content\/uploads\/influenceur-Espagne-Georgina-Rodri\u0301guez-georginagio-\u2022-Photos-et-videos-Instagram-768x557.jpg 768w, https:\/\/mediaboss.fr\/wp-content\/uploads\/influenceur-Espagne-Georgina-Rodri\u0301guez-georginagio-\u2022-Photos-et-videos-Instagram-1080x784.jpg 1080w, https:\/\/mediaboss.fr\/wp-content\/uploads\/influenceur-Espagne-Georgina-Rodri\u0301guez-georginagio-\u2022-Photos-et-videos-Instagram-980x711.jpg 980w, https:\/\/mediaboss.fr\/wp-content\/uploads\/influenceur-Espagne-Georgina-Rodri\u0301guez-georginagio-\u2022-Photos-et-videos-Instagram-480x348.jpg 480w\" sizes=\"(max-width: 1200px) 100vw, 1200px\" \/><\/p>\n<p>&nbsp;<\/p>\n<h3>4. @enchufetv &#8211; 47\u202f600\u202f000 abonn\u00e9s<\/h3>\n<p>Influenceur <strong>espagnol<\/strong><\/p>\n<ul>\n<li>4\u202f200\u202f000 abonn\u00e9s sur <strong>Instagram<\/strong> en 2022<\/li>\n<li>16 000 000 abonn\u00e9s sur <strong>Facebook<\/strong><\/li>\n<li>1\u202f400\u202f000 abonn\u00e9s sur <strong>Twitter<\/strong><\/li>\n<li>26 000 000 abonn\u00e9s sur <strong>YouTube<\/strong><\/li>\n<li>Vrai nom : <strong>nc<\/strong><\/li>\n<li>Genre : <strong>homme<\/strong><\/li>\n<li>Nationalit\u00e9 : <strong>Espagne<\/strong><\/li>\n<li>Bio Instagram : <em>\u00ab\u00a0enchufetv<br \/>Cr\u00e9ateur digital<br \/>Quer\u00edamos hacer porno, pero nuestras mam\u00e1s no nos dejaron.<br \/>#enchufetv<br \/>\ud83d\udd0c\ud83d\udc47 Sketch Estreno\ud83d\udc47\ud83d\udd0c\u00a0\u00bb<\/em><\/li>\n<li>Extrait photos :<\/li>\n<\/ul>\n<p><img loading=\"lazy\" decoding=\"async\" src=\"https:\/\/mediaboss.fr\/wp-content\/uploads\/influenceur-Espagne-enchufetv-\u2022-Photos-et-videos-Instagram.jpg\" width=\"1200\" height=\"860\" alt=\"influenceur-Espagne--enchufetv-\u2022-Photos-et-vid\u00e9os-Instagram\" class=\"wp-image-3192 aligncenter size-full\" srcset=\"https:\/\/mediaboss.fr\/wp-content\/uploads\/influenceur-Espagne-enchufetv-\u2022-Photos-et-videos-Instagram.jpg 1200w, https:\/\/mediaboss.fr\/wp-content\/uploads\/influenceur-Espagne-enchufetv-\u2022-Photos-et-videos-Instagram-300x215.jpg 300w, https:\/\/mediaboss.fr\/wp-content\/uploads\/influenceur-Espagne-enchufetv-\u2022-Photos-et-videos-Instagram-768x550.jpg 768w, https:\/\/mediaboss.fr\/wp-content\/uploads\/influenceur-Espagne-enchufetv-\u2022-Photos-et-videos-Instagram-1080x774.jpg 1080w, https:\/\/mediaboss.fr\/wp-content\/uploads\/influenceur-Espagne-enchufetv-\u2022-Photos-et-videos-Instagram-980x702.jpg 980w, https:\/\/mediaboss.fr\/wp-content\/uploads\/influenceur-Espagne-enchufetv-\u2022-Photos-et-videos-Instagram-480x344.jpg 480w\" sizes=\"(max-width: 1200px) 100vw, 1200px\" \/><\/p>\n<p>&nbsp;<\/p>\n<h3>3. @auronplay &#8211; 60\u202f000\u202f000 abonn\u00e9s<\/h3>\n<p>Influenceuse <strong>espagnol<\/strong><\/p>\n<ul>\n<li>18\u202f100\u202f000 abonn\u00e9s sur <strong>Instagram<\/strong> en 2022<\/li>\n<li>29 000 000 abonn\u00e9s sur <strong>YouTube<\/strong><\/li>\n<li>12 900 000 abonn\u00e9s sur <strong>Twitch<\/strong><\/li>\n<li>Vrai nom : <strong>nc<\/strong><\/li>\n<li>Genre : <strong>homme<\/strong><\/li>\n<li>Nationalit\u00e9 : <strong>Espagne<\/strong><\/li>\n<li>Bio Instagram : <em>\u00ab\u00a0auronplay<br \/>Cr\u00e9ateur digital<br \/>feliz pero no mucho\u00a0\u00bb<\/em><\/li>\n<li>Extrait photos :<\/li>\n<\/ul>\n<p><img loading=\"lazy\" decoding=\"async\" src=\"https:\/\/mediaboss.fr\/wp-content\/uploads\/influenceur-Espagne-auronplay-\u2022-Photos-et-videos-Instagram.jpg\" width=\"1200\" height=\"854\" alt=\"influenceur-Espagne--auronplay-\u2022-Photos-et-vid\u00e9os-Instagram\" class=\"wp-image-3191 aligncenter size-full\" srcset=\"https:\/\/mediaboss.fr\/wp-content\/uploads\/influenceur-Espagne-auronplay-\u2022-Photos-et-videos-Instagram.jpg 1200w, https:\/\/mediaboss.fr\/wp-content\/uploads\/influenceur-Espagne-auronplay-\u2022-Photos-et-videos-Instagram-300x214.jpg 300w, https:\/\/mediaboss.fr\/wp-content\/uploads\/influenceur-Espagne-auronplay-\u2022-Photos-et-videos-Instagram-768x547.jpg 768w, https:\/\/mediaboss.fr\/wp-content\/uploads\/influenceur-Espagne-auronplay-\u2022-Photos-et-videos-Instagram-400x284.jpg 400w, https:\/\/mediaboss.fr\/wp-content\/uploads\/influenceur-Espagne-auronplay-\u2022-Photos-et-videos-Instagram-1080x769.jpg 1080w, https:\/\/mediaboss.fr\/wp-content\/uploads\/influenceur-Espagne-auronplay-\u2022-Photos-et-videos-Instagram-980x697.jpg 980w, https:\/\/mediaboss.fr\/wp-content\/uploads\/influenceur-Espagne-auronplay-\u2022-Photos-et-videos-Instagram-480x342.jpg 480w\" sizes=\"(max-width: 1200px) 100vw, 1200px\" \/><\/p>\n<p>&nbsp;<\/p>\n<h3>2. @germangarmendia &#8211; 69\u202f500\u202f000 abonn\u00e9s<\/h3>\n<p>Influenceuse <strong>espagnol<\/strong><\/p>\n<ul>\n<li>14\u202f500\u202f000 abonn\u00e9s sur <strong>Instagram<\/strong> en 2022<\/li>\n<li>12 000 000 abonn\u00e9s sur <strong>Twitter<\/strong><\/li>\n<li>26 000 000 abonn\u00e9s sur <strong>YouTube<\/strong><\/li>\n<li>Vrai nom : <strong>nc<\/strong><\/li>\n<li>Genre : <strong>homme<\/strong><\/li>\n<li>Nationalit\u00e9 : <strong>Espagne<\/strong><\/li>\n<li>Bio Instagram : <em>\u00ab\u00a0GERMAN<br \/>MGM: @digarmendia\u00a0\u00bb<\/em><\/li>\n<li>Extrait photos :<\/li>\n<\/ul>\n<p><img loading=\"lazy\" decoding=\"async\" src=\"https:\/\/mediaboss.fr\/wp-content\/uploads\/influenceur-Espagne-GERMAN-germangarmendia-\u2022-Photos-et-videos-Instagram.jpg\" width=\"1202\" height=\"869\" alt=\"influenceur-Espagne-GERMAN-germangarmendia-\u2022-Photos-et-vid\u00e9os-Instagram\" class=\"wp-image-3190 aligncenter size-full\" srcset=\"https:\/\/mediaboss.fr\/wp-content\/uploads\/influenceur-Espagne-GERMAN-germangarmendia-\u2022-Photos-et-videos-Instagram.jpg 1202w, https:\/\/mediaboss.fr\/wp-content\/uploads\/influenceur-Espagne-GERMAN-germangarmendia-\u2022-Photos-et-videos-Instagram-300x217.jpg 300w, https:\/\/mediaboss.fr\/wp-content\/uploads\/influenceur-Espagne-GERMAN-germangarmendia-\u2022-Photos-et-videos-Instagram-1200x868.jpg 1200w, https:\/\/mediaboss.fr\/wp-content\/uploads\/influenceur-Espagne-GERMAN-germangarmendia-\u2022-Photos-et-videos-Instagram-768x555.jpg 768w, https:\/\/mediaboss.fr\/wp-content\/uploads\/influenceur-Espagne-GERMAN-germangarmendia-\u2022-Photos-et-videos-Instagram-1080x781.jpg 1080w, https:\/\/mediaboss.fr\/wp-content\/uploads\/influenceur-Espagne-GERMAN-germangarmendia-\u2022-Photos-et-videos-Instagram-980x709.jpg 980w, https:\/\/mediaboss.fr\/wp-content\/uploads\/influenceur-Espagne-GERMAN-germangarmendia-\u2022-Photos-et-videos-Instagram-480x347.jpg 480w\" sizes=\"(max-width: 1202px) 100vw, 1202px\" \/><\/p>\n<p>&nbsp;<\/p>\n<h3>1. @elrubiuswtf &#8211; 101\u202f700\u202f000 abonn\u00e9s<\/h3>\n<p>Influenceur <strong>espagnol<\/strong><\/p>\n<ul>\n<li>16\u202f700\u202f000 abonn\u00e9s sur <strong>Instagram<\/strong> en 2022<\/li>\n<li>16\u202f700\u202f000 abonn\u00e9s sur <b>YouTube<\/b><\/li>\n<li>16\u202f700\u202f000 abonn\u00e9s sur <b>Twitch<\/b><\/li>\n<li>Vrai nom : <strong>nc<\/strong><\/li>\n<li>Genre : <strong>homme<\/strong><\/li>\n<li>Nationalit\u00e9 : <strong>Espagne<\/strong><\/li>\n<li>Bio Instagram : <em>\u00a0\u00bb <\/em>el rubius WTF\n<p>Blog personnel<br \/>uwu<\/p>\n<p>\ud83c\udfa5YT: elrubiusOMG<br \/>\ud83c\udfaeTwitch: Rubius<em>\u00ab\u00a0<\/em><\/p>\n<\/li>\n<li>Extrait photos :<\/li>\n<\/ul>\n<p><img loading=\"lazy\" decoding=\"async\" src=\"https:\/\/mediaboss.fr\/wp-content\/uploads\/influenceur-Espagne-el-rubius-WTF-elrubiuswtf-\u2022-Photos-et-videos-Instagram.jpg\" width=\"1199\" height=\"875\" alt=\"influenceur-Espagne-el-rubius-WTF-elrubiuswtf-\u2022-Photos-et-vid\u00e9os-Instagram\" class=\"wp-image-3197 aligncenter size-full\" srcset=\"https:\/\/mediaboss.fr\/wp-content\/uploads\/influenceur-Espagne-el-rubius-WTF-elrubiuswtf-\u2022-Photos-et-videos-Instagram.jpg 1199w, https:\/\/mediaboss.fr\/wp-content\/uploads\/influenceur-Espagne-el-rubius-WTF-elrubiuswtf-\u2022-Photos-et-videos-Instagram-300x219.jpg 300w, https:\/\/mediaboss.fr\/wp-content\/uploads\/influenceur-Espagne-el-rubius-WTF-elrubiuswtf-\u2022-Photos-et-videos-Instagram-768x560.jpg 768w, https:\/\/mediaboss.fr\/wp-content\/uploads\/influenceur-Espagne-el-rubius-WTF-elrubiuswtf-\u2022-Photos-et-videos-Instagram-1080x788.jpg 1080w, https:\/\/mediaboss.fr\/wp-content\/uploads\/influenceur-Espagne-el-rubius-WTF-elrubiuswtf-\u2022-Photos-et-videos-Instagram-980x715.jpg 980w, https:\/\/mediaboss.fr\/wp-content\/uploads\/influenceur-Espagne-el-rubius-WTF-elrubiuswtf-\u2022-Photos-et-videos-Instagram-480x350.jpg 480w\" sizes=\"(max-width: 1199px) 100vw, 1199px\" \/><\/p>\n<p>&nbsp;<\/p>\n<h2>Conclusion<\/h2>\n<p>Bravo ! Vous \u00eates arriv\u00e9s au bout de notre classement des <strong>19 influenceuses et influenceurs situ\u00e9s en Espagne <\/strong>et dans les villes de<strong> Madrid ou Barcelone<\/strong>&#8230;<\/p>\n<p>Vous pouvez d\u00e9sormais facilement chercher et trouver des <strong>influenceurs (influenceuses) espagnols (espagnoles) <\/strong>populaires sur Instagram, TikTok, Facebook&#8230;<\/p>\n<p>N&rsquo;h\u00e9sitez pas \u00e0 nous <a href=\"\/contact\/\" title=\"contact\">contacter<\/a> pour modifier ou compl\u00e9ter ce <strong>top influenceurs en Espagne.<\/strong><\/p>\n<p>Ou si vous souhaitez collaborer avec Mediaboss : publicit\u00e9, liens, partenariat&#8230;<\/p>\n<p>Tout est possible ! Nous sommes \u00e0 votre disposition.<\/p>\n<p>[\/et_pb_text][et_pb_text _builder_version=\u00a0\u00bb4.17.6&Prime; _module_preset=\u00a0\u00bbdefault\u00a0\u00bb link_line_height=\u00a0\u00bb1.7em\u00a0\u00bb ul_line_height=\u00a0\u00bb1.7em\u00a0\u00bb ol_line_height=\u00a0\u00bb1.7em\u00a0\u00bb quote_line_height=\u00a0\u00bb1.7em\u00a0\u00bb global_module=\u00a0\u00bb2819&Prime; saved_tabs=\u00a0\u00bball\u00a0\u00bb global_colors_info=\u00a0\u00bb{}\u00a0\u00bb]<\/p>\n<p>*<\/p>\n<p><strong>Vous allez \u00eatre int\u00e9ress\u00e9 par notre classement des top influenceurs (influenceuses) class\u00e9s par:<\/strong><\/p>\n<h4>PAYS :<\/h4>\n<ul>\n<li><a href=\"https:\/\/mediaboss.fr\/classement-influenceurs-france\/\" title=\"classement influenceurs France\">Top 16 influenceurs &amp; influenceuses en <strong>France<\/strong><\/a><\/li>\n<li><a href=\"https:\/\/mediaboss.fr\/influenceur-suisse\/\" title=\"influenceur suisse\">Top 14 influenceurs &amp; influenceuses en <strong>Suisse<\/strong><\/a><\/li>\n<li><a href=\"https:\/\/mediaboss.fr\/influenceur-espagne\/\" title=\"influenceur espagne\">Top 19 influenceurs &amp; influenceuses en <strong>Espagne<\/strong><\/a><\/li>\n<li><a href=\"https:\/\/mediaboss.fr\/influenceur-maroc\/\" title=\"influenceur maroc\">Top 19 influenceurs &amp; influenceuses au <strong>Maroc<\/strong><\/a><a href=\"https:\/\/mediaboss.fr\/influenceur-espagne\/\" title=\"influenceur espagne\"><strong><\/strong><\/a><\/li>\n<\/ul>\n<h4>REGIONS :<\/h4>\n<ul>\n<li><a href=\"https:\/\/mediaboss.fr\/influenceur-corse\/\" title=\"influenceur corse\">Top 15 influenceurs &amp; influenceuses en <strong>Corse<\/strong><\/a><\/li>\n<li><a href=\"https:\/\/mediaboss.fr\/influenceur-martinique\/\" title=\"influenceur martinique\">Top 13 influenceurs &amp; influenceuses en <strong>Martinique<\/strong><\/a><\/li>\n<li><a href=\"https:\/\/mediaboss.fr\/influenceur-guadeloupe\/\" title=\"influenceur guadeloupe\">Top 12 influenceurs &amp; influenceuses en <strong>Guadeloupe<\/strong><\/a><\/li>\n<\/ul>\n<h4>VILLES DE FRANCE :<\/h4>\n<ul>\n<li><a href=\"https:\/\/mediaboss.fr\/influenceur-rennes\/\" title=\"influenceur Rennes\">Top 12 influenceurs &amp; influenceuses \u00e0 <strong>Rennes<\/strong><\/a><\/li>\n<li><a href=\"https:\/\/mediaboss.fr\/influenceur-nancy\/\" title=\"influenceur Nancy\">Top 8 influenceurs &amp; influenceuses \u00e0 <strong>Nancy<\/strong><\/a><\/li>\n<li><a href=\"https:\/\/mediaboss.fr\/influenceur-rouen\/\" title=\"influenceur Rouen\">Top 10 influenceurs &amp; influenceuses \u00e0 <strong>Rouen<\/strong><\/a><\/li>\n<li><a href=\"https:\/\/mediaboss.fr\/influenceur-tours\/\" title=\"influenceur Tours\">Top 10 influenceurs &amp; influenceuses \u00e0 <strong>Tours<\/strong><\/a><\/li>\n<li><a href=\"https:\/\/mediaboss.fr\/influenceur-caen\/\" title=\"influenceur Caen\">Top 11 influenceurs &amp; influenceuses \u00e0 <strong>Caen<\/strong><\/a><\/li>\n<li><a href=\"https:\/\/mediaboss.fr\/influenceur-clermont-ferrand\/\" title=\"influenceur Clermont-Ferrand\">Top 11 influenceurs &amp; influenceuses \u00e0 <strong>Clermont-Ferrand<\/strong><\/a><\/li>\n<li><a href=\"https:\/\/mediaboss.fr\/influenceur-grenoble\/\" title=\"influenceur Grenoble\">Top 11 influenceurs &amp; influenceuses \u00e0 <strong>Grenoble<\/strong><\/a><\/li>\n<li><a href=\"https:\/\/mediaboss.fr\/influenceur-avignon\/\" title=\"influenceur Avignon\">Top 11 influenceurs &amp; influenceuses \u00e0 <strong>Avignon<\/strong><\/a><\/li>\n<li><a href=\"https:\/\/mediaboss.fr\/influenceur-metz\/\" title=\"influenceur Metz\">Top 10 influenceurs &amp; influenceuses \u00e0 <strong>Metz<\/strong><\/a><\/li>\n<li><a href=\"https:\/\/mediaboss.fr\/influenceur-toulon\/\" title=\"influenceur Toulon\">Top 11 influenceurs &amp; influenceuses \u00e0 <strong>Toulon<\/strong><\/a><\/li>\n<li><a href=\"https:\/\/mediaboss.fr\/influenceur-annecy\/\" title=\"influenceur Annecy\">Top 10 influenceurs &amp; influenceuses \u00e0 <strong>Annecy<\/strong><\/a><a href=\"https:\/\/mediaboss.fr\/influenceur-annecy\/\" title=\"influenceur Annecy\"><\/a><\/li>\n<li><a href=\"https:\/\/mediaboss.fr\/influenceur-limoges\/\" title=\"influenceur Limoges\">Top 10 influenceurs &amp; influenceuses \u00e0 <strong>Limoges<\/strong><\/a><\/li>\n<li><a href=\"https:\/\/mediaboss.fr\/influenceur-reims\/\" title=\"influenceur Reims\">Top 13 influenceurs &amp; influenceuses \u00e0 <strong>Reims<\/strong><\/a><\/li>\n<li><a href=\"https:\/\/mediaboss.fr\/influenceur-brest\/\" title=\"influenceur brest\">Top 15 influenceurs &amp; influenceuses \u00e0 <strong>Brest<\/strong><\/a><\/li>\n<li><a href=\"https:\/\/mediaboss.fr\/influenceur-toulouse\/\" title=\"influenceur toulouse\">Top 17 influenceurs &amp; influenceuses \u00e0 <strong>Toulouse<\/strong><\/a><\/li>\n<li><a href=\"https:\/\/mediaboss.fr\/influenceur-strasbourg\/\" title=\"influenceur strasbourg\">Top 16 influenceurs &amp; influenceuses \u00e0 <strong>Strasbourg<\/strong><\/a><\/li>\n<li><a href=\"https:\/\/mediaboss.fr\/influenceur-marseille\/\" title=\"influenceur marseille\">Top 16 influenceurs &amp; influenceuses \u00e0 <strong>Marseille<\/strong><\/a><\/li>\n<li><a href=\"https:\/\/mediaboss.fr\/influenceur-bordeaux\/\" title=\"influenceur bordeaux\">Top 29 influenceurs &amp; influenceuses \u00e0 <strong>Bordeaux<\/strong><\/a><\/li>\n<li><a href=\"https:\/\/mediaboss.fr\/influenceur-aix-en-provence\/\" title=\"influenceur aix en provence\">Top 16 influenceurs &amp; influenceuses \u00e0 <strong>Aix-en-Provence<\/strong><\/a><\/li>\n<li><a href=\"https:\/\/mediaboss.fr\/influenceur-dijon\/\" title=\"influenceur dijon\">Top 16 influenceurs &amp; influenceuses \u00e0 <strong>Dijon<\/strong><\/a><\/li>\n<li><a href=\"https:\/\/mediaboss.fr\/influenceur-nantes\/\" title=\"influenceur Nantes\">Top 14 influenceurs &amp; influenceuses \u00e0 <strong>Nantes<\/strong><\/a><\/li>\n<li><a href=\"https:\/\/mediaboss.fr\/influenceur-nice\/\" title=\"influenceur Nice (PACA)\">Top 17 influenceurs &amp; influenceuses \u00e0 <strong>Nice<\/strong><\/a><\/li>\n<li><a href=\"https:\/\/mediaboss.fr\/influenceur-montpellier\/\" title=\"influenceur Montpellier\">Top 14 influenceurs &amp; influenceuses \u00e0 <strong>Montpellier<\/strong><\/a><\/li>\n<li><a href=\"https:\/\/mediaboss.fr\/influenceur-lille\/\" title=\"influenceur Lille\">Top 16 influenceurs &amp; influenceuses \u00e0 <strong>Lille<\/strong><\/a><strong><\/strong><\/li>\n<li><a href=\"https:\/\/mediaboss.fr\/influenceur-lyon\/\" title=\"influenceur lyon\">Top 19 influenceurs &amp; influenceuses \u00e0 <strong>Lyon<\/strong><\/a><\/li>\n<\/ul>\n<h4>THEMES :<\/h4>\n<ul>\n<li><a href=\"https:\/\/mediaboss.fr\/artiste-influenceur\/\" title=\"artiste influenceur\">Top 19 Artistes Influenceurs<\/a><\/li>\n<li><a href=\"https:\/\/mediaboss.fr\/musee-instagram\/\" title=\"mus\u00e9e Instagram\">Top 16 \u00ab\u00a0Mus\u00e9es Instagram\u00a0\u00bb<\/a><\/li>\n<\/ul>\n<p>*<br \/><strong><\/strong><\/p>\n<p>[\/et_pb_text][\/et_pb_column][et_pb_column type=\u00a0\u00bb1_3&Prime; _builder_version=\u00a0\u00bb4.16&Prime; custom_padding=\u00a0\u00bb|||\u00a0\u00bb global_colors_info=\u00a0\u00bb{}\u00a0\u00bb custom_padding__hover=\u00a0\u00bb|||\u00a0\u00bb][et_pb_sidebar _builder_version=\u00a0\u00bb4.17.4&Prime; _module_preset=\u00a0\u00bbdefault\u00a0\u00bb global_colors_info=\u00a0\u00bb{}\u00a0\u00bb][\/et_pb_sidebar][\/et_pb_column][\/et_pb_row][et_pb_row column_structure=\u00a0\u00bb2_3,1_3&Prime; _builder_version=\u00a0\u00bb4.16&Prime; _module_preset=\u00a0\u00bbdefault\u00a0\u00bb saved_tabs=\u00a0\u00bball\u00a0\u00bb global_colors_info=\u00a0\u00bb{}\u00a0\u00bb][et_pb_column type=\u00a0\u00bb2_3&Prime; _builder_version=\u00a0\u00bb4.16&Prime; _module_preset=\u00a0\u00bbdefault\u00a0\u00bb global_colors_info=\u00a0\u00bb{}\u00a0\u00bb][et_pb_text _builder_version=\u00a0\u00bb4.16&Prime; _module_preset=\u00a0\u00bbdefault\u00a0\u00bb global_colors_info=\u00a0\u00bb{}\u00a0\u00bb]<\/p>\n<h4>Vous aimerez aussi :<\/h4>\n<p>[\/et_pb_text][et_pb_blog fullwidth=\u00a0\u00bboff\u00a0\u00bb posts_number=\u00a0\u00bb4&Prime; include_categories=\u00a0\u00bb24&Prime; use_manual_excerpt=\u00a0\u00bboff\u00a0\u00bb excerpt_length=\u00a0\u00bb0&Prime; show_author=\u00a0\u00bboff\u00a0\u00bb show_date=\u00a0\u00bboff\u00a0\u00bb show_excerpt=\u00a0\u00bboff\u00a0\u00bb show_pagination=\u00a0\u00bboff\u00a0\u00bb _builder_version=\u00a0\u00bb4.17.4&Prime; _module_preset=\u00a0\u00bbdefault\u00a0\u00bb header_level=\u00a0\u00bbh5&Prime; body_font_size=\u00a0\u00bb16px\u00a0\u00bb meta_font_size=\u00a0\u00bb16px\u00a0\u00bb read_more_font_size=\u00a0\u00bb16px\u00a0\u00bb global_module=\u00a0\u00bb2704&Prime; saved_tabs=\u00a0\u00bball\u00a0\u00bb global_colors_info=\u00a0\u00bb{}\u00a0\u00bb meta_font_size__hover_enabled=\u00a0\u00bboff|desktop\u00a0\u00bb][\/et_pb_blog][et_pb_team_member image_url=\u00a0\u00bbhttps:\/\/mediaboss.fr\/wp-content\/uploads\/alice-seguin-230x230px-150&#215;150.jpg\u00a0\u00bb facebook_url=\u00a0\u00bbhttps:\/\/www.facebook.com\/mediaboss.fr\u00a0\u00bb twitter_url=\u00a0\u00bbhttps:\/\/twitter.com\/Alice98327791&Prime; linkedin_url=\u00a0\u00bbwww.linkedin.com\/in\/alice-seguin\u00a0\u00bb image_url_last_edited=\u00a0\u00bboff|phone\u00a0\u00bb _builder_version=\u00a0\u00bb4.17.4&Prime; _module_preset=\u00a0\u00bbdefault\u00a0\u00bb child_filter_saturate=\u00a0\u00bb0%\u00a0\u00bb border_radii_image=\u00a0\u00bbon|0%|0%|0%|0%\u00a0\u00bb global_module=\u00a0\u00bb91&Prime; saved_tabs=\u00a0\u00bball\u00a0\u00bb global_colors_info=\u00a0\u00bb{}\u00a0\u00bb]<\/p>\n<p><strong>Alice SEGUIN<\/strong><\/p>\n<p>Alice est la fondatrice de <a title=\"Mediaboss\" href=\"\/\">Mediaboss<\/a>.<\/p>\n<p>Passionn\u00e9e par les <a title=\"r\u00e9seaux sociaux\" href=\"\/reseaux-sociaux\/\">r\u00e9seaux sociaux<\/a>, elle accompagne de nombreuses entreprises dans leur strat\u00e9gie social media, messageries instantan\u00e9es, investissement, cryptomonnaies\u2026<\/p>\n<p>Retrouvez-moi sur mes r\u00e9seaux sociaux et le compte <a href=\"https:\/\/mediaboss.substack.com\/\" target=\"_blank\" rel=\"noopener\" title=\"Substack de Mediaboss\">Substack de Mediaboss<\/a> :<\/p>\n<p>[\/et_pb_team_member][\/et_pb_column][et_pb_column type=\u00a0\u00bb1_3&Prime; _builder_version=\u00a0\u00bb4.16&Prime; _module_preset=\u00a0\u00bbdefault\u00a0\u00bb global_colors_info=\u00a0\u00bb{}\u00a0\u00bb][\/et_pb_column][\/et_pb_row][\/et_pb_section]<\/p>\n\n\n<div class=\"kk-star-ratings kksr-auto kksr-align-right kksr-valign-bottom\"\n    data-payload='{&quot;align&quot;:&quot;right&quot;,&quot;id&quot;:&quot;3175&quot;,&quot;slug&quot;:&quot;default&quot;,&quot;valign&quot;:&quot;bottom&quot;,&quot;ignore&quot;:&quot;&quot;,&quot;reference&quot;:&quot;auto&quot;,&quot;class&quot;:&quot;&quot;,&quot;count&quot;:&quot;10&quot;,&quot;legendonly&quot;:&quot;&quot;,&quot;readonly&quot;:&quot;&quot;,&quot;score&quot;:&quot;4.9&quot;,&quot;starsonly&quot;:&quot;&quot;,&quot;best&quot;:&quot;5&quot;,&quot;gap&quot;:&quot;5&quot;,&quot;greet&quot;:&quot;Note :&quot;,&quot;legend&quot;:&quot;4.9\\\/5 - (10 votes)&quot;,&quot;size&quot;:&quot;24&quot;,&quot;title&quot;:&quot;Notre Top 19 Influenceurs \\u0026amp; Influenceuses En Espagne&quot;,&quot;width&quot;:&quot;139.6&quot;,&quot;_legend&quot;:&quot;{score}\\\/{best} - ({count} {votes})&quot;,&quot;font_factor&quot;:&quot;1.25&quot;}'>\n            \n<div class=\"kksr-stars\">\n    \n<div class=\"kksr-stars-inactive\">\n            <div class=\"kksr-star\" data-star=\"1\" style=\"padding-right: 5px\">\n            \n\n<div class=\"kksr-icon\" style=\"width: 24px; height: 24px;\"><\/div>\n        <\/div>\n            <div class=\"kksr-star\" data-star=\"2\" style=\"padding-right: 5px\">\n            \n\n<div class=\"kksr-icon\" style=\"width: 24px; height: 24px;\"><\/div>\n        <\/div>\n            <div class=\"kksr-star\" data-star=\"3\" style=\"padding-right: 5px\">\n            \n\n<div class=\"kksr-icon\" style=\"width: 24px; height: 24px;\"><\/div>\n        <\/div>\n            <div class=\"kksr-star\" data-star=\"4\" style=\"padding-right: 5px\">\n            \n\n<div class=\"kksr-icon\" style=\"width: 24px; height: 24px;\"><\/div>\n        <\/div>\n            <div class=\"kksr-star\" data-star=\"5\" style=\"padding-right: 5px\">\n            \n\n<div class=\"kksr-icon\" style=\"width: 24px; height: 24px;\"><\/div>\n        <\/div>\n    <\/div>\n    \n<div class=\"kksr-stars-active\" style=\"width: 139.6px;\">\n            <div class=\"kksr-star\" style=\"padding-right: 5px\">\n            \n\n<div class=\"kksr-icon\" style=\"width: 24px; height: 24px;\"><\/div>\n        <\/div>\n            <div class=\"kksr-star\" style=\"padding-right: 5px\">\n            \n\n<div class=\"kksr-icon\" style=\"width: 24px; height: 24px;\"><\/div>\n        <\/div>\n            <div class=\"kksr-star\" style=\"padding-right: 5px\">\n            \n\n<div class=\"kksr-icon\" style=\"width: 24px; height: 24px;\"><\/div>\n        <\/div>\n            <div class=\"kksr-star\" style=\"padding-right: 5px\">\n            \n\n<div class=\"kksr-icon\" style=\"width: 24px; height: 24px;\"><\/div>\n        <\/div>\n            <div class=\"kksr-star\" style=\"padding-right: 5px\">\n            \n\n<div class=\"kksr-icon\" style=\"width: 24px; height: 24px;\"><\/div>\n        <\/div>\n    <\/div>\n<\/div>\n                \n\n<div class=\"kksr-legend\" style=\"font-size: 19.2px;\">\n            4.9\/5 - (10 votes)    <\/div>\n    <\/div>\n<div style=\"margin-top: 0px; margin-bottom: 0px;\" class=\"sharethis-inline-share-buttons\" ><\/div>","protected":false},"excerpt":{"rendered":"<p>Vous voulez connaitre les influenceurs et influenceuses les plus populaires de Espagne en 2022? Ne bougez plus ! Nous avons s\u00e9lectionn\u00e9 pour vous les 19 plus gros influenceurs (et influenceuses) espagnols (espagnoles) avec plus de 1,5 millions d&rsquo;abonn\u00e9s sur les r\u00e9seaux sociaux. Pour construire cette liste nous trions et mettons \u00e0 jour toutes les donn\u00e9es [&hellip;]<\/p>\n","protected":false},"author":2,"featured_media":3180,"comment_status":"closed","ping_status":"open","sticky":false,"template":"","format":"standard","meta":{"_seopress_robots_primary_cat":"none","_seopress_titles_title":"Notre Top 19 Influenceurs &amp; Influenceuses Espagne %%currentyear%% (Class\u00e9s) - Mediaboss","_seopress_titles_desc":"D\u00e9couvrez notre classement %%currentyear%% des 19 influenceurs et influenceuses les plus populaires en Espagne ! Sur Instagram, TikTok, Facebook, YouTube, Twitter, Snapchat, Twitch...","_seopress_robots_index":"","_et_pb_use_builder":"on","_et_pb_old_content":"","_et_gb_content_width":"1280","footnotes":""},"categories":[24],"tags":[],"class_list":["post-3175","post","type-post","status-publish","format-standard","has-post-thumbnail","hentry","category-influence"],"_links":{"self":[{"href":"https:\/\/mediaboss.fr\/de\/wp-json\/wp\/v2\/posts\/3175","targetHints":{"allow":["GET"]}}],"collection":[{"href":"https:\/\/mediaboss.fr\/de\/wp-json\/wp\/v2\/posts"}],"about":[{"href":"https:\/\/mediaboss.fr\/de\/wp-json\/wp\/v2\/types\/post"}],"author":[{"embeddable":true,"href":"https:\/\/mediaboss.fr\/de\/wp-json\/wp\/v2\/users\/2"}],"replies":[{"embeddable":true,"href":"https:\/\/mediaboss.fr\/de\/wp-json\/wp\/v2\/comments?post=3175"}],"version-history":[{"count":0,"href":"https:\/\/mediaboss.fr\/de\/wp-json\/wp\/v2\/posts\/3175\/revisions"}],"wp:featuredmedia":[{"embeddable":true,"href":"https:\/\/mediaboss.fr\/de\/wp-json\/wp\/v2\/media\/3180"}],"wp:attachment":[{"href":"https:\/\/mediaboss.fr\/de\/wp-json\/wp\/v2\/media?parent=3175"}],"wp:term":[{"taxonomy":"category","embeddable":true,"href":"https:\/\/mediaboss.fr\/de\/wp-json\/wp\/v2\/categories?post=3175"},{"taxonomy":"post_tag","embeddable":true,"href":"https:\/\/mediaboss.fr\/de\/wp-json\/wp\/v2\/tags?post=3175"}],"curies":[{"name":"wp","href":"https:\/\/api.w.org\/{rel}","templated":true}]}}