{"id":3103,"date":"2022-06-17T16:51:56","date_gmt":"2022-06-17T14:51:56","guid":{"rendered":"https:\/\/mediaboss.fr\/?p=3103"},"modified":"2023-03-02T11:42:58","modified_gmt":"2023-03-02T09:42:58","slug":"influenceur-suisse","status":"publish","type":"post","link":"https:\/\/mediaboss.fr\/it\/influencer-suisse\/","title":{"rendered":"I nostri 14 migliori influencer in Svizzera (2023)"},"content":{"rendered":"<div style=\"margin-top: 0px; margin-bottom: 0px;\" class=\"sharethis-inline-share-buttons\" ><\/div><p>[et_pb_section fb_built=\u00a0\u00bb1&Prime; _builder_version=\u00a0\u00bb4.16&Prime; global_colors_info=\u00a0\u00bb{}\u00a0\u00bb][et_pb_row column_structure=\u00a0\u00bb2_3,1_3&Prime; _builder_version=\u00a0\u00bb4.16&Prime; background_size=\u00a0\u00bbinitial\u00a0\u00bb background_position=\u00a0\u00bbtop_left\u00a0\u00bb background_repeat=\u00a0\u00bbrepeat\u00a0\u00bb global_colors_info=\u00a0\u00bb{}\u00a0\u00bb][et_pb_column type=\u00a0\u00bb2_3&Prime; _builder_version=\u00a0\u00bb4.16&Prime; custom_padding=\u00a0\u00bb|||\u00a0\u00bb global_colors_info=\u00a0\u00bb{}\u00a0\u00bb custom_padding__hover=\u00a0\u00bb|||\u00a0\u00bb][et_pb_post_title date=\u00a0\u00bboff\u00a0\u00bb comments=\u00a0\u00bboff\u00a0\u00bb _builder_version=\u00a0\u00bb4.17.4&Prime; _module_preset=\u00a0\u00bbdefault\u00a0\u00bb global_colors_info=\u00a0\u00bb{}\u00a0\u00bb][\/et_pb_post_title][et_pb_text _builder_version=\u00a0\u00bb4.20.0&Prime; _module_preset=\u00a0\u00bbdefault\u00a0\u00bb link_line_height=\u00a0\u00bb1.7em\u00a0\u00bb ul_line_height=\u00a0\u00bb1.7em\u00a0\u00bb ol_line_height=\u00a0\u00bb1.7em\u00a0\u00bb quote_line_height=\u00a0\u00bb1.7em\u00a0\u00bb hover_enabled=\u00a0\u00bb0&Prime; global_colors_info=\u00a0\u00bb{}\u00a0\u00bb sticky_enabled=\u00a0\u00bb0&Prime; background_color=\u00a0\u00bb#eaeaea\u00a0\u00bb custom_padding=\u00a0\u00bb2%|2%|2%|2%|true|true\u00a0\u00bb locked=\u00a0\u00bboff\u00a0\u00bb]<\/p>\n<p><em>NB : cet article a \u00e9t\u00e9 mis \u00e0 jour la derni\u00e8re fois le <strong>jeudi 2 mars 2023<\/strong>. La preuve ? Le PSG a battu l&rsquo;OM lors du clasico du 26 f\u00e9vrier 2023&#8230;snif.<\/em><em><\/em><\/p>\n<ul>\n<li><em>mise \u00e0 jour des noms d&rsquo;utilisateur Instagram (@)<\/em><\/li>\n<li><em>mise \u00e0 jour du nombre d&rsquo;abonn\u00e9s sur les diff\u00e9rents r\u00e9seaux sociaux<\/em><\/li>\n<li><em>mise \u00e0 jour des dates : 2022 =&gt; 2023<\/em><\/li>\n<\/ul>\n<p>[\/et_pb_text][et_pb_text _builder_version=\u00a0\u00bb4.20.0&Prime; _module_preset=\u00a0\u00bbdefault\u00a0\u00bb link_line_height=\u00a0\u00bb1.7em\u00a0\u00bb ul_line_height=\u00a0\u00bb1.7em\u00a0\u00bb ol_line_height=\u00a0\u00bb1.7em\u00a0\u00bb quote_line_height=\u00a0\u00bb1.7em\u00a0\u00bb hover_enabled=\u00a0\u00bb0&Prime; global_colors_info=\u00a0\u00bb{}\u00a0\u00bb sticky_enabled=\u00a0\u00bb0&Prime;]<\/p>\n<p>Vous cherchez les plus gros <strong>influenceurs et influenceuses de Suisse <\/strong>en 2023?<\/p>\n<p>Ne bougez plus !<\/p>\n<p>Nous avons s\u00e9lectionn\u00e9 pour vous les plus <strong>gros influenceurs (et influenceuses) suisses<\/strong> :<\/p>\n<p>Pour construire cette liste nous trions et mettons \u00e0 jour toutes les donn\u00e9es des influenceurs sur les r\u00e9seaux sociaux.<\/p>\n<p>Nous totalisons les abonn\u00e9s sur Instagram, Facebook, TikTok, Youtube, Snapchat&#8230;<\/p>\n<p>Puis nous classons les<strong> influenceurs de Suisse par popularit\u00e9<\/strong>.<\/p>\n<p>Sans plus attendre, voici notre classement 2023 :<em><\/em><\/p>\n<p>&nbsp;<\/p>\n<blockquote>\n<p style=\"text-align: center;\">Lire \u00e9galement : <a href=\"https:\/\/mediaboss.fr\/agence-influenceur-suisse\/\" title=\"agence influenceur suisse\" target=\"_blank\" rel=\"noopener\">Top 12 Agences Influenceur En Suisse (2023)<\/a><em><\/em><\/p>\n<p style=\"text-align: center;\"><\/blockquote>\n<h2>Influenceur Suisse: c&rsquo;est quoi?<\/h2>\n<p>En 2023, un influenceur (en <strong>Suisse<\/strong> ou ailleurs) est un homme ou une femme \u00ab\u00a0<strong>leader d&rsquo;opinion locale\u00a0\u00bb.<\/strong><\/p>\n<p>Il ou elle influence les consommateurs <b>suisses <\/b>par une pr\u00e9sence active sur le web (ex: blog, site internet, boutique&#8230;) et les r\u00e9seaux sociaux : Instagram, Facebook, TikTok, Snapchat, Twitter&#8230;<\/p>\n<p>Un influenceur (une influenceuse) peut \u00eatre r\u00e9mun\u00e9r\u00e9 par une entreprise pour faire la promotion de produits ou services.<\/p>\n<p>Les <strong>influenceurs locaux<\/strong> (ex: \u00e0 <strong>Zurich, B\u00e2le, Bern, Gen\u00e8ve&#8230;<\/strong>) ne sont pas toujours r\u00e9mun\u00e9r\u00e9s.<\/p>\n<p>Ils peuvent \u00eatre tout simplement passionn\u00e9s par la <strong>Suisse<\/strong> et partager les <strong>bons plans suisses.<\/strong><\/p>\n<p><strong><\/strong><\/p>\n<h4>Micro influenceur et micro influenceuse en Suisse<\/h4>\n<p>Le terme de <strong>micro influenceur <\/strong>ou <strong>micro influenceuse<\/strong> (ou nano influenceur) est \u00e9galement utilis\u00e9 pour d\u00e9signer les influenceurs ayant peu d&rsquo;abonn\u00e9s par rapport aux gros influenceurs nationaux ou internationaux.<\/p>\n<p>Un micro influenceur (ou nano influenceur) a une port\u00e9e plut\u00f4t locale (ex: \u00e0 <strong>Zurich, B\u00e2le, Bern, Gen\u00e8ve<\/strong>&#8230;) ou r\u00e9gionale.<\/p>\n<p>Un micro influenceur a entre <strong>1 000 et 100 000 abonn\u00e9s<\/strong> environ.<\/p>\n<p>&nbsp;<\/p>\n<h2>Classement des +14 influenceurs (influenceuses) les plus populaires en Suisse en 2023<\/h2>\n<p>Les influenceurs et influenceuses en <strong>Suisse<\/strong> sont class\u00e9es par <strong>ordre d\u00e9croissant de popularit\u00e9<\/strong>.<\/p>\n<p>La popularit\u00e9 de l&rsquo;influenceur est d\u00e9finie par le total de tous les abonn\u00e9s sur les principaux r\u00e9seaux sociaux en France : Instagram, TikTok, Facebook, Snapchat&#8230;<\/p>\n<p>Nous avons donc additionn\u00e9 tous les abonn\u00e9s de chaque influenceur sur ces diff\u00e9rents r\u00e9seaux afin d&rsquo;\u00e9tablir une liste des <strong>top influenceurs de Suisse.<\/strong><\/p>\n<p>Voici notre liste des <strong>14 influenceurs et influenceuses en Suisse en 2023<\/strong> par popularit\u00e9 d\u00e9croissante (du moins populaire ou plus populaire):<\/p>\n<p>&nbsp;<\/p>\n<h3>14. @thereseandthekids &#8211; 19\u202f300 abonn\u00e9s<\/h3>\n<p>Influenceuse <strong>suisse<\/strong><\/p>\n<ul>\n<li>14\u202f600 abonn\u00e9s sur <strong>Instagram<\/strong> en 2023<\/li>\n<li>4 700 abonn\u00e9s sur <b>Facebook<\/b><\/li>\n<li>Vrai nom : <strong>Therese<\/strong><\/li>\n<li>Genre : <strong>femme<\/strong><\/li>\n<li>Nationalit\u00e9 : <strong>suisse<\/strong><\/li>\n<li>Bio Instagram : <em>\u00ab\u00a0Therese and the kids<br \/>Cr\u00e9ateur digital<br \/>Maman ordinaire qui normalise le \ud83c\udfaaquotidien<br \/>Ici pour que tu te sentes moins seule &amp; \ud83d\ude02<br \/>\ud83d\udc67\ud83c\udffd\ud83d\udc66\ud83c\udffc\ud83d\udc66\ud83c\udffb\ud83d\udc76\ud83c\udffc\ud83d\udc36\ud83d\udc08\ud83d\udc08\u200d\u2b1b #momlife<br \/>Cofounder of @holiskin_beauty\u00a0\u00bb<\/em><\/li>\n<li>Extrait photos :<\/li>\n<\/ul>\n<p><img loading=\"lazy\" decoding=\"async\" src=\"https:\/\/mediaboss.fr\/wp-content\/uploads\/influenceur-Suisse-Therese-and-the-kids-thereseandthekids-\u2022-Photos-et-videos-Instagram.jpg\" width=\"1201\" height=\"872\" alt=\"influenceuse suisse\" class=\"wp-image-3159 aligncenter size-full\" srcset=\"https:\/\/mediaboss.fr\/wp-content\/uploads\/influenceur-Suisse-Therese-and-the-kids-thereseandthekids-\u2022-Photos-et-videos-Instagram.jpg 1201w, https:\/\/mediaboss.fr\/wp-content\/uploads\/influenceur-Suisse-Therese-and-the-kids-thereseandthekids-\u2022-Photos-et-videos-Instagram-300x218.jpg 300w, https:\/\/mediaboss.fr\/wp-content\/uploads\/influenceur-Suisse-Therese-and-the-kids-thereseandthekids-\u2022-Photos-et-videos-Instagram-768x558.jpg 768w, https:\/\/mediaboss.fr\/wp-content\/uploads\/influenceur-Suisse-Therese-and-the-kids-thereseandthekids-\u2022-Photos-et-videos-Instagram-1080x784.jpg 1080w, https:\/\/mediaboss.fr\/wp-content\/uploads\/influenceur-Suisse-Therese-and-the-kids-thereseandthekids-\u2022-Photos-et-videos-Instagram-980x712.jpg 980w, https:\/\/mediaboss.fr\/wp-content\/uploads\/influenceur-Suisse-Therese-and-the-kids-thereseandthekids-\u2022-Photos-et-videos-Instagram-480x349.jpg 480w\" sizes=\"(max-width: 1201px) 100vw, 1201px\" \/><\/p>\n<p>&nbsp;<\/p>\n<h3>13. @graph_iam &#8211; 143\u202f065 abonn\u00e9s<\/h3>\n<p>Influenceur <strong>suisse<\/strong><\/p>\n<ul>\n<li>9\u202f655 abonn\u00e9s sur <strong>Instagram<\/strong> en 2023<\/li>\n<li>130 000 abonn\u00e9s sur <b>YouTube\u00a0<\/b><\/li>\n<li>3 410 abonn\u00e9s sur <b>Twitter<\/b><\/li>\n<li>Vrai nom : <strong>nc<\/strong><\/li>\n<li>Genre : <strong>homme<\/strong><\/li>\n<li>Nationalit\u00e9 : <strong>suisse<\/strong><\/li>\n<li>Bio Instagram : <em>\u00ab\u00a0GRAPHIAM<br \/>Cr\u00e9ateur de vid\u00e9os<br \/>\ud83c\udde8\ud83c\udded Swiss Videos Creator<br \/>\ud83d\udcf8 YouTube: Graphiam (130k)<br \/>\ud83c\udf99 Twitch: GraphiamTV (1.4K)\u00a0\u00bb<\/em><\/li>\n<li>Extrait photos :<\/li>\n<\/ul>\n<p><img loading=\"lazy\" decoding=\"async\" src=\"https:\/\/mediaboss.fr\/wp-content\/uploads\/influenceur-Suisse-GRAPHIAM-graph_iam-\u2022-Photos-et-videos-Instagram.jpg\" width=\"1200\" height=\"887\" alt=\"influenceur suisse\" class=\"wp-image-3158 aligncenter size-full\" srcset=\"https:\/\/mediaboss.fr\/wp-content\/uploads\/influenceur-Suisse-GRAPHIAM-graph_iam-\u2022-Photos-et-videos-Instagram.jpg 1200w, https:\/\/mediaboss.fr\/wp-content\/uploads\/influenceur-Suisse-GRAPHIAM-graph_iam-\u2022-Photos-et-videos-Instagram-300x222.jpg 300w, https:\/\/mediaboss.fr\/wp-content\/uploads\/influenceur-Suisse-GRAPHIAM-graph_iam-\u2022-Photos-et-videos-Instagram-768x568.jpg 768w, https:\/\/mediaboss.fr\/wp-content\/uploads\/influenceur-Suisse-GRAPHIAM-graph_iam-\u2022-Photos-et-videos-Instagram-1080x798.jpg 1080w, https:\/\/mediaboss.fr\/wp-content\/uploads\/influenceur-Suisse-GRAPHIAM-graph_iam-\u2022-Photos-et-videos-Instagram-980x724.jpg 980w, https:\/\/mediaboss.fr\/wp-content\/uploads\/influenceur-Suisse-GRAPHIAM-graph_iam-\u2022-Photos-et-videos-Instagram-480x355.jpg 480w\" sizes=\"(max-width: 1200px) 100vw, 1200px\" \/><\/p>\n<p>&nbsp;<\/p>\n<h3>12. @valentine_caporale &#8211; 202\u202f700 abonn\u00e9s<\/h3>\n<p>Influenceuse <strong>suisse<\/strong><\/p>\n<ul>\n<li>155\u202f000 abonn\u00e9s sur <strong>Instagram<\/strong> en 2023<\/li>\n<li>47\u202f700 abonn\u00e9s sur <b>YouTube\u00a0<\/b><\/li>\n<li>Vrai nom : <strong>Valentine Caporale<\/strong><\/li>\n<li>Genre : <strong>femme<\/strong><\/li>\n<li>Nationalit\u00e9 : <strong>suisse<\/strong><\/li>\n<li>Bio Instagram : <em>\u00ab\u00a0Valentine Reine des tartines<br \/>#family #love #fashion #beauty #travel<br \/>valentine.caporale@gmail.com\u2728<br \/>Geneva\ud83c\udde8\ud83c\uddedCH-USA fam\ud83c\uddfa\ud83c\uddf8<br \/>Our restaurant @capsbbq\ud83d\udd25<br \/>Co founder @josephine.agency\ud83d\udc9c\u00a0\u00bb<\/em><\/li>\n<li>Extrait photos :<\/li>\n<\/ul>\n<p><img loading=\"lazy\" decoding=\"async\" src=\"https:\/\/mediaboss.fr\/wp-content\/uploads\/influenceur-Suisse-Valentine-Reine-des-tartines-valentine_caporale-\u2022-Photos-et-videos-Instagram.jpg\" width=\"1200\" height=\"887\" alt=\"influenceurs suisse\" class=\"wp-image-3157 aligncenter size-full\" srcset=\"https:\/\/mediaboss.fr\/wp-content\/uploads\/influenceur-Suisse-Valentine-Reine-des-tartines-valentine_caporale-\u2022-Photos-et-videos-Instagram.jpg 1200w, https:\/\/mediaboss.fr\/wp-content\/uploads\/influenceur-Suisse-Valentine-Reine-des-tartines-valentine_caporale-\u2022-Photos-et-videos-Instagram-300x222.jpg 300w, https:\/\/mediaboss.fr\/wp-content\/uploads\/influenceur-Suisse-Valentine-Reine-des-tartines-valentine_caporale-\u2022-Photos-et-videos-Instagram-768x568.jpg 768w, https:\/\/mediaboss.fr\/wp-content\/uploads\/influenceur-Suisse-Valentine-Reine-des-tartines-valentine_caporale-\u2022-Photos-et-videos-Instagram-1080x798.jpg 1080w, https:\/\/mediaboss.fr\/wp-content\/uploads\/influenceur-Suisse-Valentine-Reine-des-tartines-valentine_caporale-\u2022-Photos-et-videos-Instagram-980x724.jpg 980w, https:\/\/mediaboss.fr\/wp-content\/uploads\/influenceur-Suisse-Valentine-Reine-des-tartines-valentine_caporale-\u2022-Photos-et-videos-Instagram-480x355.jpg 480w\" sizes=\"(max-width: 1200px) 100vw, 1200px\" \/><\/p>\n<p>&nbsp;<\/p>\n<h3>11. @eraedyla &#8211; 214\u202f000 abonn\u00e9s<\/h3>\n<p>Influenceuse <strong>suisse<\/strong><\/p>\n<ul>\n<li>214\u202f000 abonn\u00e9s sur <strong>Instagram<\/strong> en 2023<\/li>\n<li>Vrai nom : <strong>nc<\/strong><\/li>\n<li>Genre : <strong>femme<\/strong><\/li>\n<li>Nationalit\u00e9 : <strong>suisse<\/strong><\/li>\n<li>Bio Instagram : <em>\u00ab\u00a0ERA<br \/>Entrepreneur<br \/>@lavilla_tfx LVDCB7 \ud83c\udf34<br \/>@beigewear<br \/>@mamies.cookies<br \/>#geneve #zurich\u00a0\u00bb<\/em><\/li>\n<li>Extrait photos :<\/li>\n<\/ul>\n<p><img loading=\"lazy\" decoding=\"async\" src=\"https:\/\/mediaboss.fr\/wp-content\/uploads\/influenceur-Suisse-ERA-eraedyla-\u2022-Photos-et-videos-Instagram.jpg\" width=\"1201\" height=\"874\" alt=\"influenceur geneve\" class=\"wp-image-3156 aligncenter size-full\" srcset=\"https:\/\/mediaboss.fr\/wp-content\/uploads\/influenceur-Suisse-ERA-eraedyla-\u2022-Photos-et-videos-Instagram.jpg 1201w, https:\/\/mediaboss.fr\/wp-content\/uploads\/influenceur-Suisse-ERA-eraedyla-\u2022-Photos-et-videos-Instagram-300x218.jpg 300w, https:\/\/mediaboss.fr\/wp-content\/uploads\/influenceur-Suisse-ERA-eraedyla-\u2022-Photos-et-videos-Instagram-768x559.jpg 768w, https:\/\/mediaboss.fr\/wp-content\/uploads\/influenceur-Suisse-ERA-eraedyla-\u2022-Photos-et-videos-Instagram-1080x786.jpg 1080w, https:\/\/mediaboss.fr\/wp-content\/uploads\/influenceur-Suisse-ERA-eraedyla-\u2022-Photos-et-videos-Instagram-980x713.jpg 980w, https:\/\/mediaboss.fr\/wp-content\/uploads\/influenceur-Suisse-ERA-eraedyla-\u2022-Photos-et-videos-Instagram-480x349.jpg 480w\" sizes=\"(max-width: 1201px) 100vw, 1201px\" \/><\/p>\n<p>&nbsp;<\/p>\n<h2>Top 10 influenceurs et influenceuses en Suisse<\/h2>\n<p>Et voici le classement des 10 influenceurs et influenceuses les plus populaires en Suisse en 2023 :<\/p>\n<p>&nbsp;<\/p>\n<h3>10. @thefashionfraction &#8211; 470\u202f000 abonn\u00e9s<\/h3>\n<p>Influenceuse <strong>suisse<\/strong><\/p>\n<ul>\n<li>457\u202f000 abonn\u00e9s sur <strong>Instagram<\/strong> en 2023<\/li>\n<li>13 000 abonn\u00e9s sur <b>Facebook<\/b><\/li>\n<li>Vrai nom : <strong>Michele Krusi<\/strong><\/li>\n<li>Genre : <strong>femme<\/strong><\/li>\n<li>Nationalit\u00e9 : <strong>suisse<\/strong><\/li>\n<li>Bio Instagram : <em>\u00ab\u00a0Mich\u00e8le Kr\u00fcsi<br \/>Founder \/ Creative Director @leonessalingerie<br \/>Based in Lucerne, Switzerland<br \/>management@thefashionfraction.com\u00a0\u00bb<\/em><\/li>\n<li>Extrait photos :<\/li>\n<\/ul>\n<p><img loading=\"lazy\" decoding=\"async\" src=\"https:\/\/mediaboss.fr\/wp-content\/uploads\/influenceur-Suisse-Michele-Krusi-thefashionfraction-\u2022-Photos-et-videos-Instagram.jpg\" width=\"1200\" height=\"863\" alt=\"influenceuse geneve\" class=\"wp-image-3155 alignnone size-full\" srcset=\"https:\/\/mediaboss.fr\/wp-content\/uploads\/influenceur-Suisse-Michele-Krusi-thefashionfraction-\u2022-Photos-et-videos-Instagram.jpg 1200w, https:\/\/mediaboss.fr\/wp-content\/uploads\/influenceur-Suisse-Michele-Krusi-thefashionfraction-\u2022-Photos-et-videos-Instagram-300x216.jpg 300w, https:\/\/mediaboss.fr\/wp-content\/uploads\/influenceur-Suisse-Michele-Krusi-thefashionfraction-\u2022-Photos-et-videos-Instagram-768x552.jpg 768w, https:\/\/mediaboss.fr\/wp-content\/uploads\/influenceur-Suisse-Michele-Krusi-thefashionfraction-\u2022-Photos-et-videos-Instagram-1080x777.jpg 1080w, https:\/\/mediaboss.fr\/wp-content\/uploads\/influenceur-Suisse-Michele-Krusi-thefashionfraction-\u2022-Photos-et-videos-Instagram-980x705.jpg 980w, https:\/\/mediaboss.fr\/wp-content\/uploads\/influenceur-Suisse-Michele-Krusi-thefashionfraction-\u2022-Photos-et-videos-Instagram-480x345.jpg 480w\" sizes=\"(max-width: 1200px) 100vw, 1200px\" \/><\/p>\n<p>&nbsp;<\/p>\n<h3>9. @benjfriantofficial &#8211; 475\u202f400 abonn\u00e9s<\/h3>\n<p>Influenceur <strong>suisse<\/strong><\/p>\n<ul>\n<li>165\u202f000 abonn\u00e9s sur <strong>Instagram<\/strong> en 2023<\/li>\n<li>108\u202f000 abonn\u00e9s sur <b>YouTube\u00a0<\/b><\/li>\n<li>182\u202f400 abonn\u00e9s sur <b>TikTok<\/b><\/li>\n<li>20 000 abonn\u00e9s sur <b>Facebook<\/b><\/li>\n<li>Vrai nom : <strong>Benjamin Friant<\/strong><\/li>\n<li>Genre : <strong>homme<\/strong><\/li>\n<li>Nationalit\u00e9 : <strong>suisse<\/strong><\/li>\n<li>Bio Instagram : <em>\u00ab\u00a0BENJAMIN FRIANT YOUTUBER<br \/>Athl\u00e8te<br \/>Pro Scooter Rider &amp; Youtuber \ud83c\udde8\ud83c\udded<br \/>Tik tok (182k+) : benjfriant<br \/>Youtube (108k+) : Benjamin Friant<br \/>Ma vid\u00e9o du FISE 2023\u2026 Vous \u00eates pas pr\u00eats !!!\ud83d\udc47\ud83c\udffc\u00a0\u00bb<\/em><\/li>\n<li>Extrait photos :<\/li>\n<\/ul>\n<p><img loading=\"lazy\" decoding=\"async\" src=\"https:\/\/mediaboss.fr\/wp-content\/uploads\/influenceur-Suisse-BENJAMIN-FRIANT-YOUTUBER-benjfriantofficial-\u2022-Photos-et-videos-Instagram.jpg\" width=\"1200\" height=\"884\" alt=\"instagrameuse suisse\" class=\"wp-image-3154 aligncenter size-full\" srcset=\"https:\/\/mediaboss.fr\/wp-content\/uploads\/influenceur-Suisse-BENJAMIN-FRIANT-YOUTUBER-benjfriantofficial-\u2022-Photos-et-videos-Instagram.jpg 1200w, https:\/\/mediaboss.fr\/wp-content\/uploads\/influenceur-Suisse-BENJAMIN-FRIANT-YOUTUBER-benjfriantofficial-\u2022-Photos-et-videos-Instagram-300x221.jpg 300w, https:\/\/mediaboss.fr\/wp-content\/uploads\/influenceur-Suisse-BENJAMIN-FRIANT-YOUTUBER-benjfriantofficial-\u2022-Photos-et-videos-Instagram-768x566.jpg 768w, https:\/\/mediaboss.fr\/wp-content\/uploads\/influenceur-Suisse-BENJAMIN-FRIANT-YOUTUBER-benjfriantofficial-\u2022-Photos-et-videos-Instagram-1080x796.jpg 1080w, https:\/\/mediaboss.fr\/wp-content\/uploads\/influenceur-Suisse-BENJAMIN-FRIANT-YOUTUBER-benjfriantofficial-\u2022-Photos-et-videos-Instagram-980x722.jpg 980w, https:\/\/mediaboss.fr\/wp-content\/uploads\/influenceur-Suisse-BENJAMIN-FRIANT-YOUTUBER-benjfriantofficial-\u2022-Photos-et-videos-Instagram-480x354.jpg 480w\" sizes=\"(max-width: 1200px) 100vw, 1200px\" \/><\/p>\n<p>&nbsp;<\/p>\n<h3>8. @bastianbaker &#8211; 537\u202f800 abonn\u00e9s<\/h3>\n<p>Influenceur <strong>suisse<\/strong><\/p>\n<ul>\n<li>120\u202f000 abonn\u00e9s sur <strong>Instagram<\/strong> en 2023<\/li>\n<li>45\u202f800 abonn\u00e9s sur <b>YouTube\u00a0<\/b><\/li>\n<li>172 000 abonn\u00e9s sur <b>Facebook<\/b><b><\/b><\/li>\n<li>200 000 abonn\u00e9s sur <b>Twitter<\/b><\/li>\n<li>Vrai nom : <strong>Bastian Baker<\/strong><\/li>\n<li>Genre : <strong>homme<\/strong><\/li>\n<li>Nationalit\u00e9 : <strong>suisse<\/strong><\/li>\n<li>Bio Instagram : <em>\u00ab\u00a0Bastian Baker<br \/>Swiss singer songwriter \/ new album out!!!\u00a0\u00bb<\/em><\/li>\n<li>Extrait photos :<\/li>\n<\/ul>\n<p><img loading=\"lazy\" decoding=\"async\" src=\"https:\/\/mediaboss.fr\/wp-content\/uploads\/influenceur-Suisse-Bastian-Baker-bastianbaker-\u2022-Photos-et-videos-Instagram.jpg\" width=\"1200\" height=\"865\" alt=\"influenceur suisse connu\" class=\"wp-image-3153 aligncenter size-full\" srcset=\"https:\/\/mediaboss.fr\/wp-content\/uploads\/influenceur-Suisse-Bastian-Baker-bastianbaker-\u2022-Photos-et-videos-Instagram.jpg 1200w, https:\/\/mediaboss.fr\/wp-content\/uploads\/influenceur-Suisse-Bastian-Baker-bastianbaker-\u2022-Photos-et-videos-Instagram-300x216.jpg 300w, https:\/\/mediaboss.fr\/wp-content\/uploads\/influenceur-Suisse-Bastian-Baker-bastianbaker-\u2022-Photos-et-videos-Instagram-768x554.jpg 768w, https:\/\/mediaboss.fr\/wp-content\/uploads\/influenceur-Suisse-Bastian-Baker-bastianbaker-\u2022-Photos-et-videos-Instagram-1080x779.jpg 1080w, https:\/\/mediaboss.fr\/wp-content\/uploads\/influenceur-Suisse-Bastian-Baker-bastianbaker-\u2022-Photos-et-videos-Instagram-980x706.jpg 980w, https:\/\/mediaboss.fr\/wp-content\/uploads\/influenceur-Suisse-Bastian-Baker-bastianbaker-\u2022-Photos-et-videos-Instagram-480x346.jpg 480w\" sizes=\"(max-width: 1200px) 100vw, 1200px\" \/><\/p>\n<p>&nbsp;<\/p>\n<h3>7. @dearcarotte &#8211; 1\u202f074\u202f200 abonn\u00e9s<\/h3>\n<p>Influenceuse <strong>suisse<\/strong><\/p>\n<ul>\n<li>217\u202f000 abonn\u00e9s sur <strong>Instagram<\/strong> en 2023<\/li>\n<li>783\u202f000 abonn\u00e9s sur <b>YouTube\u00a0<\/b><\/li>\n<li>74\u202f200 abonn\u00e9s sur <b>TikTok<\/b><\/li>\n<li>Vrai nom : <strong>Caroline Leuba<\/strong><\/li>\n<li>Genre : <strong>femme<\/strong><\/li>\n<li>Nationalit\u00e9 : <strong>suisse<\/strong><\/li>\n<li>Bio Instagram : <em>\u00ab\u00a0Caroline Leuba<br \/>Cr\u00e9ateur digital<br \/>Au moins je.\u00a0\u00bb<\/em><\/li>\n<li>Extrait photos :<\/li>\n<\/ul>\n<p><img loading=\"lazy\" decoding=\"async\" src=\"https:\/\/mediaboss.fr\/wp-content\/uploads\/influenceur-Suisse-Caroline-Leuba-dearcarotte-\u2022-Photos-et-videos-Instagram.jpg\" width=\"1200\" height=\"873\" alt=\"influenceurs suisses\" class=\"wp-image-3152 aligncenter size-full\" srcset=\"https:\/\/mediaboss.fr\/wp-content\/uploads\/influenceur-Suisse-Caroline-Leuba-dearcarotte-\u2022-Photos-et-videos-Instagram.jpg 1200w, https:\/\/mediaboss.fr\/wp-content\/uploads\/influenceur-Suisse-Caroline-Leuba-dearcarotte-\u2022-Photos-et-videos-Instagram-300x218.jpg 300w, https:\/\/mediaboss.fr\/wp-content\/uploads\/influenceur-Suisse-Caroline-Leuba-dearcarotte-\u2022-Photos-et-videos-Instagram-768x559.jpg 768w, https:\/\/mediaboss.fr\/wp-content\/uploads\/influenceur-Suisse-Caroline-Leuba-dearcarotte-\u2022-Photos-et-videos-Instagram-1080x786.jpg 1080w, https:\/\/mediaboss.fr\/wp-content\/uploads\/influenceur-Suisse-Caroline-Leuba-dearcarotte-\u2022-Photos-et-videos-Instagram-980x713.jpg 980w, https:\/\/mediaboss.fr\/wp-content\/uploads\/influenceur-Suisse-Caroline-Leuba-dearcarotte-\u2022-Photos-et-videos-Instagram-480x349.jpg 480w\" sizes=\"(max-width: 1200px) 100vw, 1200px\" \/><\/p>\n<p>&nbsp;<\/p>\n<p style=\"text-align: center;\">Lire \u00e9galement : <a href=\"https:\/\/mediaboss.fr\/tiktokeur-suisse\/\" title=\"tiktokeur suisse\" target=\"_blank\" rel=\"noopener\">Classement des 11 TikTokeurs Suisse Les Plus Populaires<\/a><\/p>\n<p>&nbsp;<\/p>\n<h3>6. @imsamiloft &#8211; 1\u202f330\u202f536 abonn\u00e9s<\/h3>\n<p>Influenceur <strong>suisse<\/strong><\/p>\n<ul>\n<li>41\u202f200 abonn\u00e9s sur <strong>Instagram<\/strong> en 2023<\/li>\n<li>185\u202f000 abonn\u00e9s sur <b>YouTube\u00a0<\/b><\/li>\n<li>1 100 000 abonn\u00e9s sur <b>TikTok<\/b><\/li>\n<li>4 300 abonn\u00e9s sur <b>Twitter<\/b><\/li>\n<li>Vrai nom : <strong>Sami Loft<\/strong><\/li>\n<li>Genre : <strong>homme<\/strong><\/li>\n<li>Nationalit\u00e9 : <strong>suisse<\/strong><\/li>\n<li>Bio Instagram : <em>\u00ab\u00a0Sami Loft he\/him<br \/>Cr\u00e9ateur digital<br \/>Lausanne\/Paris,\ud83c\udde8\ud83c\udded\ud83c\uddeb\ud83c\uddf7<br \/>tiktok 1M : samiloft<br \/>\ud83d\udcee sami@po.agency\u00a0\u00bb<\/em><\/li>\n<li>Extrait photos :<\/li>\n<\/ul>\n<p>aa<img loading=\"lazy\" decoding=\"async\" src=\"https:\/\/mediaboss.fr\/wp-content\/uploads\/influenceur-Suisse-Sami-Loft-imsamiloft-\u2022-Photos-et-videos-Instagram.jpg\" width=\"1201\" height=\"875\" alt=\"influenceurs suisse romande\" class=\"wp-image-3151 aligncenter size-full\" srcset=\"https:\/\/mediaboss.fr\/wp-content\/uploads\/influenceur-Suisse-Sami-Loft-imsamiloft-\u2022-Photos-et-videos-Instagram.jpg 1201w, https:\/\/mediaboss.fr\/wp-content\/uploads\/influenceur-Suisse-Sami-Loft-imsamiloft-\u2022-Photos-et-videos-Instagram-300x219.jpg 300w, https:\/\/mediaboss.fr\/wp-content\/uploads\/influenceur-Suisse-Sami-Loft-imsamiloft-\u2022-Photos-et-videos-Instagram-768x560.jpg 768w, https:\/\/mediaboss.fr\/wp-content\/uploads\/influenceur-Suisse-Sami-Loft-imsamiloft-\u2022-Photos-et-videos-Instagram-1080x787.jpg 1080w, https:\/\/mediaboss.fr\/wp-content\/uploads\/influenceur-Suisse-Sami-Loft-imsamiloft-\u2022-Photos-et-videos-Instagram-980x714.jpg 980w, https:\/\/mediaboss.fr\/wp-content\/uploads\/influenceur-Suisse-Sami-Loft-imsamiloft-\u2022-Photos-et-videos-Instagram-480x350.jpg 480w\" sizes=\"(max-width: 1201px) 100vw, 1201px\" \/>a<\/p>\n<p>&nbsp;<\/p>\n<h3>5. @iambirdyy &#8211; 1\u202f548\u202f000 abonn\u00e9s<\/h3>\n<p>Influenceur <strong>suisse<\/strong><\/p>\n<ul>\n<li>168\u202f000 abonn\u00e9s sur <strong>Instagram<\/strong> en 2023<\/li>\n<li>1\u202f380\u202f000 abonn\u00e9s sur <b>YouTube\u00a0<\/b><\/li>\n<li>Vrai nom : <strong>Cedric<\/strong><\/li>\n<li>Genre : <strong>homme<\/strong><\/li>\n<li>Nationalit\u00e9 : <strong>suisse<\/strong><\/li>\n<li>Bio Instagram : <em>\u00ab\u00a0CEDRIC<br \/>Personnalit\u00e9 publique<br \/>Agent : @charline_qln\u00a0\u00bb<\/em><\/li>\n<li>Extrait photos :<\/li>\n<\/ul>\n<p><img loading=\"lazy\" decoding=\"async\" src=\"https:\/\/mediaboss.fr\/wp-content\/uploads\/influenceur-Suisse-CEDRIC-iambirdyy-\u2022-Photos-et-videos-Instagram.jpg\" width=\"1201\" height=\"880\" alt=\"influenceur suisse homme\" class=\"wp-image-3150 aligncenter size-full\" srcset=\"https:\/\/mediaboss.fr\/wp-content\/uploads\/influenceur-Suisse-CEDRIC-iambirdyy-\u2022-Photos-et-videos-Instagram.jpg 1201w, https:\/\/mediaboss.fr\/wp-content\/uploads\/influenceur-Suisse-CEDRIC-iambirdyy-\u2022-Photos-et-videos-Instagram-300x220.jpg 300w, https:\/\/mediaboss.fr\/wp-content\/uploads\/influenceur-Suisse-CEDRIC-iambirdyy-\u2022-Photos-et-videos-Instagram-768x563.jpg 768w, https:\/\/mediaboss.fr\/wp-content\/uploads\/influenceur-Suisse-CEDRIC-iambirdyy-\u2022-Photos-et-videos-Instagram-1080x791.jpg 1080w, https:\/\/mediaboss.fr\/wp-content\/uploads\/influenceur-Suisse-CEDRIC-iambirdyy-\u2022-Photos-et-videos-Instagram-980x718.jpg 980w, https:\/\/mediaboss.fr\/wp-content\/uploads\/influenceur-Suisse-CEDRIC-iambirdyy-\u2022-Photos-et-videos-Instagram-480x352.jpg 480w\" sizes=\"(max-width: 1201px) 100vw, 1201px\" \/><\/p>\n<p>&nbsp;<\/p>\n<h3>4. @chiaracastelli &#8211; 2\u202f358\u202f000 abonn\u00e9s<\/h3>\n<p>Influenceuse <strong>suisse<\/strong><\/p>\n<ul>\n<li>451\u202f000 abonn\u00e9s sur <strong>Instagram<\/strong> en 2023<\/li>\n<li>107\u202f000 abonn\u00e9s sur <b>YouTube\u00a0<\/b><\/li>\n<li>1 800 000 abonn\u00e9s sur <b>TikTok<\/b><\/li>\n<li>Vrai nom : <strong>Chiara Castelli<\/strong><\/li>\n<li>Genre : <strong>femme<\/strong><\/li>\n<li>Nationalit\u00e9 : <strong>suisse<\/strong><\/li>\n<li>Bio Instagram : <em>\u00ab\u00a0Chiara Castelli<br \/>Musicien<br \/>Singer\/Songwriter<br \/>@check_my_imprint<br \/>\ud83d\udc47\ud83c\udffc\u2728ROADRUNNER COMING SOON\u2728\ud83d\udc47\ud83c\udffc\u00a0\u00bb<\/em><\/li>\n<li>Extrait photos :<\/li>\n<\/ul>\n<p><img loading=\"lazy\" decoding=\"async\" src=\"https:\/\/mediaboss.fr\/wp-content\/uploads\/influenceur-Suisse-Chiara-Castelli-chiaracastelli-\u2022-Photos-et-videos-Instagram.jpg\" width=\"1199\" height=\"868\" alt=\"influenceuse suisse\" class=\"wp-image-3149 aligncenter size-full\" srcset=\"https:\/\/mediaboss.fr\/wp-content\/uploads\/influenceur-Suisse-Chiara-Castelli-chiaracastelli-\u2022-Photos-et-videos-Instagram.jpg 1199w, https:\/\/mediaboss.fr\/wp-content\/uploads\/influenceur-Suisse-Chiara-Castelli-chiaracastelli-\u2022-Photos-et-videos-Instagram-300x217.jpg 300w, https:\/\/mediaboss.fr\/wp-content\/uploads\/influenceur-Suisse-Chiara-Castelli-chiaracastelli-\u2022-Photos-et-videos-Instagram-768x556.jpg 768w, https:\/\/mediaboss.fr\/wp-content\/uploads\/influenceur-Suisse-Chiara-Castelli-chiaracastelli-\u2022-Photos-et-videos-Instagram-1080x782.jpg 1080w, https:\/\/mediaboss.fr\/wp-content\/uploads\/influenceur-Suisse-Chiara-Castelli-chiaracastelli-\u2022-Photos-et-videos-Instagram-980x709.jpg 980w, https:\/\/mediaboss.fr\/wp-content\/uploads\/influenceur-Suisse-Chiara-Castelli-chiaracastelli-\u2022-Photos-et-videos-Instagram-480x347.jpg 480w\" sizes=\"(max-width: 1199px) 100vw, 1199px\" \/><\/p>\n<p>&nbsp;<\/p>\n<h3>3. @anilbrancaleoni &#8211; 2\u202f778\u202f700 abonn\u00e9s<\/h3>\n<p>Influenceur <strong>suisse<\/strong><\/p>\n<ul>\n<li>653\u202f000 abonn\u00e9s sur <strong>Instagram<\/strong> en 2023<\/li>\n<li>656\u202f000 abonn\u00e9s sur <b>YouTube\u00a0<\/b><\/li>\n<li>368 000 abonn\u00e9s sur <b>Facebook<\/b><\/li>\n<li>887 300 abonn\u00e9s sur <b>Twitter<\/b><\/li>\n<li>214\u202f400 abonn\u00e9s sur <strong>Twitch<\/strong><\/li>\n<li>Vrai nom : <strong>Anil B.<\/strong><\/li>\n<li>Genre : <strong>homme<\/strong><\/li>\n<li>Nationalit\u00e9 : <strong>suisse<\/strong><\/li>\n<li>Bio Instagram : <em>\u00ab\u00a0Anil B<br \/>Cr\u00e9ateur de vid\u00e9os<br \/>On m\u2019appelle aussi WaRTeK<br \/>Ambassadeur @fairmoove<br \/>\ud83d\udccdHome<br \/>\ud83d\udce7 contact@wartek.ch<br \/>Ma boutique @fairmoove \u2b07\ufe0f\u00a0\u00bb<\/em><\/li>\n<li>Extrait photos :<\/li>\n<\/ul>\n<p><img loading=\"lazy\" decoding=\"async\" src=\"https:\/\/mediaboss.fr\/wp-content\/uploads\/influenceur-Suisse-Anil-B-anilbrancaleoni-\u2022-Photos-et-videos-Instagram.jpg\" width=\"1201\" height=\"873\" alt=\"influenceur Suisse\" class=\"wp-image-3148 aligncenter size-full\" srcset=\"https:\/\/mediaboss.fr\/wp-content\/uploads\/influenceur-Suisse-Anil-B-anilbrancaleoni-\u2022-Photos-et-videos-Instagram.jpg 1201w, https:\/\/mediaboss.fr\/wp-content\/uploads\/influenceur-Suisse-Anil-B-anilbrancaleoni-\u2022-Photos-et-videos-Instagram-300x218.jpg 300w, https:\/\/mediaboss.fr\/wp-content\/uploads\/influenceur-Suisse-Anil-B-anilbrancaleoni-\u2022-Photos-et-videos-Instagram-768x558.jpg 768w, https:\/\/mediaboss.fr\/wp-content\/uploads\/influenceur-Suisse-Anil-B-anilbrancaleoni-\u2022-Photos-et-videos-Instagram-1080x785.jpg 1080w, https:\/\/mediaboss.fr\/wp-content\/uploads\/influenceur-Suisse-Anil-B-anilbrancaleoni-\u2022-Photos-et-videos-Instagram-980x712.jpg 980w, https:\/\/mediaboss.fr\/wp-content\/uploads\/influenceur-Suisse-Anil-B-anilbrancaleoni-\u2022-Photos-et-videos-Instagram-480x349.jpg 480w\" sizes=\"(max-width: 1201px) 100vw, 1201px\" \/><\/p>\n<p>&nbsp;<\/p>\n<h3>2. @legrandjd &#8211; 5\u202f145\u202f000 abonn\u00e9s<\/h3>\n<p>Influenceur <strong>suisse<\/strong><\/p>\n<ul>\n<li>935\u202f000 abonn\u00e9s sur <strong>Instagram<\/strong> en 2023<\/li>\n<li>3\u202f580\u202f000 abonn\u00e9s sur <b>YouTube\u00a0<\/b><\/li>\n<li>630 000 abonn\u00e9s sur <b>Twitter<\/b><\/li>\n<li>Vrai nom : <strong>nc<\/strong><\/li>\n<li>Genre : <strong>homme<\/strong><\/li>\n<li>Nationalit\u00e9 : <strong>suisse<\/strong><\/li>\n<li>Bio Instagram : <em>\u00ab\u00a0LE GRAND JD<br \/>Cr\u00e9ateur de vid\u00e9os<br \/>\ud83c\udde8\ud83c\udded\ud83c\udf32\ud83e\uddd9\ud83c\udffb\u200d\u2642\ufe0f\ud83d\udc7b\ud83d\udd2e\ud83d\udc3b\ud83c\udfd5\ud83d\udd25\ud83e\udd9d\ud83d\udef6\ud83d\udc17\ud83d\udc07\ud83e\udd8f\ud83d\udd77\ud83c\udff0\ud83d\udd26\ud83c\udfde\ud83c\udf0c\ud83c\udf35\ud83d\udc0b\ud83c\udff4\u200d\u2620\ufe0f\ud83d\udc79\ud83c\udf0d\ud83d\udc3e\ud83e\udd52\ud83e\udd55\ud83c\udf5c\u2694\ufe0f\ud83e\uddea\ud83c\udfae\ud83d\udd24<br \/>\u2b07\ufe0fCHA\u00ceNE YOUTUBE\u2b07\ufe0f\u00a0\u00bb<\/em><\/li>\n<li>Extrait photos :<\/li>\n<\/ul>\n<p><img loading=\"lazy\" decoding=\"async\" src=\"https:\/\/mediaboss.fr\/wp-content\/uploads\/influenceur-Suisse-LE-GRAND-JD-legrandjd-\u2022-Photos-et-videos-Instagram.jpg\" width=\"1200\" height=\"868\" alt=\"influenceur Suisse\" class=\"wp-image-3147 aligncenter size-full\" srcset=\"https:\/\/mediaboss.fr\/wp-content\/uploads\/influenceur-Suisse-LE-GRAND-JD-legrandjd-\u2022-Photos-et-videos-Instagram.jpg 1200w, https:\/\/mediaboss.fr\/wp-content\/uploads\/influenceur-Suisse-LE-GRAND-JD-legrandjd-\u2022-Photos-et-videos-Instagram-300x217.jpg 300w, https:\/\/mediaboss.fr\/wp-content\/uploads\/influenceur-Suisse-LE-GRAND-JD-legrandjd-\u2022-Photos-et-videos-Instagram-768x556.jpg 768w, https:\/\/mediaboss.fr\/wp-content\/uploads\/influenceur-Suisse-LE-GRAND-JD-legrandjd-\u2022-Photos-et-videos-Instagram-1080x781.jpg 1080w, https:\/\/mediaboss.fr\/wp-content\/uploads\/influenceur-Suisse-LE-GRAND-JD-legrandjd-\u2022-Photos-et-videos-Instagram-980x709.jpg 980w, https:\/\/mediaboss.fr\/wp-content\/uploads\/influenceur-Suisse-LE-GRAND-JD-legrandjd-\u2022-Photos-et-videos-Instagram-480x347.jpg 480w\" sizes=\"(max-width: 1200px) 100vw, 1200px\" \/><\/p>\n<p>&nbsp;<\/p>\n<h3>1. @kristinabazan &#8211; 12\u202f234\u202f500 abonn\u00e9s<\/h3>\n<p>Influenceuse <strong>suisse<\/strong><\/p>\n<ul>\n<li>10\u202f300\u202f000 abonn\u00e9s sur <strong>Instagram<\/strong> en 2023<\/li>\n<li>34\u202f500 abonn\u00e9s sur <b>YouTube\u00a0<\/b><\/li>\n<li>1 900 000 abonn\u00e9s sur <b>Facebook<\/b><\/li>\n<li>Vrai nom : <strong>Kristina Bazan<\/strong><\/li>\n<li>Genre : <strong>femme<\/strong><\/li>\n<li>Nationalit\u00e9 : <strong>suisse<\/strong><\/li>\n<li>Bio Instagram : <em>\u00ab\u00a0Kristina Bazan<br \/>Artiste<br \/>The Space : @kazabazan<br \/>\ud83c\udfbcMy music and latest track \u00ab Nothing \u00bb are available now on all streaming platforms\u00a0\u00bb<\/em><\/li>\n<li>Extrait photos :<\/li>\n<\/ul>\n<p><img loading=\"lazy\" decoding=\"async\" src=\"https:\/\/mediaboss.fr\/wp-content\/uploads\/influenceur-Suisse-Kristina-Bazan-kristinabazan-\u2022-Photos-et-videos-Instagram.jpg\" width=\"1200\" height=\"870\" alt=\"influenceuse suisse\" class=\"wp-image-3146 aligncenter size-full\" srcset=\"https:\/\/mediaboss.fr\/wp-content\/uploads\/influenceur-Suisse-Kristina-Bazan-kristinabazan-\u2022-Photos-et-videos-Instagram.jpg 1200w, https:\/\/mediaboss.fr\/wp-content\/uploads\/influenceur-Suisse-Kristina-Bazan-kristinabazan-\u2022-Photos-et-videos-Instagram-300x218.jpg 300w, https:\/\/mediaboss.fr\/wp-content\/uploads\/influenceur-Suisse-Kristina-Bazan-kristinabazan-\u2022-Photos-et-videos-Instagram-768x557.jpg 768w, https:\/\/mediaboss.fr\/wp-content\/uploads\/influenceur-Suisse-Kristina-Bazan-kristinabazan-\u2022-Photos-et-videos-Instagram-1080x783.jpg 1080w, https:\/\/mediaboss.fr\/wp-content\/uploads\/influenceur-Suisse-Kristina-Bazan-kristinabazan-\u2022-Photos-et-videos-Instagram-980x711.jpg 980w, https:\/\/mediaboss.fr\/wp-content\/uploads\/influenceur-Suisse-Kristina-Bazan-kristinabazan-\u2022-Photos-et-videos-Instagram-480x348.jpg 480w\" sizes=\"(max-width: 1200px) 100vw, 1200px\" \/><\/p>\n<p>&nbsp;<\/p>\n<h2>Conclusion<\/h2>\n<p>Bravo ! Vous \u00eates arriv\u00e9s au bout de notre classement des <strong>14 influenceuses et influenceurs situ\u00e9s en Suisse <\/strong>et dans les villes de<strong> Zurich, B\u00e2le, Bern, Gen\u00e8ve<\/strong>&#8230;<\/p>\n<p>Vous pouvez d\u00e9sormais facilement chercher et trouver des <strong>influenceurs (influenceuses) suisses<\/strong>\u00a0populaires sur Instagram, TikTok, Facebook&#8230;<\/p>\n<p>N&rsquo;h\u00e9sitez pas \u00e0 nous <a href=\"\/contact\/\" title=\"contact\">contacter<\/a> pour modifier ou compl\u00e9ter ce <strong>top influenceurs en Suisse.<\/strong><\/p>\n<p>Ou si vous souhaitez collaborer avec Mediaboss : publicit\u00e9, liens, partenariat&#8230;<\/p>\n<p>Tout est possible ! Nous sommes \u00e0 votre disposition.<\/p>\n<p>*<\/p>\n<p><strong>Autres questions pos\u00e9es concernant les influenceurs suisses :<\/strong><\/p>\n<p><strong><\/strong><\/p>\n<h2>Qui est l&rsquo;influenceur le plus connu en Suisse en 2023?<\/h2>\n<p><strong>L&rsquo;influenceur le plus connu en Suisse en 2023 est Kristina Bazan avec plus de 12 milllions d&rsquo;abonn\u00e9s sur tous ses r\u00e9seaux sociaux :<\/strong><\/p>\n<ul>\n<li>+10 millions abonn\u00e9s sur <strong>Instagram<\/strong> en 2023<\/li>\n<li>+34\u202f500 abonn\u00e9s sur <b>YouTube\u00a0<\/b><\/li>\n<li>+1,9 million abonn\u00e9s sur <b>Facebook<\/b><\/li>\n<\/ul>\n<p>Et d\u00e9couvrez ci-dessus notre <strong>classement d\u00e9taill\u00e9 des 14 influenceurs suisse les plus connus<\/strong>\u00a0 en 2023.<b><\/b><\/p>\n<p>&nbsp;<\/p>\n<h2>Comment devenir influenceur en Suisse en 2023?<strong><br \/><\/strong><\/h2>\n<p><strong>Pour devenir influenceur Suisse en 2023, voici 5 \u00e9tapes \u00e0 suivre :<\/strong><\/p>\n<ol>\n<li>Choisissez 1 secteur d&rsquo;activit\u00e9 o\u00f9 vous avez une expertise<\/li>\n<li>S\u00e9lectionnez 1 ou plusieurs r\u00e9seaux sociaux : Instagram, TikTok, YouTube&#8230;<\/li>\n<li>Cr\u00e9ez des contenus \u00e0 valeur ajout\u00e9 pour votre communaut\u00e9 (abonn\u00e9s<\/li>\n<li>Engagez et d\u00e9veloppez votre communaut\u00e9<\/li>\n<li>Mon\u00e9tisez votre audience aupr\u00e8s de marques ou entreprises suisses dans votre th\u00e9matique<\/li>\n<\/ol>\n<p>Soyez patient, la route est longue ! \ud83d\ude42<\/p>\n<p>&nbsp;<\/p>\n<p><strong><\/strong><\/p>\n<h2>Comment devenir influenceur en Suisse en 2023?<\/h2>\n<p><strong>Pour devenir influenceur ou (influenceuse) en Suisse en 2023, il faut suivre diff\u00e9rentes \u00e9tapes :<\/strong><\/p>\n<ul>\n<li>Constituer une audience ou une communaut\u00e9 fid\u00e8le<\/li>\n<li>G\u00e9n\u00e9rer de l&rsquo;engagement aupr\u00e8s de vos fans avec votre contenu cr\u00e9atif : photos, vid\u00e9os, images&#8230;<\/li>\n<li>Vous faire remarquer aupr\u00e8s de marques qui peuvent vous r\u00e9mun\u00e9rer pour faire leur publicit\u00e9 (sponsoring)<\/li>\n<\/ul>\n<p>Il faut beaucoup de patience et de discipline avant de vivre de l&rsquo;influence en Suisse.<\/p>\n<p>&nbsp;<\/p>\n<h2>Qui paie les influenceurs en 2023?<\/h2>\n<p><strong>\u00a0En 2023, les influenceurs sont g\u00e9n\u00e9ralement pay\u00e9s par des marques ou entreprises afin de faire la promotion de leurs produits et services (post sponsoris\u00e9).<\/strong><\/p>\n<p>En \u00e9change d&rsquo;un ou plusieurs posts sur les r\u00e9seaux sociaux (Instagram, TikTok, YouTube, Snapchat&#8230;), les entreprises payent l&rsquo;influenceur pour la visibilit\u00e9 g\u00e9n\u00e9r\u00e9e.<\/p>\n<p>Les influenceurs peuvent \u00e9galement gagner de l&rsquo;argent avec l&rsquo;affiliation ou la publicit\u00e9 (display).<\/p>\n<p>[\/et_pb_text][et_pb_text _builder_version=\u00a0\u00bb4.18.0&Prime; _module_preset=\u00a0\u00bbdefault\u00a0\u00bb link_line_height=\u00a0\u00bb1.7em\u00a0\u00bb ul_line_height=\u00a0\u00bb1.7em\u00a0\u00bb ol_line_height=\u00a0\u00bb1.7em\u00a0\u00bb quote_line_height=\u00a0\u00bb1.7em\u00a0\u00bb global_module=\u00a0\u00bb2819&Prime; saved_tabs=\u00a0\u00bball\u00a0\u00bb global_colors_info=\u00a0\u00bb{}\u00a0\u00bb]<\/p>\n<p>*<\/p>\n<p><strong>Vous allez \u00eatre int\u00e9ress\u00e9 par notre classement des top influenceurs (influenceuses) class\u00e9s par:<\/strong><\/p>\n<h4>THEMES :<\/h4>\n<ul>\n<li><a href=\"https:\/\/mediaboss.fr\/influenceur-homme\/\" title=\"influenceur homme\">Top 16 Influenceurs <strong>Homme<\/strong><\/a><\/li>\n<li><a href=\"https:\/\/mediaboss.fr\/influenceur-restaurant\/\" title=\"influenceur restaurant\">Top 12 Influenceurs <strong>Restaurant<\/strong><\/a><\/li>\n<li><a href=\"https:\/\/mediaboss.fr\/influenceur-voyage\/\" title=\"influenceur voyage\">Top 16 Influenceurs <strong>Voyage<\/strong><\/a><\/li>\n<li><a href=\"https:\/\/mediaboss.fr\/influenceur-sport\" title=\"influenceur sport\">Top 15 Influenceurs <strong>Sport<\/strong><\/a><\/li>\n<li><a href=\"https:\/\/mediaboss.fr\/influenceur-food\/\" title=\"influenceur food\">Top 17 Influenceurs <strong>Food<\/strong><\/a><\/li>\n<li><a href=\"https:\/\/mediaboss.fr\/artiste-influenceur\/\" title=\"artiste influenceur\">Top 19 <strong>Artistes Influenceurs<\/strong><\/a><\/li>\n<li><a href=\"https:\/\/mediaboss.fr\/musee-instagram\/\" title=\"mus\u00e9e Instagram\">Top 16 <strong>Mus\u00e9es Instagram<\/strong><\/a><\/li>\n<li><a href=\"https:\/\/mediaboss.fr\/influenceur-snapchat\/\" title=\"influenceur Snapchat\">Top 18 Influenceurs sur <strong>Snapchat<\/strong><\/a><\/li>\n<\/ul>\n<h4>PAYS :<\/h4>\n<ul>\n<li><a href=\"https:\/\/mediaboss.fr\/classement-influenceurs-france\/\" title=\"classement influenceurs France\">Top 16 influenceurs &amp; influenceuses en <strong>France<\/strong><\/a><\/li>\n<li><a href=\"https:\/\/mediaboss.fr\/influenceur-suisse\/\" title=\"influenceur suisse\">Top 14 influenceurs &amp; influenceuses en <strong>Suisse<\/strong><\/a><\/li>\n<li><a href=\"https:\/\/mediaboss.fr\/influenceur-espagne\/\" title=\"influenceur espagne\">Top 19 influenceurs &amp; influenceuses en <strong>Espagne<\/strong><\/a><\/li>\n<li><a href=\"https:\/\/mediaboss.fr\/influenceur-maroc\/\" title=\"influenceur maroc\">Top 19 influenceurs &amp; influenceuses au <strong>Maroc<\/strong><\/a><a href=\"https:\/\/mediaboss.fr\/influenceur-espagne\/\" title=\"influenceur espagne\"><strong><\/strong><\/a><\/li>\n<\/ul>\n<h4>REGIONS :<\/h4>\n<ul>\n<li><a href=\"https:\/\/mediaboss.fr\/influenceur-corse\/\" title=\"influenceur corse\">Top 15 influenceurs &amp; influenceuses en <strong>Corse<\/strong><\/a><\/li>\n<li><a href=\"https:\/\/mediaboss.fr\/influenceur-martinique\/\" title=\"influenceur martinique\">Top 13 influenceurs &amp; influenceuses en <strong>Martinique<\/strong><\/a><\/li>\n<li><a href=\"https:\/\/mediaboss.fr\/influenceur-guadeloupe\/\" title=\"influenceur guadeloupe\">Top 12 influenceurs &amp; influenceuses en <strong>Guadeloupe<\/strong><\/a><\/li>\n<\/ul>\n<h4>VILLES DE FRANCE :<\/h4>\n<ul>\n<li><a href=\"https:\/\/mediaboss.fr\/influenceur-rennes\/\" title=\"influenceur Rennes\">Top 12 influenceurs &amp; influenceuses \u00e0 <strong>Rennes<\/strong><\/a><\/li>\n<li><a href=\"https:\/\/mediaboss.fr\/influenceur-nancy\/\" title=\"influenceur Nancy\">Top 8 influenceurs &amp; influenceuses \u00e0 <strong>Nancy<\/strong><\/a><\/li>\n<li><a href=\"https:\/\/mediaboss.fr\/influenceur-rouen\/\" title=\"influenceur Rouen\">Top 10 influenceurs &amp; influenceuses \u00e0 <strong>Rouen<\/strong><\/a><\/li>\n<li><a href=\"https:\/\/mediaboss.fr\/influenceur-tours\/\" title=\"influenceur Tours\">Top 10 influenceurs &amp; influenceuses \u00e0 <strong>Tours<\/strong><\/a><\/li>\n<li><a href=\"https:\/\/mediaboss.fr\/influenceur-caen\/\" title=\"influenceur Caen\">Top 11 influenceurs &amp; influenceuses \u00e0 <strong>Caen<\/strong><\/a><\/li>\n<li><a href=\"https:\/\/mediaboss.fr\/influenceur-clermont-ferrand\/\" title=\"influenceur Clermont-Ferrand\">Top 11 influenceurs &amp; influenceuses \u00e0 <strong>Clermont-Ferrand<\/strong><\/a><\/li>\n<li><a href=\"https:\/\/mediaboss.fr\/influenceur-grenoble\/\" title=\"influenceur Grenoble\">Top 11 influenceurs &amp; influenceuses \u00e0 <strong>Grenoble<\/strong><\/a><\/li>\n<li><a href=\"https:\/\/mediaboss.fr\/influenceur-avignon\/\" title=\"influenceur Avignon\">Top 11 influenceurs &amp; influenceuses \u00e0 <strong>Avignon<\/strong><\/a><\/li>\n<li><a href=\"https:\/\/mediaboss.fr\/influenceur-metz\/\" title=\"influenceur Metz\">Top 10 influenceurs &amp; influenceuses \u00e0 <strong>Metz<\/strong><\/a><\/li>\n<li><a href=\"https:\/\/mediaboss.fr\/influenceur-toulon\/\" title=\"influenceur Toulon\">Top 11 influenceurs &amp; influenceuses \u00e0 <strong>Toulon<\/strong><\/a><\/li>\n<li><a href=\"https:\/\/mediaboss.fr\/influenceur-annecy\/\" title=\"influenceur Annecy\">Top 10 influenceurs &amp; influenceuses \u00e0 <strong>Annecy<\/strong><\/a><a href=\"https:\/\/mediaboss.fr\/influenceur-annecy\/\" title=\"influenceur Annecy\"><\/a><\/li>\n<li><a href=\"https:\/\/mediaboss.fr\/influenceur-limoges\/\" title=\"influenceur Limoges\">Top 10 influenceurs &amp; influenceuses \u00e0 <strong>Limoges<\/strong><\/a><\/li>\n<li><a href=\"https:\/\/mediaboss.fr\/influenceur-reims\/\" title=\"influenceur Reims\">Top 13 influenceurs &amp; influenceuses \u00e0 <strong>Reims<\/strong><\/a><\/li>\n<li><a href=\"https:\/\/mediaboss.fr\/influenceur-brest\/\" title=\"influenceur brest\">Top 15 influenceurs &amp; influenceuses \u00e0 <strong>Brest<\/strong><\/a><\/li>\n<li><a href=\"https:\/\/mediaboss.fr\/influenceur-toulouse\/\" title=\"influenceur toulouse\">Top 17 influenceurs &amp; influenceuses \u00e0 <strong>Toulouse<\/strong><\/a><\/li>\n<li><a href=\"https:\/\/mediaboss.fr\/influenceur-strasbourg\/\" title=\"influenceur strasbourg\">Top 16 influenceurs &amp; influenceuses \u00e0 <strong>Strasbourg<\/strong><\/a><\/li>\n<li><a href=\"https:\/\/mediaboss.fr\/influenceur-marseille\/\" title=\"influenceur marseille\">Top 16 influenceurs &amp; influenceuses \u00e0 <strong>Marseille<\/strong><\/a><\/li>\n<li><a href=\"https:\/\/mediaboss.fr\/influenceur-bordeaux\/\" title=\"influenceur bordeaux\">Top 29 influenceurs &amp; influenceuses \u00e0 <strong>Bordeaux<\/strong><\/a><\/li>\n<li><a href=\"https:\/\/mediaboss.fr\/influenceur-aix-en-provence\/\" title=\"influenceur aix en provence\">Top 16 influenceurs &amp; influenceuses \u00e0 <strong>Aix-en-Provence<\/strong><\/a><\/li>\n<li><a href=\"https:\/\/mediaboss.fr\/influenceur-dijon\/\" title=\"influenceur dijon\">Top 16 influenceurs &amp; influenceuses \u00e0 <strong>Dijon<\/strong><\/a><\/li>\n<li><a href=\"https:\/\/mediaboss.fr\/influenceur-nantes\/\" title=\"influenceur Nantes\">Top 14 influenceurs &amp; influenceuses \u00e0 <strong>Nantes<\/strong><\/a><\/li>\n<li><a href=\"https:\/\/mediaboss.fr\/influenceur-nice\/\" title=\"influenceur Nice (PACA)\">Top 17 influenceurs &amp; influenceuses \u00e0 <strong>Nice<\/strong><\/a><\/li>\n<li><a href=\"https:\/\/mediaboss.fr\/influenceur-montpellier\/\" title=\"influenceur Montpellier\">Top 14 influenceurs &amp; influenceuses \u00e0 <strong>Montpellier<\/strong><\/a><\/li>\n<li><a href=\"https:\/\/mediaboss.fr\/influenceur-lille\/\" title=\"influenceur Lille\">Top 16 influenceurs &amp; influenceuses \u00e0 <strong>Lille<\/strong><\/a><strong><\/strong><\/li>\n<li><a href=\"https:\/\/mediaboss.fr\/influenceur-lyon\/\" title=\"influenceur lyon\">Top 19 influenceurs &amp; influenceuses \u00e0 <strong>Lyon<\/strong><\/a><\/li>\n<\/ul>\n<p>*<br \/><strong><\/strong><\/p>\n<p>[\/et_pb_text][\/et_pb_column][et_pb_column type=\u00a0\u00bb1_3&Prime; _builder_version=\u00a0\u00bb4.16&Prime; custom_padding=\u00a0\u00bb|||\u00a0\u00bb global_colors_info=\u00a0\u00bb{}\u00a0\u00bb custom_padding__hover=\u00a0\u00bb|||\u00a0\u00bb][et_pb_sidebar _builder_version=\u00a0\u00bb4.17.4&Prime; _module_preset=\u00a0\u00bbdefault\u00a0\u00bb global_colors_info=\u00a0\u00bb{}\u00a0\u00bb][\/et_pb_sidebar][\/et_pb_column][\/et_pb_row][et_pb_row column_structure=\u00a0\u00bb2_3,1_3&Prime; _builder_version=\u00a0\u00bb4.16&Prime; _module_preset=\u00a0\u00bbdefault\u00a0\u00bb saved_tabs=\u00a0\u00bball\u00a0\u00bb global_colors_info=\u00a0\u00bb{}\u00a0\u00bb][et_pb_column type=\u00a0\u00bb2_3&Prime; _builder_version=\u00a0\u00bb4.16&Prime; _module_preset=\u00a0\u00bbdefault\u00a0\u00bb global_colors_info=\u00a0\u00bb{}\u00a0\u00bb][et_pb_text _builder_version=\u00a0\u00bb4.16&Prime; _module_preset=\u00a0\u00bbdefault\u00a0\u00bb global_colors_info=\u00a0\u00bb{}\u00a0\u00bb]<\/p>\n<h4>Vous aimerez aussi :<\/h4>\n<p>[\/et_pb_text][et_pb_blog fullwidth=\u00a0\u00bboff\u00a0\u00bb posts_number=\u00a0\u00bb4&Prime; include_categories=\u00a0\u00bb24&Prime; use_manual_excerpt=\u00a0\u00bboff\u00a0\u00bb excerpt_length=\u00a0\u00bb0&Prime; show_author=\u00a0\u00bboff\u00a0\u00bb show_date=\u00a0\u00bboff\u00a0\u00bb show_excerpt=\u00a0\u00bboff\u00a0\u00bb show_pagination=\u00a0\u00bboff\u00a0\u00bb _builder_version=\u00a0\u00bb4.19.0&Prime; _module_preset=\u00a0\u00bbdefault\u00a0\u00bb header_level=\u00a0\u00bbh5&Prime; body_font_size=\u00a0\u00bb16px\u00a0\u00bb meta_font_size=\u00a0\u00bb16px\u00a0\u00bb read_more_font_size=\u00a0\u00bb16px\u00a0\u00bb global_module=\u00a0\u00bb2704&Prime; saved_tabs=\u00a0\u00bball\u00a0\u00bb global_colors_info=\u00a0\u00bb{}\u00a0\u00bb meta_font_size__hover_enabled=\u00a0\u00bboff|desktop\u00a0\u00bb][\/et_pb_blog][et_pb_team_member image_url=\u00a0\u00bbhttps:\/\/mediaboss.fr\/wp-content\/uploads\/alice-seguin-230x230px-150&#215;150.jpg\u00a0\u00bb facebook_url=\u00a0\u00bbhttps:\/\/www.facebook.com\/mediaboss.fr\u00a0\u00bb twitter_url=\u00a0\u00bbhttps:\/\/twitter.com\/Alice98327791&Prime; linkedin_url=\u00a0\u00bbwww.linkedin.com\/in\/alice-seguin\u00a0\u00bb image_url_last_edited=\u00a0\u00bboff|phone\u00a0\u00bb _builder_version=\u00a0\u00bb4.19.5&Prime; _module_preset=\u00a0\u00bbdefault\u00a0\u00bb child_filter_saturate=\u00a0\u00bb0%\u00a0\u00bb border_radii_image=\u00a0\u00bbon|0%|0%|0%|0%\u00a0\u00bb global_module=\u00a0\u00bb91&Prime; saved_tabs=\u00a0\u00bball\u00a0\u00bb global_colors_info=\u00a0\u00bb{}\u00a0\u00bb]<\/p>\n<p><strong>Alice SEGUIN<\/strong><\/p>\n<p>Alice est la fondatrice de <a title=\"Mediaboss\" href=\"\/\">Mediaboss<\/a>.<\/p>\n<p>Passionn\u00e9e par les <a title=\"r\u00e9seaux sociaux\" href=\"\/reseaux-sociaux\/\">r\u00e9seaux sociaux<\/a>, elle accompagne de nombreuses entreprises dans leur strat\u00e9gie social media, messageries instantan\u00e9es, investissement, cryptomonnaies\u2026<\/p>\n<p>Retrouvez-moi sur mes r\u00e9seaux sociaux, le compte <a href=\"https:\/\/mediaboss.substack.com\/\" target=\"_blank\" rel=\"noopener\" title=\"Substack de Mediaboss\">Substack de Mediaboss<\/a> et sur <a href=\"https:\/\/www.pinterest.fr\/mediabossfr\/\" target=\"_blank\" rel=\"noopener\" title=\"Mediaboss compte Pinterest\">Pinterest<\/a> :<\/p>\n<p>[\/et_pb_team_member][\/et_pb_column][et_pb_column type=\u00a0\u00bb1_3&Prime; _builder_version=\u00a0\u00bb4.16&Prime; _module_preset=\u00a0\u00bbdefault\u00a0\u00bb global_colors_info=\u00a0\u00bb{}\u00a0\u00bb][\/et_pb_column][\/et_pb_row][\/et_pb_section]<\/p>\n\n\n<div class=\"kk-star-ratings kksr-auto kksr-align-right kksr-valign-bottom\"\n    data-payload='{&quot;align&quot;:&quot;right&quot;,&quot;id&quot;:&quot;3103&quot;,&quot;slug&quot;:&quot;default&quot;,&quot;valign&quot;:&quot;bottom&quot;,&quot;ignore&quot;:&quot;&quot;,&quot;reference&quot;:&quot;auto&quot;,&quot;class&quot;:&quot;&quot;,&quot;count&quot;:&quot;8&quot;,&quot;legendonly&quot;:&quot;&quot;,&quot;readonly&quot;:&quot;&quot;,&quot;score&quot;:&quot;4.9&quot;,&quot;starsonly&quot;:&quot;&quot;,&quot;best&quot;:&quot;5&quot;,&quot;gap&quot;:&quot;5&quot;,&quot;greet&quot;:&quot;Note :&quot;,&quot;legend&quot;:&quot;4.9\\\/5 - (8 votes)&quot;,&quot;size&quot;:&quot;24&quot;,&quot;title&quot;:&quot;Notre Top 14 Des Influenceurs \\u0026amp; Influenceuses en Suisse (2023)&quot;,&quot;width&quot;:&quot;139.6&quot;,&quot;_legend&quot;:&quot;{score}\\\/{best} - ({count} {votes})&quot;,&quot;font_factor&quot;:&quot;1.25&quot;}'>\n            \n<div class=\"kksr-stars\">\n    \n<div class=\"kksr-stars-inactive\">\n            <div class=\"kksr-star\" data-star=\"1\" style=\"padding-right: 5px\">\n            \n\n<div class=\"kksr-icon\" style=\"width: 24px; height: 24px;\"><\/div>\n        <\/div>\n            <div class=\"kksr-star\" data-star=\"2\" style=\"padding-right: 5px\">\n            \n\n<div class=\"kksr-icon\" style=\"width: 24px; height: 24px;\"><\/div>\n        <\/div>\n            <div class=\"kksr-star\" data-star=\"3\" style=\"padding-right: 5px\">\n            \n\n<div class=\"kksr-icon\" style=\"width: 24px; height: 24px;\"><\/div>\n        <\/div>\n            <div class=\"kksr-star\" data-star=\"4\" style=\"padding-right: 5px\">\n            \n\n<div class=\"kksr-icon\" style=\"width: 24px; height: 24px;\"><\/div>\n        <\/div>\n            <div class=\"kksr-star\" data-star=\"5\" style=\"padding-right: 5px\">\n            \n\n<div class=\"kksr-icon\" style=\"width: 24px; height: 24px;\"><\/div>\n        <\/div>\n    <\/div>\n    \n<div class=\"kksr-stars-active\" style=\"width: 139.6px;\">\n            <div class=\"kksr-star\" style=\"padding-right: 5px\">\n            \n\n<div class=\"kksr-icon\" style=\"width: 24px; height: 24px;\"><\/div>\n        <\/div>\n            <div class=\"kksr-star\" style=\"padding-right: 5px\">\n            \n\n<div class=\"kksr-icon\" style=\"width: 24px; height: 24px;\"><\/div>\n        <\/div>\n            <div class=\"kksr-star\" style=\"padding-right: 5px\">\n            \n\n<div class=\"kksr-icon\" style=\"width: 24px; height: 24px;\"><\/div>\n        <\/div>\n            <div class=\"kksr-star\" style=\"padding-right: 5px\">\n            \n\n<div class=\"kksr-icon\" style=\"width: 24px; height: 24px;\"><\/div>\n        <\/div>\n            <div class=\"kksr-star\" style=\"padding-right: 5px\">\n            \n\n<div class=\"kksr-icon\" style=\"width: 24px; height: 24px;\"><\/div>\n        <\/div>\n    <\/div>\n<\/div>\n                \n\n<div class=\"kksr-legend\" style=\"font-size: 19.2px;\">\n            4.9\/5 - (8 votes)    <\/div>\n    <\/div>\n<div style=\"margin-top: 0px; margin-bottom: 0px;\" class=\"sharethis-inline-share-buttons\" ><\/div>","protected":false},"excerpt":{"rendered":"<p>NB : cet article a \u00e9t\u00e9 mis \u00e0 jour la derni\u00e8re fois le jeudi 2 mars 2023. La preuve ? Le PSG a battu l&rsquo;OM lors du clasico du 26 f\u00e9vrier 2023&#8230;snif. mise \u00e0 jour des noms d&rsquo;utilisateur Instagram (@) mise \u00e0 jour du nombre d&rsquo;abonn\u00e9s sur les diff\u00e9rents r\u00e9seaux sociaux mise \u00e0 jour des [&hellip;]<\/p>\n","protected":false},"author":2,"featured_media":3106,"comment_status":"closed","ping_status":"open","sticky":false,"template":"","format":"standard","meta":{"_seopress_robots_primary_cat":"none","_seopress_titles_title":"Influenceur Suisse: Le Top 14 En %%currentyear%% (Classement) - Mediaboss","_seopress_titles_desc":"D\u00e9couvrez notre classement d\u00e9taill\u00e9 des 14 influenceurs (et influenceuses) les plus populaires de Suisse. Version %%currentyear%%. Par nombre d&#039;abonn\u00e9s sur Instagram, Facebook, TikTik, Snapchat, YouTube..","_seopress_robots_index":"","_et_pb_use_builder":"on","_et_pb_old_content":"","_et_gb_content_width":"1280","footnotes":""},"categories":[24],"tags":[],"class_list":["post-3103","post","type-post","status-publish","format-standard","has-post-thumbnail","hentry","category-influence"],"_links":{"self":[{"href":"https:\/\/mediaboss.fr\/it\/wp-json\/wp\/v2\/posts\/3103","targetHints":{"allow":["GET"]}}],"collection":[{"href":"https:\/\/mediaboss.fr\/it\/wp-json\/wp\/v2\/posts"}],"about":[{"href":"https:\/\/mediaboss.fr\/it\/wp-json\/wp\/v2\/types\/post"}],"author":[{"embeddable":true,"href":"https:\/\/mediaboss.fr\/it\/wp-json\/wp\/v2\/users\/2"}],"replies":[{"embeddable":true,"href":"https:\/\/mediaboss.fr\/it\/wp-json\/wp\/v2\/comments?post=3103"}],"version-history":[{"count":2,"href":"https:\/\/mediaboss.fr\/it\/wp-json\/wp\/v2\/posts\/3103\/revisions"}],"predecessor-version":[{"id":14357,"href":"https:\/\/mediaboss.fr\/it\/wp-json\/wp\/v2\/posts\/3103\/revisions\/14357"}],"wp:featuredmedia":[{"embeddable":true,"href":"https:\/\/mediaboss.fr\/it\/wp-json\/wp\/v2\/media\/3106"}],"wp:attachment":[{"href":"https:\/\/mediaboss.fr\/it\/wp-json\/wp\/v2\/media?parent=3103"}],"wp:term":[{"taxonomy":"category","embeddable":true,"href":"https:\/\/mediaboss.fr\/it\/wp-json\/wp\/v2\/categories?post=3103"},{"taxonomy":"post_tag","embeddable":true,"href":"https:\/\/mediaboss.fr\/it\/wp-json\/wp\/v2\/tags?post=3103"}],"curies":[{"name":"wp","href":"https:\/\/api.w.org\/{rel}","templated":true}]}}