{"id":3642,"date":"2022-06-30T15:18:44","date_gmt":"2022-06-30T13:18:44","guid":{"rendered":"https:\/\/mediaboss.fr\/?p=3642"},"modified":"2023-01-05T15:21:21","modified_gmt":"2023-01-05T13:21:21","slug":"influenceur-strasbourg","status":"publish","type":"post","link":"https:\/\/mediaboss.fr\/ja\/%e3%82%a4%e3%83%b3%e3%83%95%e3%83%ab%e3%82%a8%e3%83%b3%e3%82%b5%e3%83%bc-%e3%82%b9%e3%83%88%e3%83%a9%e3%82%b9%e3%83%96%e3%83%bc%e3%83%ab\/","title":{"rendered":"\u30b9\u30c8\u30e9\u30b9\u30d6\u30fc\u30eb\u306e\u30a4\u30f3\u30d5\u30eb\u30a8\u30f3\u30b5\u30fc\uff1a2023\u5e74\u306e\u30c8\u30c3\u30d718\uff08\u30e9\u30f3\u30ad\u30f3\u30b0\uff09"},"content":{"rendered":"<div style=\"margin-top: 0px; margin-bottom: 0px;\" class=\"sharethis-inline-share-buttons\" ><\/div><p>[et_pb_section fb_built=\u00a0\u00bb1&Prime; _builder_version=\u00a0\u00bb4.16&Prime; global_colors_info=\u00a0\u00bb{}\u00a0\u00bb][et_pb_row column_structure=\u00a0\u00bb2_3,1_3&Prime; _builder_version=\u00a0\u00bb4.16&Prime; background_size=\u00a0\u00bbinitial\u00a0\u00bb background_position=\u00a0\u00bbtop_left\u00a0\u00bb background_repeat=\u00a0\u00bbrepeat\u00a0\u00bb global_colors_info=\u00a0\u00bb{}\u00a0\u00bb][et_pb_column type=\u00a0\u00bb2_3&Prime; _builder_version=\u00a0\u00bb4.16&Prime; custom_padding=\u00a0\u00bb|||\u00a0\u00bb global_colors_info=\u00a0\u00bb{}\u00a0\u00bb custom_padding__hover=\u00a0\u00bb|||\u00a0\u00bb][et_pb_post_title date=\u00a0\u00bboff\u00a0\u00bb comments=\u00a0\u00bboff\u00a0\u00bb _builder_version=\u00a0\u00bb4.17.4&Prime; _module_preset=\u00a0\u00bbdefault\u00a0\u00bb global_colors_info=\u00a0\u00bb{}\u00a0\u00bb][\/et_pb_post_title][et_pb_text _builder_version=\u00a0\u00bb4.19.1&Prime; _module_preset=\u00a0\u00bbdefault\u00a0\u00bb link_line_height=\u00a0\u00bb1.7em\u00a0\u00bb ul_line_height=\u00a0\u00bb1.7em\u00a0\u00bb ol_line_height=\u00a0\u00bb1.7em\u00a0\u00bb quote_line_height=\u00a0\u00bb1.7em\u00a0\u00bb global_colors_info=\u00a0\u00bb{}\u00a0\u00bb]<\/p>\n<p>Vous cherchez les top <strong>influenceurs et influenceuses \u00e0 Strasbourg <\/strong>en 2022?<\/p>\n<p>Un <strong>instagrameur ou une instagrameuse \u00e0 Strasbourg<\/strong>? Une tiktokeuse strasbourgeoise?<\/p>\n<p>D\u00e9couvrez notre classement des <strong>18 des influenceurs (et influenceuses) alsaciens les plus populaires \u00e0 Strasbourg<\/strong>.<\/p>\n<p>Nous nous basons sur le nombre d&rsquo;abonn\u00e9s sur tous les plus gros r\u00e9seaux sociaux :<\/p>\n<p><strong>Instagram<\/strong>, Facebook, TikTok, Youtube, Snapchat, Twitch, Twitter&#8230;<\/p>\n<p style=\"text-align: right;\"><em>Article mis \u00e0 jour en <strong>D\u00e9cembre 2022<\/strong>.<\/em><\/p>\n<blockquote>\n<p style=\"text-align: center;\">Lire aussi : <a href=\"https:\/\/mediaboss.fr\/classement-influenceurs-france\/\" title=\"classement influenceurs france\">Classement Des 16 Influenceurs Les Plus Suivis En France<\/a><em><\/em><\/p>\n<\/blockquote>\n<p style=\"text-align: right;\"><em><\/em><\/p>\n<h2>Influenceur \u00e0 Strasbourg : nano-influenceur, micro-influenceur, macro-influenceur&#8230;<\/h2>\n<p>\u00catre influenceur \/ influenceuse \u00e0 Strasbourg en 2022, c&rsquo;est \u00eatre un leader d&rsquo;opinion local sur <strong>Strasbourg<\/strong> et en <strong>Alsace<\/strong> (Haut-Rhin et Bas-Rhin) :\u00a0 <strong>Obernai, Barr, Haguenau, Roppenheim, S\u00e9lestat&#8230;<\/strong><\/p>\n<p>C&rsquo;est influencer les comportements des consommateurs <b>strasbourgeois <\/b>via les r\u00e9seaux sociaux : Instagram, TikTok, Facebook, YouTube&#8230;<\/p>\n<ul>\n<li><strong>Nano influenceur<\/strong> : un nano influenceur (\u00e0 <strong>Strasbourg<\/strong> et ailleurs) a une communaut\u00e9 de <strong>moins de 5 000 abonn\u00e9s<\/strong> sur les r\u00e9seaux sociaux<\/li>\n<li><strong>Micro influenceur<\/strong> : un micro influenceur a <strong>entre 5 000 et 100 000 abonn\u00e9s<\/strong> sur les r\u00e9seaux sociaux<\/li>\n<li><strong>Macro influenceur<\/strong> : un macro-influenceur a <strong>entre 100 000 et 1 million d&rsquo;abonn\u00e9s<\/strong> sur les r\u00e9seaux sociaux<\/li>\n<li><strong>C\u00e9l\u00e9brit\u00e9<\/strong> : une c\u00e9l\u00e9brit\u00e9 a <strong>plus de 1M d&rsquo;abonn\u00e9s<\/strong> sur les r\u00e9seaux sociaux<\/li>\n<\/ul>\n<p>D\u00e9couvrons maintenant notre <strong>top 18 influenceurs \u00e0 Strasbourg<\/strong>(2022) :<\/p>\n<p>&nbsp;<\/p>\n<h2>Top 18 des influenceurs (influenceuses) \u00e0 Strasbourg en 2022<\/h2>\n<p>D\u00e9couvrez maintenant notre classement des <strong>18 influenceurs et influenceuses alsaciens les plus populaires \u00e0 Strasbourg <\/strong>en 2022.<\/p>\n<p>Les influenceurs <b>strasbourgeois (strasbourgeoises) <\/b>sont class\u00e9s par nombre d&rsquo;abonn\u00e9s total sur tous les principaux r\u00e9seaux sociaux : Instagram, TikTok, Facebook, YouTube, Twitter, Twitch, Snapchat&#8230;<\/p>\n<p>Voici notre<strong> top 18 <\/strong>par ordre d\u00e9croissant de popularit\u00e9, du <strong>plus petit au plus grand nombre d&rsquo;abonn\u00e9s<\/strong> sur tous les r\u00e9seaux sociaux :<\/p>\n<p style=\"text-align: right;\"><em>Donn\u00e9es mises \u00e0 jour en <strong>D\u00e9cembre 2022<\/strong><\/em><\/p>\n<p>&nbsp;<\/p>\n<h3>18. @leadambra &#8211; 13\u202f000 abonn\u00e9s<\/h3>\n<p><strong>Influenceuse \u00e0 Strasbourg (instagrameuse)<\/strong><\/p>\n<ul>\n<li>13\u202f000 abonn\u00e9s sur <strong>Instagram<\/strong> en 2022<\/li>\n<li>Vrai nom : <strong>L\u00e9a<\/strong><\/li>\n<li>Genre : <strong>femme<\/strong><\/li>\n<li>Pays : <strong>France<\/strong><\/li>\n<li>R\u00e9gion : <strong>Alsace (Grand Est)<\/strong><\/li>\n<li>D\u00e9partement : <strong>Bas-Rhin (67)<\/strong><\/li>\n<li>Ville : <strong>Strasbourg (67000)<\/strong><\/li>\n<li>Bio Instagram : <em>\u00ab\u00a0Le\u0301a<br \/>Strasbourg \ud83e\udd68\u00a0\u00bb<\/em><\/li>\n<li>Extrait photos :<\/li>\n<\/ul>\n<p><img loading=\"lazy\" decoding=\"async\" src=\"https:\/\/mediaboss.fr\/wp-content\/uploads\/influenceur-Strasbourg-Le\u0301a-leadambra-\u2022-Photos-et-videos-Instagram.jpg\" width=\"1200\" height=\"880\" alt=\"influenceuse strasbourg\" class=\"wp-image-3668 aligncenter size-full\" srcset=\"https:\/\/mediaboss.fr\/wp-content\/uploads\/influenceur-Strasbourg-Le\u0301a-leadambra-\u2022-Photos-et-videos-Instagram.jpg 1200w, https:\/\/mediaboss.fr\/wp-content\/uploads\/influenceur-Strasbourg-Le\u0301a-leadambra-\u2022-Photos-et-videos-Instagram-300x220.jpg 300w, https:\/\/mediaboss.fr\/wp-content\/uploads\/influenceur-Strasbourg-Le\u0301a-leadambra-\u2022-Photos-et-videos-Instagram-768x563.jpg 768w, https:\/\/mediaboss.fr\/wp-content\/uploads\/influenceur-Strasbourg-Le\u0301a-leadambra-\u2022-Photos-et-videos-Instagram-1080x792.jpg 1080w, https:\/\/mediaboss.fr\/wp-content\/uploads\/influenceur-Strasbourg-Le\u0301a-leadambra-\u2022-Photos-et-videos-Instagram-980x719.jpg 980w, https:\/\/mediaboss.fr\/wp-content\/uploads\/influenceur-Strasbourg-Le\u0301a-leadambra-\u2022-Photos-et-videos-Instagram-480x352.jpg 480w\" sizes=\"(max-width: 1200px) 100vw, 1200px\" \/><\/p>\n<p>&nbsp;<\/p>\n<h3>17. @lescookines &#8211; 16\u202f998 abonn\u00e9s<\/h3>\n<p><strong>Influenceuse \u00e0 Strasbourg (instagrameuse)<\/strong><\/p>\n<ul>\n<li>11\u202f000 abonn\u00e9s sur <strong>Instagram<\/strong> en 2022<\/li>\n<li>4 408 abonn\u00e9s sur <strong>Facebook<\/strong><\/li>\n<li>Vrai nom : <strong>Julia<\/strong><\/li>\n<li>Genre : <strong>femme<\/strong><\/li>\n<li>Pays : <strong>France<\/strong><\/li>\n<li>R\u00e9gion : <strong>Alsace (Grand Est)<\/strong><\/li>\n<li>D\u00e9partement : <strong>Bas-Rhin (67)<\/strong><\/li>\n<li>Ville : <strong>Strasbourg (67000)<\/strong><\/li>\n<li>Bio Instagram : <em>\u00ab\u00a0Julia \ud83c\udf31\u270a\ud83c\udffc<br \/>\ud83e\udd68 Strasbourg<br \/>\ud83c\udf0e Activist &amp; Conscious<br \/>\ud83c\udfd4\ud83e\udd19\ud83c\udffcWild<br \/>\ud83c\udf7a\ud83c\udf3f Slow<br \/>\ud83d\udd95\ud83c\udffcFree<br \/>\u2665\ufe0f @stam_tish<br \/>\u2744\ufe0f @protectourwintersfrance<br \/>\ud83c\udf0a @surfriderbasrhin<br \/>\u270c\ud83c\udffd@ju_niou\u00a0\u00bb<\/em><\/li>\n<li>Extrait photos :<\/li>\n<\/ul>\n<p><img loading=\"lazy\" decoding=\"async\" src=\"https:\/\/mediaboss.fr\/wp-content\/uploads\/influenceur-Strasbourg-Julia-\ud83c\udf31\u270a\ud83c\udffc-lescookines-\u2022-Photos-et-videos-Instagram.jpg\" width=\"1200\" height=\"880\" alt=\"influenceuse strasbourg\" class=\"wp-image-3667 aligncenter size-full\" srcset=\"https:\/\/mediaboss.fr\/wp-content\/uploads\/influenceur-Strasbourg-Julia-\ud83c\udf31\u270a\ud83c\udffc-lescookines-\u2022-Photos-et-videos-Instagram.jpg 1200w, https:\/\/mediaboss.fr\/wp-content\/uploads\/influenceur-Strasbourg-Julia-\ud83c\udf31\u270a\ud83c\udffc-lescookines-\u2022-Photos-et-videos-Instagram-300x220.jpg 300w, https:\/\/mediaboss.fr\/wp-content\/uploads\/influenceur-Strasbourg-Julia-\ud83c\udf31\u270a\ud83c\udffc-lescookines-\u2022-Photos-et-videos-Instagram-768x563.jpg 768w, https:\/\/mediaboss.fr\/wp-content\/uploads\/influenceur-Strasbourg-Julia-\ud83c\udf31\u270a\ud83c\udffc-lescookines-\u2022-Photos-et-videos-Instagram-1080x792.jpg 1080w, https:\/\/mediaboss.fr\/wp-content\/uploads\/influenceur-Strasbourg-Julia-\ud83c\udf31\u270a\ud83c\udffc-lescookines-\u2022-Photos-et-videos-Instagram-980x719.jpg 980w, https:\/\/mediaboss.fr\/wp-content\/uploads\/influenceur-Strasbourg-Julia-\ud83c\udf31\u270a\ud83c\udffc-lescookines-\u2022-Photos-et-videos-Instagram-480x352.jpg 480w\" sizes=\"(max-width: 1200px) 100vw, 1200px\" \/><\/p>\n<p>&nbsp;<\/p>\n<h3>16. @jacktyphus &#8211; 19 268 abonn\u00e9s<\/h3>\n<p><strong>Influenceur \u00e0 Strasbourg (instagrameur)<\/strong><\/p>\n<ul>\n<li>\u202f4 632 abonn\u00e9s sur <strong>Instagram<\/strong> en 2022<\/li>\n<li>2 400 abonn\u00e9s sur <b>TikTok<\/b><\/li>\n<li>8 500 abonn\u00e9s sur <strong>Facebook<\/strong><\/li>\n<li>3 736 abonn\u00e9s sur <strong>Twitter<\/strong><\/li>\n<li>Vrai nom : <strong>Jack<\/strong><\/li>\n<li>Genre : <strong>homme<\/strong><\/li>\n<li>Pays : <strong>France<\/strong><\/li>\n<li>R\u00e9gion : <strong>Alsace (Grand Est)<\/strong><\/li>\n<li>D\u00e9partement : <strong>Bas-Rhin (67)<\/strong><\/li>\n<li>Ville : <strong>Strasbourg (67000)<\/strong><\/li>\n<li>Bio Instagram : <em>\u00ab\u00a0Blogueur \ud83e\udd68 Strasbourg Alsace<br \/>Blogueur<br \/>\ud83d\udcf2 Cr\u00e9ateur de contenus digitaux chez BlogKapoue.com<br \/>\ud83d\udcbb Conseil en Marketing Digital chez Yumens.fr<br \/>\ud83d\udccc Strasbourg \/ Alsace \/ France\u00a0\u00bb<\/em><\/li>\n<li>Extrait photos :<\/li>\n<\/ul>\n<p><img loading=\"lazy\" decoding=\"async\" src=\"https:\/\/mediaboss.fr\/wp-content\/uploads\/influenceur-Strasbourg-Blogueur-\ud83e\udd68-Strasbourg-Alsace-jacktyphus-\u2022-Photos-et-videos-Instagram.jpg\" width=\"1200\" height=\"880\" alt=\"influenceur strasbourg\" class=\"wp-image-3666 aligncenter size-full\" srcset=\"https:\/\/mediaboss.fr\/wp-content\/uploads\/influenceur-Strasbourg-Blogueur-\ud83e\udd68-Strasbourg-Alsace-jacktyphus-\u2022-Photos-et-videos-Instagram.jpg 1200w, https:\/\/mediaboss.fr\/wp-content\/uploads\/influenceur-Strasbourg-Blogueur-\ud83e\udd68-Strasbourg-Alsace-jacktyphus-\u2022-Photos-et-videos-Instagram-300x220.jpg 300w, https:\/\/mediaboss.fr\/wp-content\/uploads\/influenceur-Strasbourg-Blogueur-\ud83e\udd68-Strasbourg-Alsace-jacktyphus-\u2022-Photos-et-videos-Instagram-768x563.jpg 768w, https:\/\/mediaboss.fr\/wp-content\/uploads\/influenceur-Strasbourg-Blogueur-\ud83e\udd68-Strasbourg-Alsace-jacktyphus-\u2022-Photos-et-videos-Instagram-1080x792.jpg 1080w, https:\/\/mediaboss.fr\/wp-content\/uploads\/influenceur-Strasbourg-Blogueur-\ud83e\udd68-Strasbourg-Alsace-jacktyphus-\u2022-Photos-et-videos-Instagram-980x719.jpg 980w, https:\/\/mediaboss.fr\/wp-content\/uploads\/influenceur-Strasbourg-Blogueur-\ud83e\udd68-Strasbourg-Alsace-jacktyphus-\u2022-Photos-et-videos-Instagram-480x352.jpg 480w\" sizes=\"(max-width: 1200px) 100vw, 1200px\" \/><\/p>\n<p>&nbsp;<\/p>\n<h3>15. @lana.kiramonamour &#8211; 19\u202f900 abonn\u00e9s<\/h3>\n<p><strong>Influenceuse \u00e0 Strasbourg (instagrameuse)<\/strong><\/p>\n<ul>\n<li>19\u202f900 abonn\u00e9s sur <strong>Instagram<\/strong> en 2022<\/li>\n<li>Vrai nom : <strong>Audrey<\/strong><\/li>\n<li>Genre : <strong>femme<\/strong><\/li>\n<li>Pays : <strong>France<\/strong><\/li>\n<li>R\u00e9gion : <strong>Alsace (Grand Est)<\/strong><\/li>\n<li>D\u00e9partement : <strong>Bas-Rhin (67)<\/strong><\/li>\n<li>Ville : <strong>Strasbourg (67000)<\/strong><\/li>\n<li>Bio Instagram : <em>\u00ab\u00a0|| Audrey, Lana &amp; Kira ||<br \/>Mumpreneur \u267e beaut\u00e9 &amp; bien-\u00eatre<br \/>@glow.up_yourskin<br \/>Strasbourg \ud83d\udccd<br \/>\u2661 Lana 08\/14<br \/>\u2661 Kira 04\/21<br \/>#lifestyle #beauty #decoaddict #outfitlove\u00a0\u00bb<\/em><\/li>\n<li>Extrait photos :<\/li>\n<\/ul>\n<p><img loading=\"lazy\" decoding=\"async\" src=\"https:\/\/mediaboss.fr\/wp-content\/uploads\/influenceur-Strasbourg-Audrey-Lana-Kira-lana-kiramonamour-\u2022-Photos-et-videos-Instagram.jpg\" width=\"1200\" height=\"880\" alt=\"influenceuse alsacienne\" class=\"wp-image-3665 aligncenter size-full\" srcset=\"https:\/\/mediaboss.fr\/wp-content\/uploads\/influenceur-Strasbourg-Audrey-Lana-Kira-lana-kiramonamour-\u2022-Photos-et-videos-Instagram.jpg 1200w, https:\/\/mediaboss.fr\/wp-content\/uploads\/influenceur-Strasbourg-Audrey-Lana-Kira-lana-kiramonamour-\u2022-Photos-et-videos-Instagram-300x220.jpg 300w, https:\/\/mediaboss.fr\/wp-content\/uploads\/influenceur-Strasbourg-Audrey-Lana-Kira-lana-kiramonamour-\u2022-Photos-et-videos-Instagram-768x563.jpg 768w, https:\/\/mediaboss.fr\/wp-content\/uploads\/influenceur-Strasbourg-Audrey-Lana-Kira-lana-kiramonamour-\u2022-Photos-et-videos-Instagram-1080x792.jpg 1080w, https:\/\/mediaboss.fr\/wp-content\/uploads\/influenceur-Strasbourg-Audrey-Lana-Kira-lana-kiramonamour-\u2022-Photos-et-videos-Instagram-980x719.jpg 980w, https:\/\/mediaboss.fr\/wp-content\/uploads\/influenceur-Strasbourg-Audrey-Lana-Kira-lana-kiramonamour-\u2022-Photos-et-videos-Instagram-480x352.jpg 480w\" sizes=\"(max-width: 1200px) 100vw, 1200px\" \/><\/p>\n<p>&nbsp;<\/p>\n<h3>14. @carnetdescapade &#8211; 34\u202f706 abonn\u00e9s<\/h3>\n<p><strong>Influenceuse \u00e0 Strasbourg (blogueuse)<\/strong><\/p>\n<ul>\n<li>11 200 abonn\u00e9s sur <strong>Instagram<\/strong> en 2022<\/li>\n<li>14 022 abonn\u00e9s sur <strong>Facebook<\/strong><\/li>\n<li>9 484 abonn\u00e9s sur <strong>Twitter<\/strong><\/li>\n<li>Vrai nom : <strong>Laure\u0300ne Philippot<\/strong><\/li>\n<li>Genre : <strong>femme<\/strong><\/li>\n<li>Pays : <strong>France<\/strong><\/li>\n<li>R\u00e9gion : <strong>Alsace (Grand Est)<\/strong><\/li>\n<li>D\u00e9partement : <strong>Bas-Rhin (67)<\/strong><\/li>\n<li>Ville : <strong>Strasbourg (67000)<\/strong><\/li>\n<li>Bio Instagram : <em>\u00ab\u00a0Laure\u0300ne Philippot<br \/>Blogueur<br \/>\ud83e\uddf3Cr\u00e9atrice de contenus #tourisme<br \/>\ud83d\udc69\u200d\ud83d\udcbbCarnet d&rsquo;escapades &amp; Mon week-end en Alsace<br \/>\ud83c\udf32Sportive, curieuse, gourmande &amp; nature addict\ud83c\udfd4<br \/>\ud83d\udeb4\u200d\u2640\ufe0f+ \ud83c\udfc3\u200d\u2640\ufe0f+\ud83d\udc0e +\ud83e\udd7e+\ud83c\udf6b =\ud83d\udc9a\u00a0\u00bb<\/em><\/li>\n<li>Extrait photos :<\/li>\n<\/ul>\n<p><img loading=\"lazy\" decoding=\"async\" src=\"https:\/\/mediaboss.fr\/wp-content\/uploads\/influenceur-Strasbourg-Laure\u0300ne-Philippot-carnetdescapade-\u2022-Photos-et-videos-Instagram.jpg\" width=\"1200\" height=\"880\" alt=\"influenceur-Strasbourg-Laure\u0300ne-Philippot-carnetdescapade-\u2022-Photos-et-vid\u00e9os-Instagram\" class=\"wp-image-3664 aligncenter size-full\" srcset=\"https:\/\/mediaboss.fr\/wp-content\/uploads\/influenceur-Strasbourg-Laure\u0300ne-Philippot-carnetdescapade-\u2022-Photos-et-videos-Instagram.jpg 1200w, https:\/\/mediaboss.fr\/wp-content\/uploads\/influenceur-Strasbourg-Laure\u0300ne-Philippot-carnetdescapade-\u2022-Photos-et-videos-Instagram-300x220.jpg 300w, https:\/\/mediaboss.fr\/wp-content\/uploads\/influenceur-Strasbourg-Laure\u0300ne-Philippot-carnetdescapade-\u2022-Photos-et-videos-Instagram-768x563.jpg 768w, https:\/\/mediaboss.fr\/wp-content\/uploads\/influenceur-Strasbourg-Laure\u0300ne-Philippot-carnetdescapade-\u2022-Photos-et-videos-Instagram-1080x792.jpg 1080w, https:\/\/mediaboss.fr\/wp-content\/uploads\/influenceur-Strasbourg-Laure\u0300ne-Philippot-carnetdescapade-\u2022-Photos-et-videos-Instagram-980x719.jpg 980w, https:\/\/mediaboss.fr\/wp-content\/uploads\/influenceur-Strasbourg-Laure\u0300ne-Philippot-carnetdescapade-\u2022-Photos-et-videos-Instagram-480x352.jpg 480w\" sizes=\"(max-width: 1200px) 100vw, 1200px\" \/><\/p>\n<p>&nbsp;<\/p>\n<h3>13. @rutsch.eu &#8211; 35 275 abonn\u00e9s<\/h3>\n<p><strong>Influenceur \u00e0 Strasbourg (tiktokeur)<\/strong><\/p>\n<ul>\n<li>2 123 abonn\u00e9s sur <strong>Instagram<\/strong> en 2022<\/li>\n<li>24 100 abonn\u00e9s sur <b>TikTok<\/b><\/li>\n<li>9 052 abonn\u00e9s sur <strong>Facebook<\/strong><\/li>\n<li>Vrai nom : <strong>multiples<\/strong><\/li>\n<li>Genre : <strong>homme<\/strong><\/li>\n<li>Pays : <strong>France<\/strong><\/li>\n<li>R\u00e9gion : <strong>Alsace (Grand Est)<\/strong><\/li>\n<li>D\u00e9partement : <strong>Bas-Rhin (67)<\/strong><\/li>\n<li>Ville : <strong>Strasbourg (67000)<\/strong><\/li>\n<li>Bio Instagram : <em>\u00ab\u00a0\ud83e\udd68Alsace \ud83c\udf32Schwarzwald \ud83d\ude8bBasel<br \/>Repost #UpperRhineValley<br \/>.<br \/>Un jour, une photo.<br \/>Jeden Tag ein Foto.<br \/>One photo a day, every day.<br \/>.<br \/>[ r o u t c h ]\u00a0\u00bb<\/em><\/li>\n<li>Extrait photos :<\/li>\n<\/ul>\n<p><img loading=\"lazy\" decoding=\"async\" src=\"https:\/\/mediaboss.fr\/wp-content\/uploads\/influenceur-Strasbourg-\ud83e\udd68Alsace-\ud83c\udf32Schwarzwald-\ud83d\ude8bBasel-rutsch-eu-\u2022-Photos-et-videos-Instagram.jpg\" width=\"1200\" height=\"880\" alt=\"influenceur strasbourg\" class=\"wp-image-3663 aligncenter size-full\" srcset=\"https:\/\/mediaboss.fr\/wp-content\/uploads\/influenceur-Strasbourg-\ud83e\udd68Alsace-\ud83c\udf32Schwarzwald-\ud83d\ude8bBasel-rutsch-eu-\u2022-Photos-et-videos-Instagram.jpg 1200w, https:\/\/mediaboss.fr\/wp-content\/uploads\/influenceur-Strasbourg-\ud83e\udd68Alsace-\ud83c\udf32Schwarzwald-\ud83d\ude8bBasel-rutsch-eu-\u2022-Photos-et-videos-Instagram-300x220.jpg 300w, https:\/\/mediaboss.fr\/wp-content\/uploads\/influenceur-Strasbourg-\ud83e\udd68Alsace-\ud83c\udf32Schwarzwald-\ud83d\ude8bBasel-rutsch-eu-\u2022-Photos-et-videos-Instagram-768x563.jpg 768w, https:\/\/mediaboss.fr\/wp-content\/uploads\/influenceur-Strasbourg-\ud83e\udd68Alsace-\ud83c\udf32Schwarzwald-\ud83d\ude8bBasel-rutsch-eu-\u2022-Photos-et-videos-Instagram-1080x792.jpg 1080w, https:\/\/mediaboss.fr\/wp-content\/uploads\/influenceur-Strasbourg-\ud83e\udd68Alsace-\ud83c\udf32Schwarzwald-\ud83d\ude8bBasel-rutsch-eu-\u2022-Photos-et-videos-Instagram-980x719.jpg 980w, https:\/\/mediaboss.fr\/wp-content\/uploads\/influenceur-Strasbourg-\ud83e\udd68Alsace-\ud83c\udf32Schwarzwald-\ud83d\ude8bBasel-rutsch-eu-\u2022-Photos-et-videos-Instagram-480x352.jpg 480w\" sizes=\"(max-width: 1200px) 100vw, 1200px\" \/><\/p>\n<p>&nbsp;<\/p>\n<h3>12. @mauricestyle &#8211; 46\u202f325 abonn\u00e9s<\/h3>\n<p><strong>Influenceur \u00e0 Strasbourg (instagrameur)<\/strong><\/p>\n<ul>\n<li>40\u202f300 abonn\u00e9s sur <strong>Instagram<\/strong> en 2022<\/li>\n<li>4 496 abonn\u00e9s sur <strong>Facebook<\/strong><\/li>\n<li>1 529 abonn\u00e9s sur <strong>Twitter<\/strong><\/li>\n<li>Vrai nom : <strong>nc<\/strong><\/li>\n<li>Genre : <strong>homme<\/strong><\/li>\n<li>Pays : <strong>France<\/strong><\/li>\n<li>R\u00e9gion : <strong>Alsace (Grand Est)<\/strong><\/li>\n<li>D\u00e9partement : <strong>Bas-Rhin (67)<\/strong><\/li>\n<li>Ville : <strong>Strasbourg (67000)<\/strong><\/li>\n<li>Bio Instagram : <em>\u00ab\u00a0Maurice Style<br \/>Entrepreneur<br \/>\u2297 Founder of @similiqueer<br \/>\u2661 hello@mauricestyle.com<br \/>\u21e9 shop my closet \u21e9\u00a0\u00bb<\/em><\/li>\n<li>Extrait photos :<\/li>\n<\/ul>\n<p><img loading=\"lazy\" decoding=\"async\" src=\"https:\/\/mediaboss.fr\/wp-content\/uploads\/influenceur-Strasbourg-Maurice-Style-mauricestyle-\u2022-Photos-et-videos-Instagram.jpg\" width=\"1200\" height=\"880\" alt=\"influenceur alsacien\" class=\"wp-image-3662 aligncenter size-full\" srcset=\"https:\/\/mediaboss.fr\/wp-content\/uploads\/influenceur-Strasbourg-Maurice-Style-mauricestyle-\u2022-Photos-et-videos-Instagram.jpg 1200w, https:\/\/mediaboss.fr\/wp-content\/uploads\/influenceur-Strasbourg-Maurice-Style-mauricestyle-\u2022-Photos-et-videos-Instagram-300x220.jpg 300w, https:\/\/mediaboss.fr\/wp-content\/uploads\/influenceur-Strasbourg-Maurice-Style-mauricestyle-\u2022-Photos-et-videos-Instagram-768x563.jpg 768w, https:\/\/mediaboss.fr\/wp-content\/uploads\/influenceur-Strasbourg-Maurice-Style-mauricestyle-\u2022-Photos-et-videos-Instagram-1080x792.jpg 1080w, https:\/\/mediaboss.fr\/wp-content\/uploads\/influenceur-Strasbourg-Maurice-Style-mauricestyle-\u2022-Photos-et-videos-Instagram-980x719.jpg 980w, https:\/\/mediaboss.fr\/wp-content\/uploads\/influenceur-Strasbourg-Maurice-Style-mauricestyle-\u2022-Photos-et-videos-Instagram-480x352.jpg 480w\" sizes=\"(max-width: 1200px) 100vw, 1200px\" \/><\/p>\n<p>&nbsp;<\/p>\n<h3>11. @caroowild &#8211; 46\u202f509 abonn\u00e9s<\/h3>\n<p><strong>Influenceuse \u00e0 Strasbourg (instagrameuse)<\/strong><\/p>\n<ul>\n<li>43 800 abonn\u00e9s sur <strong>Instagram<\/strong> en 2022<\/li>\n<li>2 709 abonn\u00e9s sur <strong>Facebook<\/strong><\/li>\n<li>Vrai nom : <strong>Caroline<\/strong><\/li>\n<li>Genre : <strong>femme<\/strong><\/li>\n<li>Pays : <strong>France<\/strong><\/li>\n<li>R\u00e9gion : <strong>Alsace (Grand Est)<\/strong><\/li>\n<li>D\u00e9partement : <strong>Bas-Rhin (67)<\/strong><\/li>\n<li>Ville : <strong>Strasbourg (67000)<\/strong><\/li>\n<li>Bio Instagram : <em>\u00ab\u00a0Caroline \u2022 Strasbourg \ud83e\udd68<br \/>Blogueur<br \/>De la mode, mais pas que.. \ud83d\udcad<br \/>\ud83d\udccd Entre Strasbourg &amp; Paris<br \/>\ud83d\udd1d Represented by @alcyoneagency<br \/>\ud83d\udc8c Let\u2019s collaborate, contact me at caroline@alcyoneagency.com\u00a0\u00bb<\/em><\/li>\n<li>Extrait photos :<\/li>\n<\/ul>\n<p><img loading=\"lazy\" decoding=\"async\" src=\"https:\/\/mediaboss.fr\/wp-content\/uploads\/influenceur-Strasbourg-Caroline-\u2022-Strasbourg-\ud83e\udd68-caroowild-\u2022-Photos-et-videos-Instagram.jpg\" width=\"1200\" height=\"880\" alt=\"influenceuse alsacienne\" class=\"wp-image-3661 aligncenter size-full\" srcset=\"https:\/\/mediaboss.fr\/wp-content\/uploads\/influenceur-Strasbourg-Caroline-\u2022-Strasbourg-\ud83e\udd68-caroowild-\u2022-Photos-et-videos-Instagram.jpg 1200w, https:\/\/mediaboss.fr\/wp-content\/uploads\/influenceur-Strasbourg-Caroline-\u2022-Strasbourg-\ud83e\udd68-caroowild-\u2022-Photos-et-videos-Instagram-300x220.jpg 300w, https:\/\/mediaboss.fr\/wp-content\/uploads\/influenceur-Strasbourg-Caroline-\u2022-Strasbourg-\ud83e\udd68-caroowild-\u2022-Photos-et-videos-Instagram-768x563.jpg 768w, https:\/\/mediaboss.fr\/wp-content\/uploads\/influenceur-Strasbourg-Caroline-\u2022-Strasbourg-\ud83e\udd68-caroowild-\u2022-Photos-et-videos-Instagram-1080x792.jpg 1080w, https:\/\/mediaboss.fr\/wp-content\/uploads\/influenceur-Strasbourg-Caroline-\u2022-Strasbourg-\ud83e\udd68-caroowild-\u2022-Photos-et-videos-Instagram-980x719.jpg 980w, https:\/\/mediaboss.fr\/wp-content\/uploads\/influenceur-Strasbourg-Caroline-\u2022-Strasbourg-\ud83e\udd68-caroowild-\u2022-Photos-et-videos-Instagram-480x352.jpg 480w\" sizes=\"(max-width: 1200px) 100vw, 1200px\" \/><\/p>\n<p>&nbsp;<\/p>\n<h2>Top 10 influenceurs Strasbourg (2022)<\/h2>\n<p>Et voici maintenant notre top 10 des<strong> influenceuses et influenceurs les plus populaires \u00e0 Strasbourg<\/strong> en 2022 :<\/p>\n<p>&nbsp;<\/p>\n<h3>10. @stom500 &#8211; 49\u202f800 abonn\u00e9s<\/h3>\n<p><strong>Influenceur \u00e0 Strasbourg (instagrameur)<\/strong><\/p>\n<ul>\n<li>42\u202f600 abonn\u00e9s sur <strong>Instagram<\/strong> en 2022<\/li>\n<li>7 200 abonn\u00e9s sur <strong>Facebook<\/strong><\/li>\n<li>Vrai nom : <strong>nc<\/strong><\/li>\n<li>Genre : <strong>homme<\/strong><\/li>\n<li>Pays : <strong>France<\/strong><\/li>\n<li>R\u00e9gion : <strong>Alsace (Grand Est)<\/strong><\/li>\n<li>D\u00e9partement : <strong>Bas-Rhin (67)<\/strong><\/li>\n<li>Ville : <strong>Strasbourg (67000)<\/strong><\/li>\n<li>Bio Instagram : <em>\u00ab\u00a0stom500<br \/>Artiste<br \/>Artist Muralist<br \/>\ud83d\udce9 stom500@live.fr\u00a0\u00bb<\/em><\/li>\n<li>Extrait photos :<\/li>\n<\/ul>\n<p><img loading=\"lazy\" decoding=\"async\" src=\"https:\/\/mediaboss.fr\/wp-content\/uploads\/influenceur-Strasbourg-stom500-\u2022-Photos-et-videos-Instagram.jpg\" width=\"1200\" height=\"880\" alt=\"influenceur-Strasbourg--stom500-\u2022-Photos-et-vid\u00e9os-Instagram\" class=\"wp-image-3660 aligncenter size-full\" srcset=\"https:\/\/mediaboss.fr\/wp-content\/uploads\/influenceur-Strasbourg-stom500-\u2022-Photos-et-videos-Instagram.jpg 1200w, https:\/\/mediaboss.fr\/wp-content\/uploads\/influenceur-Strasbourg-stom500-\u2022-Photos-et-videos-Instagram-300x220.jpg 300w, https:\/\/mediaboss.fr\/wp-content\/uploads\/influenceur-Strasbourg-stom500-\u2022-Photos-et-videos-Instagram-768x563.jpg 768w, https:\/\/mediaboss.fr\/wp-content\/uploads\/influenceur-Strasbourg-stom500-\u2022-Photos-et-videos-Instagram-1080x792.jpg 1080w, https:\/\/mediaboss.fr\/wp-content\/uploads\/influenceur-Strasbourg-stom500-\u2022-Photos-et-videos-Instagram-980x719.jpg 980w, https:\/\/mediaboss.fr\/wp-content\/uploads\/influenceur-Strasbourg-stom500-\u2022-Photos-et-videos-Instagram-480x352.jpg 480w\" sizes=\"(max-width: 1200px) 100vw, 1200px\" \/><\/p>\n<p>&nbsp;<\/p>\n<h3>9. @florianpedra &#8211; 53 188 abonn\u00e9s<\/h3>\n<p><strong>Influenceur \u00e0 Strasbourg (instagrameur)<\/strong><\/p>\n<ul>\n<li>49\u202f600 abonn\u00e9s sur <strong>Instagram<\/strong> en 2022<\/li>\n<li>3 578 abonn\u00e9s sur <strong>Twitter<\/strong><\/li>\n<li>Vrai nom : <strong>Florian Pedra<\/strong><\/li>\n<li>Genre : <strong>homme<\/strong><\/li>\n<li>Pays : <strong>France<\/strong><\/li>\n<li>R\u00e9gion : <strong>Alsace (Grand Est)<\/strong><\/li>\n<li>D\u00e9partement : <strong>Bas-Rhin (67)<\/strong><\/li>\n<li>Ville : <strong>Strasbourg (67000)<\/strong><\/li>\n<li>Bio Instagram : <em>\u00ab\u00a0Florian Pedra \u2022 Lifestyle<br \/>Blogueur<br \/>\ud83c\udf49Distributeur de Bonne humeur\u2728<br \/>\ud83d\udc3b\u200d\u2744\ufe0fStory Dro\u0302le | Hypersensible<br \/>\ud83c\udf4aBon Plan | Astuces | Good Vibes<br \/>\u2601\ufe0fDe\u0301veloppement personnel<br \/>\ud83d\udd1c #strasbourg \u2192 #paris\u00a0\u00bb<\/em><\/li>\n<li>Extrait photos :<\/li>\n<\/ul>\n<p><img loading=\"lazy\" decoding=\"async\" src=\"https:\/\/mediaboss.fr\/wp-content\/uploads\/influenceur-Strasbourg-Florian-Pedra-\u2022-Lifestyle-florianpedra-\u2022-Photos-et-videos-Instagram.jpg\" width=\"1200\" height=\"880\" alt=\"influenceur alsacien\" class=\"wp-image-3659 aligncenter size-full\" srcset=\"https:\/\/mediaboss.fr\/wp-content\/uploads\/influenceur-Strasbourg-Florian-Pedra-\u2022-Lifestyle-florianpedra-\u2022-Photos-et-videos-Instagram.jpg 1200w, https:\/\/mediaboss.fr\/wp-content\/uploads\/influenceur-Strasbourg-Florian-Pedra-\u2022-Lifestyle-florianpedra-\u2022-Photos-et-videos-Instagram-300x220.jpg 300w, https:\/\/mediaboss.fr\/wp-content\/uploads\/influenceur-Strasbourg-Florian-Pedra-\u2022-Lifestyle-florianpedra-\u2022-Photos-et-videos-Instagram-768x563.jpg 768w, https:\/\/mediaboss.fr\/wp-content\/uploads\/influenceur-Strasbourg-Florian-Pedra-\u2022-Lifestyle-florianpedra-\u2022-Photos-et-videos-Instagram-1080x792.jpg 1080w, https:\/\/mediaboss.fr\/wp-content\/uploads\/influenceur-Strasbourg-Florian-Pedra-\u2022-Lifestyle-florianpedra-\u2022-Photos-et-videos-Instagram-980x719.jpg 980w, https:\/\/mediaboss.fr\/wp-content\/uploads\/influenceur-Strasbourg-Florian-Pedra-\u2022-Lifestyle-florianpedra-\u2022-Photos-et-videos-Instagram-480x352.jpg 480w\" sizes=\"(max-width: 1200px) 100vw, 1200px\" \/><\/p>\n<p>&nbsp;<\/p>\n<h3>8. @challenger.67 &#8211; 82\u202f200 abonn\u00e9s<\/h3>\n<p><strong>Influenceur \u00e0 Strasbourg<\/strong><\/p>\n<ul>\n<li>82\u202f200 abonn\u00e9s sur <strong>Instagram<\/strong> en 2022<\/li>\n<li>Vrai nom : <strong>nc<\/strong><\/li>\n<li>Genre : <strong>homme<\/strong><\/li>\n<li>Pays : <strong>France<\/strong><\/li>\n<li>R\u00e9gion : <strong>Alsace (Grand Est)<\/strong><\/li>\n<li>D\u00e9partement : <strong>Bas-Rhin (67)<\/strong><\/li>\n<li>Ville : <strong>Strasbourg (67000)<\/strong><\/li>\n<li>Bio Instagram : <em>\u00ab\u00a0IBRAHIM<br \/>Personnalit\u00e9 publique<br \/>\ud83d\udc7b brams-67<br \/>\ud83d\udce9 lechallenger.pro@gmail.com\u00a0\u00bb<\/em><\/li>\n<li>Extrait photos :<\/li>\n<\/ul>\n<p><img loading=\"lazy\" decoding=\"async\" src=\"https:\/\/mediaboss.fr\/wp-content\/uploads\/influenceur-Strasbourg-IBRAHIM-challenger-67-\u2022-Photos-et-videos-Instagram.jpg\" width=\"1200\" height=\"880\" alt=\"influenceur-Strasbourg-IBRAHIM-challenger-67-\u2022-Photos-et-vid\u00e9os-Instagram\" class=\"wp-image-3658 aligncenter size-full\" srcset=\"https:\/\/mediaboss.fr\/wp-content\/uploads\/influenceur-Strasbourg-IBRAHIM-challenger-67-\u2022-Photos-et-videos-Instagram.jpg 1200w, https:\/\/mediaboss.fr\/wp-content\/uploads\/influenceur-Strasbourg-IBRAHIM-challenger-67-\u2022-Photos-et-videos-Instagram-300x220.jpg 300w, https:\/\/mediaboss.fr\/wp-content\/uploads\/influenceur-Strasbourg-IBRAHIM-challenger-67-\u2022-Photos-et-videos-Instagram-768x563.jpg 768w, https:\/\/mediaboss.fr\/wp-content\/uploads\/influenceur-Strasbourg-IBRAHIM-challenger-67-\u2022-Photos-et-videos-Instagram-1080x792.jpg 1080w, https:\/\/mediaboss.fr\/wp-content\/uploads\/influenceur-Strasbourg-IBRAHIM-challenger-67-\u2022-Photos-et-videos-Instagram-980x719.jpg 980w, https:\/\/mediaboss.fr\/wp-content\/uploads\/influenceur-Strasbourg-IBRAHIM-challenger-67-\u2022-Photos-et-videos-Instagram-480x352.jpg 480w\" sizes=\"(max-width: 1200px) 100vw, 1200px\" \/><\/p>\n<p>&nbsp;<\/p>\n<h3>7. @deborah_koegele &#8211; 91 000 abonn\u00e9s<\/h3>\n<p><strong>Influenceuse \u00e0 Strasbourg (Onlyfans)<\/strong><\/p>\n<ul>\n<li>72 700 abonn\u00e9s sur <strong>Instagram<\/strong> en 2022<\/li>\n<li>15 800 abonn\u00e9s sur <strong>TikTok<\/strong><\/li>\n<li>2 500 abonn\u00e9s sur <strong>Facebook<\/strong><\/li>\n<li>D\u00e9borah Koegele est \u00e9galement sur <strong>Onlyfans\u00a0<\/strong>en 2022<\/li>\n<li>Vrai nom : <strong>D\u00e9borah Koegele<\/strong><\/li>\n<li>Genre : <strong>femme<\/strong><\/li>\n<li>Pays : <strong>France<\/strong><\/li>\n<li>R\u00e9gion : <strong>Alsace (Grand Est)<\/strong><\/li>\n<li>D\u00e9partement : <strong>Bas-Rhin (67)<\/strong><\/li>\n<li>Ville : <strong>Strasbourg (67000)<\/strong><\/li>\n<li>Bio Instagram : <em>\u00ab\u00a0\ud835\uddd7 \ud835\uddd8\u0301 \ud835\uddd5 \u2661 \ud835\udde5 \ud835\uddd4 \ud835\udddb<br \/>Personnalit\u00e9 publique<br \/>\ud83d\udc51| Miss \u00c9l\u00e9gance Alsace 2018<br \/>\ud83d\udc60| Freelance model<br \/>\ud83d\udc8c| dkoegele@yahoo.fr<br \/>\ud83d\udddd| \ud835\udc41\ud835\udc52 \ud835\udc61\ud835\udc52 \ud835\udc59\ud835\udc4e\ud835\udc56\ud835\udc60\ud835\udc60\ud835\udc52 \ud835\udc5d\ud835\udc4e\ud835\udc60 \ud835\udc63\ud835\udc4e\ud835\udc56\ud835\udc5b\ud835\udc50\ud835\udc5f\ud835\udc52 \ud835\udc5d\ud835\udc4e\ud835\udc5f \ud835\udc59\ud835\udc52 \ud835\udc5a\ud835\udc4e\ud835\udc59, \ud835\udc5a\ud835\udc4e\ud835\udc56\ud835\udc60 \ud835\udc60\ud835\udc5c\ud835\udc56\ud835\udc60 \ud835\udc63\ud835\udc4e\ud835\udc56\ud835\udc5b\ud835\udc5e\ud835\udc62\ud835\udc52\ud835\udc62\ud835\udc5f \ud835\udc51\ud835\udc62 \ud835\udc5a\ud835\udc4e\ud835\udc59 \ud835\udc5d\ud835\udc4e\ud835\udc5f \ud835\udc59\ud835\udc52 \ud835\udc4f\ud835\udc56\ud835\udc52\ud835\udc5b \u00ab\u00a0<\/em><\/li>\n<li>Extrait photos :<\/li>\n<\/ul>\n<p><img loading=\"lazy\" decoding=\"async\" src=\"https:\/\/mediaboss.fr\/wp-content\/uploads\/influenceur-Strasbourg-\ud835\uddd7-\ud835\uddd8\u0301-\ud835\uddd5-\u2661-\ud835\udde5-\ud835\uddd4-\ud835\udddb-deborah_koegele-\u2022-Photos-et-videos-Instagram.jpg\" width=\"1200\" height=\"860\" alt=\"onlyfans strasbourg\" class=\"wp-image-4596 aligncenter size-full\" srcset=\"https:\/\/mediaboss.fr\/wp-content\/uploads\/influenceur-Strasbourg-\ud835\uddd7-\ud835\uddd8\u0301-\ud835\uddd5-\u2661-\ud835\udde5-\ud835\uddd4-\ud835\udddb-deborah_koegele-\u2022-Photos-et-videos-Instagram.jpg 1200w, https:\/\/mediaboss.fr\/wp-content\/uploads\/influenceur-Strasbourg-\ud835\uddd7-\ud835\uddd8\u0301-\ud835\uddd5-\u2661-\ud835\udde5-\ud835\uddd4-\ud835\udddb-deborah_koegele-\u2022-Photos-et-videos-Instagram-300x215.jpg 300w, https:\/\/mediaboss.fr\/wp-content\/uploads\/influenceur-Strasbourg-\ud835\uddd7-\ud835\uddd8\u0301-\ud835\uddd5-\u2661-\ud835\udde5-\ud835\uddd4-\ud835\udddb-deborah_koegele-\u2022-Photos-et-videos-Instagram-768x550.jpg 768w, https:\/\/mediaboss.fr\/wp-content\/uploads\/influenceur-Strasbourg-\ud835\uddd7-\ud835\uddd8\u0301-\ud835\uddd5-\u2661-\ud835\udde5-\ud835\uddd4-\ud835\udddb-deborah_koegele-\u2022-Photos-et-videos-Instagram-1080x774.jpg 1080w, https:\/\/mediaboss.fr\/wp-content\/uploads\/influenceur-Strasbourg-\ud835\uddd7-\ud835\uddd8\u0301-\ud835\uddd5-\u2661-\ud835\udde5-\ud835\uddd4-\ud835\udddb-deborah_koegele-\u2022-Photos-et-videos-Instagram-980x702.jpg 980w, https:\/\/mediaboss.fr\/wp-content\/uploads\/influenceur-Strasbourg-\ud835\uddd7-\ud835\uddd8\u0301-\ud835\uddd5-\u2661-\ud835\udde5-\ud835\uddd4-\ud835\udddb-deborah_koegele-\u2022-Photos-et-videos-Instagram-480x344.jpg 480w\" sizes=\"(max-width: 1200px) 100vw, 1200px\" \/><\/p>\n<p>&nbsp;<\/p>\n<h3>6. @paulineajung &#8211; 92 600 abonn\u00e9s<\/h3>\n<p><strong>Influenceuse \u00e0 Strasbourg (instagrameuse)<\/strong><\/p>\n<ul>\n<li>92 600 abonn\u00e9s sur <strong>Instagram<\/strong> en 2022<\/li>\n<li>Vrai nom : <strong>Pauline<\/strong><\/li>\n<li>Genre : <strong>femme<\/strong><\/li>\n<li>Pays : <strong>France<\/strong><\/li>\n<li>R\u00e9gion : <strong>Alsace (Grand Est)<\/strong><\/li>\n<li>D\u00e9partement : <strong>Bas-Rhin (67)<\/strong><\/li>\n<li>Ville : <strong>Strasbourg (67000)<\/strong><\/li>\n<li>Bio Instagram : <em>\u00ab\u00a0P a u l i n e \ud83e\udd8b<br \/>Cr\u00e9ateur digital<br \/>If it makes you happy, who cares<br \/>\u2728 Fashion, travel, food &amp; empowerment<br \/>\ud83c\udf3c Strasbourg &#8211; Paris, fr<br \/>\u2709\ufe0f paulineajung@gmail.com\u00a0\u00bb<\/em><\/li>\n<li>Extrait photos :<\/li>\n<\/ul>\n<p><img loading=\"lazy\" decoding=\"async\" src=\"https:\/\/mediaboss.fr\/wp-content\/uploads\/influenceur-Strasbourg-P-a-u-l-i-n-e-\ud83e\udd8b-paulineajung-\u2022-Photos-et-videos-Instagram.jpg\" width=\"1200\" height=\"880\" alt=\"influenceur-Strasbourg-P-a-u-l-i-n-e-\ud83e\udd8b-paulineajung-\u2022-Photos-et-vid\u00e9os-Instagram\" class=\"wp-image-3657 aligncenter size-full\" srcset=\"https:\/\/mediaboss.fr\/wp-content\/uploads\/influenceur-Strasbourg-P-a-u-l-i-n-e-\ud83e\udd8b-paulineajung-\u2022-Photos-et-videos-Instagram.jpg 1200w, https:\/\/mediaboss.fr\/wp-content\/uploads\/influenceur-Strasbourg-P-a-u-l-i-n-e-\ud83e\udd8b-paulineajung-\u2022-Photos-et-videos-Instagram-300x220.jpg 300w, https:\/\/mediaboss.fr\/wp-content\/uploads\/influenceur-Strasbourg-P-a-u-l-i-n-e-\ud83e\udd8b-paulineajung-\u2022-Photos-et-videos-Instagram-768x563.jpg 768w, https:\/\/mediaboss.fr\/wp-content\/uploads\/influenceur-Strasbourg-P-a-u-l-i-n-e-\ud83e\udd8b-paulineajung-\u2022-Photos-et-videos-Instagram-1080x792.jpg 1080w, https:\/\/mediaboss.fr\/wp-content\/uploads\/influenceur-Strasbourg-P-a-u-l-i-n-e-\ud83e\udd8b-paulineajung-\u2022-Photos-et-videos-Instagram-980x719.jpg 980w, https:\/\/mediaboss.fr\/wp-content\/uploads\/influenceur-Strasbourg-P-a-u-l-i-n-e-\ud83e\udd8b-paulineajung-\u2022-Photos-et-videos-Instagram-480x352.jpg 480w\" sizes=\"(max-width: 1200px) 100vw, 1200px\" \/><\/p>\n<p>&nbsp;<\/p>\n<h3>5. @paruncurieuxhasard- 97 070 abonn\u00e9s<\/h3>\n<p><strong>Influenceur \u00e0 Strasbourg (instagrameuse)<\/strong><\/p>\n<ul>\n<li>10 300 abonn\u00e9s sur <strong>Instagram<\/strong> en 2022<\/li>\n<li>83 000 abonn\u00e9s sur <strong>Facebook<\/strong><\/li>\n<li>3 770 abonn\u00e9s sur <strong>YouTube<\/strong><\/li>\n<li>Vrai nom : <strong>Stephan Schillinger<\/strong><\/li>\n<li>Genre : <strong>Homme<\/strong><\/li>\n<li>Pays : <strong>France<\/strong><\/li>\n<li>R\u00e9gion : <strong>Alsace (Grand Est)<\/strong><\/li>\n<li>D\u00e9partement : <strong>Bas-Rhin (67)<\/strong><\/li>\n<li>Ville : <strong>Strasbourg (67000)<\/strong><\/li>\n<li>Bio Instagram : <em>\u00ab\u00a0Stephan Schillinger<br \/>Personnalit\u00e9 publique<br \/>Artiste, conf\u00e9rencier et auteur strasbourgeois des livres \u00ab\u00a0Par un Curieux Hasard\u00a0\u00bb &amp; \u00ab\u00a0La Sagesse Interdite\u00a0\u00bb (\u00e9d. Tredaniel)\u00a0\u00bb<\/em><\/li>\n<li>Extrait photos :<\/li>\n<\/ul>\n<p><img loading=\"lazy\" decoding=\"async\" src=\"https:\/\/mediaboss.fr\/wp-content\/uploads\/influenceur-Strasbourg-Stephan-Schillinger-paruncurieuxhasard-\u2022-Photos-et-videos-Instagram.jpg\" width=\"1200\" height=\"870\" alt=\"influenceur alsace\" class=\"wp-image-9376 aligncenter size-full\" srcset=\"https:\/\/mediaboss.fr\/wp-content\/uploads\/influenceur-Strasbourg-Stephan-Schillinger-paruncurieuxhasard-\u2022-Photos-et-videos-Instagram.jpg 1200w, https:\/\/mediaboss.fr\/wp-content\/uploads\/influenceur-Strasbourg-Stephan-Schillinger-paruncurieuxhasard-\u2022-Photos-et-videos-Instagram-300x218.jpg 300w, https:\/\/mediaboss.fr\/wp-content\/uploads\/influenceur-Strasbourg-Stephan-Schillinger-paruncurieuxhasard-\u2022-Photos-et-videos-Instagram-768x557.jpg 768w, https:\/\/mediaboss.fr\/wp-content\/uploads\/influenceur-Strasbourg-Stephan-Schillinger-paruncurieuxhasard-\u2022-Photos-et-videos-Instagram-18x12.jpg 18w, https:\/\/mediaboss.fr\/wp-content\/uploads\/influenceur-Strasbourg-Stephan-Schillinger-paruncurieuxhasard-\u2022-Photos-et-videos-Instagram-1080x783.jpg 1080w, https:\/\/mediaboss.fr\/wp-content\/uploads\/influenceur-Strasbourg-Stephan-Schillinger-paruncurieuxhasard-\u2022-Photos-et-videos-Instagram-980x711.jpg 980w, https:\/\/mediaboss.fr\/wp-content\/uploads\/influenceur-Strasbourg-Stephan-Schillinger-paruncurieuxhasard-\u2022-Photos-et-videos-Instagram-480x348.jpg 480w\" sizes=\"(max-width: 1200px) 100vw, 1200px\" \/><\/p>\n<p>&nbsp;<\/p>\n<h3>4. @mysweetcactus &#8211; 116\u202f743 abonn\u00e9s<\/h3>\n<p><strong>Influenceuse \u00e0 Strasbourg (blogueuse)<\/strong><\/p>\n<ul>\n<li>105\u202f000 abonn\u00e9s sur <strong>Instagram<\/strong> en 2022<\/li>\n<li>11 743 abonn\u00e9s sur <strong>Facebook<\/strong><\/li>\n<li>Vrai nom : <strong>L\u00e9a-Marie<\/strong><\/li>\n<li>Genre : <strong>femme<\/strong><\/li>\n<li>Pays : <strong>France<\/strong><\/li>\n<li>R\u00e9gion : <strong>Alsace (Grand Est)<\/strong><\/li>\n<li>D\u00e9partement : <strong>Bas-Rhin (67)<\/strong><\/li>\n<li>Ville : <strong>Strasbourg (67000)<\/strong><\/li>\n<li>Bio Instagram : <em>\u00ab\u00a0Le\u0301a-Marie \ud83c\udf35 Blog Strasbourg<br \/>Blogueur<br \/>\ud83d\udccdStrasbourg \ud83d\udd04 Paris<br \/>\ud83d\udc8d Bride to be 2023<br \/>\u2728 Distribution de good vibes sur @les_reminders<br \/>\ud83c\udfe0 R\u00e9novation\/d\u00e9coration de notre maison\u00a0\u00bb<\/em><\/li>\n<li>Extrait photos :<\/li>\n<\/ul>\n<p><img loading=\"lazy\" decoding=\"async\" src=\"https:\/\/mediaboss.fr\/wp-content\/uploads\/influenceur-Strasbourg-Le\u0301a-Marie-\ud83c\udf35-Blog-Strasbourg-mysweetcactus-\u2022-Photos-et-videos-Instagram.jpg\" width=\"1200\" height=\"880\" alt=\"influenceur-Strasbourg-Le\u0301a-Marie-\ud83c\udf35-Blog-Strasbourg-mysweetcactus-\u2022-Photos-et-vid\u00e9os-Instagram\" class=\"wp-image-3656 aligncenter size-full\" srcset=\"https:\/\/mediaboss.fr\/wp-content\/uploads\/influenceur-Strasbourg-Le\u0301a-Marie-\ud83c\udf35-Blog-Strasbourg-mysweetcactus-\u2022-Photos-et-videos-Instagram.jpg 1200w, https:\/\/mediaboss.fr\/wp-content\/uploads\/influenceur-Strasbourg-Le\u0301a-Marie-\ud83c\udf35-Blog-Strasbourg-mysweetcactus-\u2022-Photos-et-videos-Instagram-300x220.jpg 300w, https:\/\/mediaboss.fr\/wp-content\/uploads\/influenceur-Strasbourg-Le\u0301a-Marie-\ud83c\udf35-Blog-Strasbourg-mysweetcactus-\u2022-Photos-et-videos-Instagram-768x563.jpg 768w, https:\/\/mediaboss.fr\/wp-content\/uploads\/influenceur-Strasbourg-Le\u0301a-Marie-\ud83c\udf35-Blog-Strasbourg-mysweetcactus-\u2022-Photos-et-videos-Instagram-1080x792.jpg 1080w, https:\/\/mediaboss.fr\/wp-content\/uploads\/influenceur-Strasbourg-Le\u0301a-Marie-\ud83c\udf35-Blog-Strasbourg-mysweetcactus-\u2022-Photos-et-videos-Instagram-980x719.jpg 980w, https:\/\/mediaboss.fr\/wp-content\/uploads\/influenceur-Strasbourg-Le\u0301a-Marie-\ud83c\udf35-Blog-Strasbourg-mysweetcactus-\u2022-Photos-et-videos-Instagram-480x352.jpg 480w\" sizes=\"(max-width: 1200px) 100vw, 1200px\" \/><\/p>\n<p>&nbsp;<\/p>\n<h3>3. @helenelavilaine &#8211; 121\u202f600 abonn\u00e9s<\/h3>\n<p><strong>Influenceuse \u00e0 Strasbourg (instagrameuse et youtubeuse)<\/strong><\/p>\n<ul>\n<li>64\u202f000 abonn\u00e9s sur <strong>Instagram<\/strong> en 2022<\/li>\n<li>57 600 abonn\u00e9s sur <strong>YouTube<\/strong><\/li>\n<li>Vrai nom : <strong>H\u00e9l\u00e8ne<\/strong><\/li>\n<li>Genre : <strong>femme<\/strong><\/li>\n<li>Pays : <strong>France<\/strong><\/li>\n<li>R\u00e9gion : <strong>Alsace (Grand Est)<\/strong><\/li>\n<li>D\u00e9partement : <strong>Bas-Rhin (67)<\/strong><\/li>\n<li>Ville : <strong>Strasbourg (67000)<\/strong><\/li>\n<li>Bio Instagram : <em>\u00ab\u00a0\u2800\u2800\u2800\u2800\u2800\u2800\u2800\u2800 \u2800\ud83c\udf80 HELENE \ud83c\udf80<br \/>Cr\u00e9ateur de vid\u00e9os<br \/>\ud83e\udd68 #Strasbourg<br \/>\ud83e\udddc\ud83c\udffc\u200d\u2640\ufe0f Motivation Account #positivemind<br \/>\ud83d\udc8c helenelavilaine@impact-agency.fr<br \/>\ud83c\udfa5 Retrouve-moi s\/ Youtube \ud83d\udc9c\u2b50\ufe0f<br \/>\ud83c\udf1f Chai\u0302ne YT \ud83c\udf1f\u00a0\u00bb<\/em><\/li>\n<li>Extrait photos :<\/li>\n<\/ul>\n<p><img loading=\"lazy\" decoding=\"async\" src=\"https:\/\/mediaboss.fr\/wp-content\/uploads\/influenceur-Strasbourg-\ud83c\udf80-HELENE-\ud83c\udf80-helenelavilaine-\u2022-Photos-et-videos-Instagram.jpg\" width=\"1200\" height=\"880\" alt=\"influenceur-Strasbourg-\ud83c\udf80-HELENE-\ud83c\udf80-helenelavilaine-\u2022-Photos-et-vid\u00e9os-Instagram\" class=\"wp-image-3655 aligncenter size-full\" srcset=\"https:\/\/mediaboss.fr\/wp-content\/uploads\/influenceur-Strasbourg-\ud83c\udf80-HELENE-\ud83c\udf80-helenelavilaine-\u2022-Photos-et-videos-Instagram.jpg 1200w, https:\/\/mediaboss.fr\/wp-content\/uploads\/influenceur-Strasbourg-\ud83c\udf80-HELENE-\ud83c\udf80-helenelavilaine-\u2022-Photos-et-videos-Instagram-300x220.jpg 300w, https:\/\/mediaboss.fr\/wp-content\/uploads\/influenceur-Strasbourg-\ud83c\udf80-HELENE-\ud83c\udf80-helenelavilaine-\u2022-Photos-et-videos-Instagram-768x563.jpg 768w, https:\/\/mediaboss.fr\/wp-content\/uploads\/influenceur-Strasbourg-\ud83c\udf80-HELENE-\ud83c\udf80-helenelavilaine-\u2022-Photos-et-videos-Instagram-1080x792.jpg 1080w, https:\/\/mediaboss.fr\/wp-content\/uploads\/influenceur-Strasbourg-\ud83c\udf80-HELENE-\ud83c\udf80-helenelavilaine-\u2022-Photos-et-videos-Instagram-980x719.jpg 980w, https:\/\/mediaboss.fr\/wp-content\/uploads\/influenceur-Strasbourg-\ud83c\udf80-HELENE-\ud83c\udf80-helenelavilaine-\u2022-Photos-et-videos-Instagram-480x352.jpg 480w\" sizes=\"(max-width: 1200px) 100vw, 1200px\" \/><\/p>\n<p>&nbsp;<\/p>\n<h3>2. @pokaa.fr &#8211; 205\u202f961 abonn\u00e9s<\/h3>\n<p><strong>Influenceur \u00e0 Strasbourg (m\u00e9dia)<\/strong><\/p>\n<ul>\n<li>57\u202f200 abonn\u00e9s sur <strong>Instagram<\/strong> en 2022<\/li>\n<li>137 261 abonn\u00e9s sur <strong>Facebook<\/strong><\/li>\n<li>11 500 abonn\u00e9s sur <strong>Twitter<\/strong><\/li>\n<li>Vrai nom : <strong>nc<\/strong><\/li>\n<li>Genre : <strong>multiple<\/strong><\/li>\n<li>Pays : <strong>France<\/strong><\/li>\n<li>R\u00e9gion : <strong>Alsace (Grand Est)<\/strong><\/li>\n<li>D\u00e9partement : <strong>Bas-Rhin (67)<\/strong><\/li>\n<li>Ville : <strong>Strasbourg (67000)<\/strong><\/li>\n<li>Bio Instagram : <em>\u00ab\u00a0Pokaa<br \/>M\u00e9dia<br \/>Pokaa, le m\u00e9dia strasbourgeois des bons vivants bien inform\u00e9s\ud83c\udf7b\ud83c\udf54\ud83d\udc08<br \/>\ud83d\udcf2\ud83d\udd25L&rsquo;appli Pokaa est disponible sur Android et IOS \ud83d\udd25\ud83d\udcf2 #strasbourg\u00a0\u00bb<\/em><\/li>\n<li>Extrait photos :<\/li>\n<\/ul>\n<p><img loading=\"lazy\" decoding=\"async\" src=\"https:\/\/mediaboss.fr\/wp-content\/uploads\/influenceur-Strasbourg-Pokaa-pokaa-fr-\u2022-Photos-et-videos-Instagram.jpg\" width=\"1200\" height=\"880\" alt=\"influenceur alsace\" class=\"wp-image-3654 aligncenter size-full\" srcset=\"https:\/\/mediaboss.fr\/wp-content\/uploads\/influenceur-Strasbourg-Pokaa-pokaa-fr-\u2022-Photos-et-videos-Instagram.jpg 1200w, https:\/\/mediaboss.fr\/wp-content\/uploads\/influenceur-Strasbourg-Pokaa-pokaa-fr-\u2022-Photos-et-videos-Instagram-300x220.jpg 300w, https:\/\/mediaboss.fr\/wp-content\/uploads\/influenceur-Strasbourg-Pokaa-pokaa-fr-\u2022-Photos-et-videos-Instagram-768x563.jpg 768w, https:\/\/mediaboss.fr\/wp-content\/uploads\/influenceur-Strasbourg-Pokaa-pokaa-fr-\u2022-Photos-et-videos-Instagram-1080x792.jpg 1080w, https:\/\/mediaboss.fr\/wp-content\/uploads\/influenceur-Strasbourg-Pokaa-pokaa-fr-\u2022-Photos-et-videos-Instagram-980x719.jpg 980w, https:\/\/mediaboss.fr\/wp-content\/uploads\/influenceur-Strasbourg-Pokaa-pokaa-fr-\u2022-Photos-et-videos-Instagram-480x352.jpg 480w\" sizes=\"(max-width: 1200px) 100vw, 1200px\" \/><\/p>\n<p>&nbsp;<\/p>\n<h3>1. @heydjuce &#8211; 216\u202f800 abonn\u00e9s<\/h3>\n<p><strong>Influenceuse \u00e0 Strasbourg (tiktokeuse)<\/strong><\/p>\n<ul>\n<li>24 100 abonn\u00e9s sur <strong>Instagram<\/strong> en 2022<\/li>\n<li>192 700 abonn\u00e9s sur <b>TikTok<\/b><\/li>\n<li>Vrai nom : <strong>Justine<\/strong><\/li>\n<li>Genre : <strong>femme<\/strong><\/li>\n<li>Pays : <strong>France<\/strong><\/li>\n<li>R\u00e9gion : <strong>Alsace (Grand Est)<\/strong><\/li>\n<li>D\u00e9partement : <strong>Bas-Rhin (67)<\/strong><\/li>\n<li>Ville : <strong>Strasbourg (67000)<\/strong><\/li>\n<li>Bio Instagram : <em>\u00ab\u00a0Justine\u2728Paris &amp; Strasbourg<br \/>Blogueur<br \/>\u2764\ufe0f Mode, lifestyle et voyage<br \/>\ud83d\udcf7 Free-lance CM &amp; Influence<br \/>\u2712\ufe0f R\u00e9dactrice @kworldmag<br \/>\ud83e\uddcbTikTok 193K<br \/>\ud83d\udc8c Collab: heydjuce@gmail.com\u00a0\u00bb<\/em><\/li>\n<li>Extrait photos :<\/li>\n<\/ul>\n<p><img loading=\"lazy\" decoding=\"async\" src=\"https:\/\/mediaboss.fr\/wp-content\/uploads\/influenceur-Strasbourg-Justine\u2728Paris-Strasbourg-heydjuce-\u2022-Photos-et-videos-Instagram.jpg\" width=\"1200\" height=\"880\" alt=\"influenceur-Strasbourg-Justine\u2728Paris-Strasbourg-heydjuce-\u2022-Photos-et-vid\u00e9os-Instagram\" class=\"wp-image-3653 alignnone size-full\" srcset=\"https:\/\/mediaboss.fr\/wp-content\/uploads\/influenceur-Strasbourg-Justine\u2728Paris-Strasbourg-heydjuce-\u2022-Photos-et-videos-Instagram.jpg 1200w, https:\/\/mediaboss.fr\/wp-content\/uploads\/influenceur-Strasbourg-Justine\u2728Paris-Strasbourg-heydjuce-\u2022-Photos-et-videos-Instagram-300x220.jpg 300w, https:\/\/mediaboss.fr\/wp-content\/uploads\/influenceur-Strasbourg-Justine\u2728Paris-Strasbourg-heydjuce-\u2022-Photos-et-videos-Instagram-768x563.jpg 768w, https:\/\/mediaboss.fr\/wp-content\/uploads\/influenceur-Strasbourg-Justine\u2728Paris-Strasbourg-heydjuce-\u2022-Photos-et-videos-Instagram-1080x792.jpg 1080w, https:\/\/mediaboss.fr\/wp-content\/uploads\/influenceur-Strasbourg-Justine\u2728Paris-Strasbourg-heydjuce-\u2022-Photos-et-videos-Instagram-980x719.jpg 980w, https:\/\/mediaboss.fr\/wp-content\/uploads\/influenceur-Strasbourg-Justine\u2728Paris-Strasbourg-heydjuce-\u2022-Photos-et-videos-Instagram-480x352.jpg 480w\" sizes=\"(max-width: 1200px) 100vw, 1200px\" \/><\/p>\n<p>&nbsp;<\/p>\n<h2>Conclusion<\/h2>\n<p>Et voil\u00e0 ! Vous avez un bel aper\u00e7u des <strong>18 influenceurs \/ influenceuses alsaciens les plus populaires \u00e0 Strasbourg <\/strong>en 2022.<\/p>\n<p>N&rsquo;h\u00e9sitez pas \u00e0 nous <a href=\"\/contact\/\" title=\"contact\">contacter<\/a> pour modifier ou compl\u00e9ter ce <strong>top instagrameurs (instagrameuses) strasbourgeois et strasbourgeoises.<\/strong><\/p>\n<p>Ou si vous souhaitez collaborer avec Mediaboss : publicit\u00e9, liens, partenariat&#8230;<\/p>\n<p>Tout est possible, nous sommes \u00e0 votre disposition ! \ud83d\ude42<\/p>\n<p>*<\/p>\n<p><strong>Autres questions pos\u00e9es concernant les influenceurs \u00e0 Strasbourg en 2022 :<\/strong><\/p>\n<p><strong><\/strong><\/p>\n<h2>Qui est challenger sur SNAP en 2022 ?<\/h2>\n<p>Challenger sur SNAP (pseudo <strong>brams-67<\/strong> sur Snapchat) est un influenceur originaire de Strasbourg.<\/p>\n<p>Pr\u00e9nomm\u00e9 Ibrahim, il se fait conna\u00eetre en mai 2022 pour 2 faits :<\/p>\n<ul>\n<li>Il s&rsquo;est rendu en Syrie pour un \u00ab\u00a0voyage touristique\u00a0\u00bb (selon lui) et a tir\u00e9 \u00e0 la Kalachnikov<\/li>\n<li>\u00a0Il est rentr\u00e9 au Stade de France (avec entre autres Cyril Hanouna) lors de la fameuse soir\u00e9e de la finale de la Ligue des Champions de football le samedi 28 mai 2022.<\/li>\n<\/ul>\n<p><strong><\/strong><\/p>\n<p style=\"text-align: left;\"><em><strong>Mises \u00e0 jour :<\/strong><\/em><\/p>\n<ul>\n<li style=\"text-align: left;\"><em><strong>Mardi 13\/12\/2022<\/strong> : ajout de St\u00e9phane Schllinger<\/em><\/li>\n<\/ul>\n<p>[\/et_pb_text][et_pb_text _builder_version=\u00a0\u00bb4.18.0&Prime; _module_preset=\u00a0\u00bbdefault\u00a0\u00bb link_line_height=\u00a0\u00bb1.7em\u00a0\u00bb ul_line_height=\u00a0\u00bb1.7em\u00a0\u00bb ol_line_height=\u00a0\u00bb1.7em\u00a0\u00bb quote_line_height=\u00a0\u00bb1.7em\u00a0\u00bb global_module=\u00a0\u00bb2819&Prime; saved_tabs=\u00a0\u00bball\u00a0\u00bb global_colors_info=\u00a0\u00bb{}\u00a0\u00bb]<\/p>\n<p>*<\/p>\n<p><strong>Vous allez \u00eatre int\u00e9ress\u00e9 par notre classement des top influenceurs (influenceuses) class\u00e9s par:<\/strong><\/p>\n<h4>THEMES :<\/h4>\n<ul>\n<li><a href=\"https:\/\/mediaboss.fr\/influenceur-homme\/\" title=\"influenceur homme\">Top 16 Influenceurs <strong>Homme<\/strong><\/a><\/li>\n<li><a href=\"https:\/\/mediaboss.fr\/influenceur-restaurant\/\" title=\"influenceur restaurant\">Top 12 Influenceurs <strong>Restaurant<\/strong><\/a><\/li>\n<li><a href=\"https:\/\/mediaboss.fr\/influenceur-voyage\/\" title=\"influenceur voyage\">Top 16 Influenceurs <strong>Voyage<\/strong><\/a><\/li>\n<li><a href=\"https:\/\/mediaboss.fr\/influenceur-sport\" title=\"influenceur sport\">Top 15 Influenceurs <strong>Sport<\/strong><\/a><\/li>\n<li><a href=\"https:\/\/mediaboss.fr\/influenceur-food\/\" title=\"influenceur food\">Top 17 Influenceurs <strong>Food<\/strong><\/a><\/li>\n<li><a href=\"https:\/\/mediaboss.fr\/artiste-influenceur\/\" title=\"artiste influenceur\">Top 19 <strong>Artistes Influenceurs<\/strong><\/a><\/li>\n<li><a href=\"https:\/\/mediaboss.fr\/musee-instagram\/\" title=\"mus\u00e9e Instagram\">Top 16 <strong>Mus\u00e9es Instagram<\/strong><\/a><\/li>\n<li><a href=\"https:\/\/mediaboss.fr\/influenceur-snapchat\/\" title=\"influenceur Snapchat\">Top 18 Influenceurs sur <strong>Snapchat<\/strong><\/a><\/li>\n<\/ul>\n<h4>PAYS :<\/h4>\n<ul>\n<li><a href=\"https:\/\/mediaboss.fr\/classement-influenceurs-france\/\" title=\"classement influenceurs France\">Top 16 influenceurs &amp; influenceuses en <strong>France<\/strong><\/a><\/li>\n<li><a href=\"https:\/\/mediaboss.fr\/influenceur-suisse\/\" title=\"influenceur suisse\">Top 14 influenceurs &amp; influenceuses en <strong>Suisse<\/strong><\/a><\/li>\n<li><a href=\"https:\/\/mediaboss.fr\/influenceur-espagne\/\" title=\"influenceur espagne\">Top 19 influenceurs &amp; influenceuses en <strong>Espagne<\/strong><\/a><\/li>\n<li><a href=\"https:\/\/mediaboss.fr\/influenceur-maroc\/\" title=\"influenceur maroc\">Top 19 influenceurs &amp; influenceuses au <strong>Maroc<\/strong><\/a><a href=\"https:\/\/mediaboss.fr\/influenceur-espagne\/\" title=\"influenceur espagne\"><strong><\/strong><\/a><\/li>\n<\/ul>\n<h4>REGIONS :<\/h4>\n<ul>\n<li><a href=\"https:\/\/mediaboss.fr\/influenceur-corse\/\" title=\"influenceur corse\">Top 15 influenceurs &amp; influenceuses en <strong>Corse<\/strong><\/a><\/li>\n<li><a href=\"https:\/\/mediaboss.fr\/influenceur-martinique\/\" title=\"influenceur martinique\">Top 13 influenceurs &amp; influenceuses en <strong>Martinique<\/strong><\/a><\/li>\n<li><a href=\"https:\/\/mediaboss.fr\/influenceur-guadeloupe\/\" title=\"influenceur guadeloupe\">Top 12 influenceurs &amp; influenceuses en <strong>Guadeloupe<\/strong><\/a><\/li>\n<\/ul>\n<h4>VILLES DE FRANCE :<\/h4>\n<ul>\n<li><a href=\"https:\/\/mediaboss.fr\/influenceur-rennes\/\" title=\"influenceur Rennes\">Top 12 influenceurs &amp; influenceuses \u00e0 <strong>Rennes<\/strong><\/a><\/li>\n<li><a href=\"https:\/\/mediaboss.fr\/influenceur-nancy\/\" title=\"influenceur Nancy\">Top 8 influenceurs &amp; influenceuses \u00e0 <strong>Nancy<\/strong><\/a><\/li>\n<li><a href=\"https:\/\/mediaboss.fr\/influenceur-rouen\/\" title=\"influenceur Rouen\">Top 10 influenceurs &amp; influenceuses \u00e0 <strong>Rouen<\/strong><\/a><\/li>\n<li><a href=\"https:\/\/mediaboss.fr\/influenceur-tours\/\" title=\"influenceur Tours\">Top 10 influenceurs &amp; influenceuses \u00e0 <strong>Tours<\/strong><\/a><\/li>\n<li><a href=\"https:\/\/mediaboss.fr\/influenceur-caen\/\" title=\"influenceur Caen\">Top 11 influenceurs &amp; influenceuses \u00e0 <strong>Caen<\/strong><\/a><\/li>\n<li><a href=\"https:\/\/mediaboss.fr\/influenceur-clermont-ferrand\/\" title=\"influenceur Clermont-Ferrand\">Top 11 influenceurs &amp; influenceuses \u00e0 <strong>Clermont-Ferrand<\/strong><\/a><\/li>\n<li><a href=\"https:\/\/mediaboss.fr\/influenceur-grenoble\/\" title=\"influenceur Grenoble\">Top 11 influenceurs &amp; influenceuses \u00e0 <strong>Grenoble<\/strong><\/a><\/li>\n<li><a href=\"https:\/\/mediaboss.fr\/influenceur-avignon\/\" title=\"influenceur Avignon\">Top 11 influenceurs &amp; influenceuses \u00e0 <strong>Avignon<\/strong><\/a><\/li>\n<li><a href=\"https:\/\/mediaboss.fr\/influenceur-metz\/\" title=\"influenceur Metz\">Top 10 influenceurs &amp; influenceuses \u00e0 <strong>Metz<\/strong><\/a><\/li>\n<li><a href=\"https:\/\/mediaboss.fr\/influenceur-toulon\/\" title=\"influenceur Toulon\">Top 11 influenceurs &amp; influenceuses \u00e0 <strong>Toulon<\/strong><\/a><\/li>\n<li><a href=\"https:\/\/mediaboss.fr\/influenceur-annecy\/\" title=\"influenceur Annecy\">Top 10 influenceurs &amp; influenceuses \u00e0 <strong>Annecy<\/strong><\/a><a href=\"https:\/\/mediaboss.fr\/influenceur-annecy\/\" title=\"influenceur Annecy\"><\/a><\/li>\n<li><a href=\"https:\/\/mediaboss.fr\/influenceur-limoges\/\" title=\"influenceur Limoges\">Top 10 influenceurs &amp; influenceuses \u00e0 <strong>Limoges<\/strong><\/a><\/li>\n<li><a href=\"https:\/\/mediaboss.fr\/influenceur-reims\/\" title=\"influenceur Reims\">Top 13 influenceurs &amp; influenceuses \u00e0 <strong>Reims<\/strong><\/a><\/li>\n<li><a href=\"https:\/\/mediaboss.fr\/influenceur-brest\/\" title=\"influenceur brest\">Top 15 influenceurs &amp; influenceuses \u00e0 <strong>Brest<\/strong><\/a><\/li>\n<li><a href=\"https:\/\/mediaboss.fr\/influenceur-toulouse\/\" title=\"influenceur toulouse\">Top 17 influenceurs &amp; influenceuses \u00e0 <strong>Toulouse<\/strong><\/a><\/li>\n<li><a href=\"https:\/\/mediaboss.fr\/influenceur-strasbourg\/\" title=\"influenceur strasbourg\">Top 16 influenceurs &amp; influenceuses \u00e0 <strong>Strasbourg<\/strong><\/a><\/li>\n<li><a href=\"https:\/\/mediaboss.fr\/influenceur-marseille\/\" title=\"influenceur marseille\">Top 16 influenceurs &amp; influenceuses \u00e0 <strong>Marseille<\/strong><\/a><\/li>\n<li><a href=\"https:\/\/mediaboss.fr\/influenceur-bordeaux\/\" title=\"influenceur bordeaux\">Top 29 influenceurs &amp; influenceuses \u00e0 <strong>Bordeaux<\/strong><\/a><\/li>\n<li><a href=\"https:\/\/mediaboss.fr\/influenceur-aix-en-provence\/\" title=\"influenceur aix en provence\">Top 16 influenceurs &amp; influenceuses \u00e0 <strong>Aix-en-Provence<\/strong><\/a><\/li>\n<li><a href=\"https:\/\/mediaboss.fr\/influenceur-dijon\/\" title=\"influenceur dijon\">Top 16 influenceurs &amp; influenceuses \u00e0 <strong>Dijon<\/strong><\/a><\/li>\n<li><a href=\"https:\/\/mediaboss.fr\/influenceur-nantes\/\" title=\"influenceur Nantes\">Top 14 influenceurs &amp; influenceuses \u00e0 <strong>Nantes<\/strong><\/a><\/li>\n<li><a href=\"https:\/\/mediaboss.fr\/influenceur-nice\/\" title=\"influenceur Nice (PACA)\">Top 17 influenceurs &amp; influenceuses \u00e0 <strong>Nice<\/strong><\/a><\/li>\n<li><a href=\"https:\/\/mediaboss.fr\/influenceur-montpellier\/\" title=\"influenceur Montpellier\">Top 14 influenceurs &amp; influenceuses \u00e0 <strong>Montpellier<\/strong><\/a><\/li>\n<li><a href=\"https:\/\/mediaboss.fr\/influenceur-lille\/\" title=\"influenceur Lille\">Top 16 influenceurs &amp; influenceuses \u00e0 <strong>Lille<\/strong><\/a><strong><\/strong><\/li>\n<li><a href=\"https:\/\/mediaboss.fr\/influenceur-lyon\/\" title=\"influenceur lyon\">Top 19 influenceurs &amp; influenceuses \u00e0 <strong>Lyon<\/strong><\/a><\/li>\n<\/ul>\n<p>*<br \/><strong><\/strong><\/p>\n<p>[\/et_pb_text][\/et_pb_column][et_pb_column type=\u00a0\u00bb1_3&Prime; _builder_version=\u00a0\u00bb4.16&Prime; custom_padding=\u00a0\u00bb|||\u00a0\u00bb global_colors_info=\u00a0\u00bb{}\u00a0\u00bb custom_padding__hover=\u00a0\u00bb|||\u00a0\u00bb][et_pb_sidebar _builder_version=\u00a0\u00bb4.17.4&Prime; _module_preset=\u00a0\u00bbdefault\u00a0\u00bb global_colors_info=\u00a0\u00bb{}\u00a0\u00bb][\/et_pb_sidebar][\/et_pb_column][\/et_pb_row][et_pb_row column_structure=\u00a0\u00bb2_3,1_3&Prime; _builder_version=\u00a0\u00bb4.16&Prime; _module_preset=\u00a0\u00bbdefault\u00a0\u00bb saved_tabs=\u00a0\u00bball\u00a0\u00bb global_colors_info=\u00a0\u00bb{}\u00a0\u00bb][et_pb_column type=\u00a0\u00bb2_3&Prime; _builder_version=\u00a0\u00bb4.16&Prime; _module_preset=\u00a0\u00bbdefault\u00a0\u00bb global_colors_info=\u00a0\u00bb{}\u00a0\u00bb][et_pb_text _builder_version=\u00a0\u00bb4.16&Prime; _module_preset=\u00a0\u00bbdefault\u00a0\u00bb global_colors_info=\u00a0\u00bb{}\u00a0\u00bb]<\/p>\n<h4>Vous aimerez aussi :<\/h4>\n<p>[\/et_pb_text][et_pb_blog fullwidth=\u00a0\u00bboff\u00a0\u00bb posts_number=\u00a0\u00bb4&Prime; include_categories=\u00a0\u00bb24&Prime; use_manual_excerpt=\u00a0\u00bboff\u00a0\u00bb excerpt_length=\u00a0\u00bb0&Prime; show_author=\u00a0\u00bboff\u00a0\u00bb show_date=\u00a0\u00bboff\u00a0\u00bb show_excerpt=\u00a0\u00bboff\u00a0\u00bb show_pagination=\u00a0\u00bboff\u00a0\u00bb _builder_version=\u00a0\u00bb4.19.0&Prime; _module_preset=\u00a0\u00bbdefault\u00a0\u00bb header_level=\u00a0\u00bbh5&Prime; body_font_size=\u00a0\u00bb16px\u00a0\u00bb meta_font_size=\u00a0\u00bb16px\u00a0\u00bb read_more_font_size=\u00a0\u00bb16px\u00a0\u00bb global_module=\u00a0\u00bb2704&Prime; saved_tabs=\u00a0\u00bball\u00a0\u00bb global_colors_info=\u00a0\u00bb{}\u00a0\u00bb meta_font_size__hover_enabled=\u00a0\u00bboff|desktop\u00a0\u00bb][\/et_pb_blog][et_pb_team_member image_url=\u00a0\u00bbhttps:\/\/mediaboss.fr\/wp-content\/uploads\/alice-seguin-230x230px-150&#215;150.jpg\u00a0\u00bb facebook_url=\u00a0\u00bbhttps:\/\/www.facebook.com\/mediaboss.fr\u00a0\u00bb twitter_url=\u00a0\u00bbhttps:\/\/twitter.com\/Alice98327791&Prime; linkedin_url=\u00a0\u00bbwww.linkedin.com\/in\/alice-seguin\u00a0\u00bb image_url_last_edited=\u00a0\u00bboff|phone\u00a0\u00bb _builder_version=\u00a0\u00bb4.19.0&Prime; _module_preset=\u00a0\u00bbdefault\u00a0\u00bb child_filter_saturate=\u00a0\u00bb0%\u00a0\u00bb border_radii_image=\u00a0\u00bbon|0%|0%|0%|0%\u00a0\u00bb global_module=\u00a0\u00bb91&Prime; saved_tabs=\u00a0\u00bball\u00a0\u00bb global_colors_info=\u00a0\u00bb{}\u00a0\u00bb]<\/p>\n<p><strong>Alice SEGUIN<\/strong><\/p>\n<p>Alice est la fondatrice de <a title=\"Mediaboss\" href=\"\/\">Mediaboss<\/a>.<\/p>\n<p>Passionn\u00e9e par les <a title=\"r\u00e9seaux sociaux\" href=\"\/reseaux-sociaux\/\">r\u00e9seaux sociaux<\/a>, elle accompagne de nombreuses entreprises dans leur strat\u00e9gie social media, messageries instantan\u00e9es, investissement, cryptomonnaies\u2026<\/p>\n<p>Retrouvez-moi sur mes r\u00e9seaux sociaux et le compte <a href=\"https:\/\/mediaboss.substack.com\/\" target=\"_blank\" rel=\"noopener\" title=\"Substack de Mediaboss\">Substack de Mediaboss<\/a> :<\/p>\n<p>[\/et_pb_team_member][\/et_pb_column][et_pb_column type=\u00a0\u00bb1_3&Prime; _builder_version=\u00a0\u00bb4.16&Prime; _module_preset=\u00a0\u00bbdefault\u00a0\u00bb global_colors_info=\u00a0\u00bb{}\u00a0\u00bb][\/et_pb_column][\/et_pb_row][\/et_pb_section]<\/p>\n\n\n<div class=\"kk-star-ratings kksr-auto kksr-align-right kksr-valign-bottom\"\n    data-payload='{&quot;align&quot;:&quot;right&quot;,&quot;id&quot;:&quot;3642&quot;,&quot;slug&quot;:&quot;default&quot;,&quot;valign&quot;:&quot;bottom&quot;,&quot;ignore&quot;:&quot;&quot;,&quot;reference&quot;:&quot;auto&quot;,&quot;class&quot;:&quot;&quot;,&quot;count&quot;:&quot;8&quot;,&quot;legendonly&quot;:&quot;&quot;,&quot;readonly&quot;:&quot;&quot;,&quot;score&quot;:&quot;5&quot;,&quot;starsonly&quot;:&quot;&quot;,&quot;best&quot;:&quot;5&quot;,&quot;gap&quot;:&quot;5&quot;,&quot;greet&quot;:&quot;Note :&quot;,&quot;legend&quot;:&quot;5\\\/5 - (8 votes)&quot;,&quot;size&quot;:&quot;24&quot;,&quot;title&quot;:&quot;Influenceur Strasbourg: Le Top 18 En 2023 (Classement)&quot;,&quot;width&quot;:&quot;142.5&quot;,&quot;_legend&quot;:&quot;{score}\\\/{best} - ({count} {votes})&quot;,&quot;font_factor&quot;:&quot;1.25&quot;}'>\n            \n<div class=\"kksr-stars\">\n    \n<div class=\"kksr-stars-inactive\">\n            <div class=\"kksr-star\" data-star=\"1\" style=\"padding-right: 5px\">\n            \n\n<div class=\"kksr-icon\" style=\"width: 24px; height: 24px;\"><\/div>\n        <\/div>\n            <div class=\"kksr-star\" data-star=\"2\" style=\"padding-right: 5px\">\n            \n\n<div class=\"kksr-icon\" style=\"width: 24px; height: 24px;\"><\/div>\n        <\/div>\n            <div class=\"kksr-star\" data-star=\"3\" style=\"padding-right: 5px\">\n            \n\n<div class=\"kksr-icon\" style=\"width: 24px; height: 24px;\"><\/div>\n        <\/div>\n            <div class=\"kksr-star\" data-star=\"4\" style=\"padding-right: 5px\">\n            \n\n<div class=\"kksr-icon\" style=\"width: 24px; height: 24px;\"><\/div>\n        <\/div>\n            <div class=\"kksr-star\" data-star=\"5\" style=\"padding-right: 5px\">\n            \n\n<div class=\"kksr-icon\" style=\"width: 24px; height: 24px;\"><\/div>\n        <\/div>\n    <\/div>\n    \n<div class=\"kksr-stars-active\" style=\"width: 142.5px;\">\n            <div class=\"kksr-star\" style=\"padding-right: 5px\">\n            \n\n<div class=\"kksr-icon\" style=\"width: 24px; height: 24px;\"><\/div>\n        <\/div>\n            <div class=\"kksr-star\" style=\"padding-right: 5px\">\n            \n\n<div class=\"kksr-icon\" style=\"width: 24px; height: 24px;\"><\/div>\n        <\/div>\n            <div class=\"kksr-star\" style=\"padding-right: 5px\">\n            \n\n<div class=\"kksr-icon\" style=\"width: 24px; height: 24px;\"><\/div>\n        <\/div>\n            <div class=\"kksr-star\" style=\"padding-right: 5px\">\n            \n\n<div class=\"kksr-icon\" style=\"width: 24px; height: 24px;\"><\/div>\n        <\/div>\n            <div class=\"kksr-star\" style=\"padding-right: 5px\">\n            \n\n<div class=\"kksr-icon\" style=\"width: 24px; height: 24px;\"><\/div>\n        <\/div>\n    <\/div>\n<\/div>\n                \n\n<div class=\"kksr-legend\" style=\"font-size: 19.2px;\">\n            5\/5 - (8 votes)    <\/div>\n    <\/div>\n<div style=\"margin-top: 0px; margin-bottom: 0px;\" class=\"sharethis-inline-share-buttons\" ><\/div>","protected":false},"excerpt":{"rendered":"<p>Vous cherchez les top influenceurs et influenceuses \u00e0 Strasbourg en 2022? Un instagrameur ou une instagrameuse \u00e0 Strasbourg? Une tiktokeuse strasbourgeoise? D\u00e9couvrez notre classement des 18 des influenceurs (et influenceuses) alsaciens les plus populaires \u00e0 Strasbourg. Nous nous basons sur le nombre d&rsquo;abonn\u00e9s sur tous les plus gros r\u00e9seaux sociaux : Instagram, Facebook, TikTok, Youtube, [&hellip;]<\/p>\n","protected":false},"author":2,"featured_media":3647,"comment_status":"closed","ping_status":"open","sticky":false,"template":"","format":"standard","meta":{"_seopress_robots_primary_cat":"none","_seopress_titles_title":"Influenceur Strasbourg: Le Top 18 En %%currentyear%% (Classement)","_seopress_titles_desc":"D\u00e9couvrez notre top 18 des influenceurs et influenceuses \u00e0 Strasbourg en %%currentyear%%. Class\u00e9es par nombre d&#039;abonn\u00e9s sur Instagram, TikTok, YouTube, Facebook, Snapchat...","_seopress_robots_index":"","_et_pb_use_builder":"on","_et_pb_old_content":"","_et_gb_content_width":"1280","footnotes":""},"categories":[24],"tags":[],"class_list":["post-3642","post","type-post","status-publish","format-standard","has-post-thumbnail","hentry","category-influence"],"_links":{"self":[{"href":"https:\/\/mediaboss.fr\/ja\/wp-json\/wp\/v2\/posts\/3642","targetHints":{"allow":["GET"]}}],"collection":[{"href":"https:\/\/mediaboss.fr\/ja\/wp-json\/wp\/v2\/posts"}],"about":[{"href":"https:\/\/mediaboss.fr\/ja\/wp-json\/wp\/v2\/types\/post"}],"author":[{"embeddable":true,"href":"https:\/\/mediaboss.fr\/ja\/wp-json\/wp\/v2\/users\/2"}],"replies":[{"embeddable":true,"href":"https:\/\/mediaboss.fr\/ja\/wp-json\/wp\/v2\/comments?post=3642"}],"version-history":[{"count":7,"href":"https:\/\/mediaboss.fr\/ja\/wp-json\/wp\/v2\/posts\/3642\/revisions"}],"predecessor-version":[{"id":9933,"href":"https:\/\/mediaboss.fr\/ja\/wp-json\/wp\/v2\/posts\/3642\/revisions\/9933"}],"wp:featuredmedia":[{"embeddable":true,"href":"https:\/\/mediaboss.fr\/ja\/wp-json\/wp\/v2\/media\/3647"}],"wp:attachment":[{"href":"https:\/\/mediaboss.fr\/ja\/wp-json\/wp\/v2\/media?parent=3642"}],"wp:term":[{"taxonomy":"category","embeddable":true,"href":"https:\/\/mediaboss.fr\/ja\/wp-json\/wp\/v2\/categories?post=3642"},{"taxonomy":"post_tag","embeddable":true,"href":"https:\/\/mediaboss.fr\/ja\/wp-json\/wp\/v2\/tags?post=3642"}],"curies":[{"name":"wp","href":"https:\/\/api.w.org\/{rel}","templated":true}]}}