{"id":3903,"date":"2022-07-04T17:45:22","date_gmt":"2022-07-04T15:45:22","guid":{"rendered":"https:\/\/mediaboss.fr\/?p=3903"},"modified":"2023-03-11T15:08:45","modified_gmt":"2023-03-11T13:08:45","slug":"influenceur-brest","status":"publish","type":"post","link":"https:\/\/mediaboss.fr\/ja\/%e3%82%a4%e3%83%b3%e3%83%95%e3%83%ab%e3%82%a8%e3%83%b3%e3%82%b5%e3%83%bc%e3%83%96%e3%83%ac%e3%82%b9%e3%83%88\/","title":{"rendered":"\u30a4\u30f3\u30d5\u30eb\u30a8\u30f3\u30b5\u30fc\u30fb\u30d6\u30ec\u30b9\u30c8\uff1a2023\u5e74\u30c8\u30c3\u30d715\uff08\u30e9\u30f3\u30ad\u30f3\u30b0\uff09"},"content":{"rendered":"<div style=\"margin-top: 0px; margin-bottom: 0px;\" class=\"sharethis-inline-share-buttons\" ><\/div><p>[et_pb_section fb_built=\u00a0\u00bb1&Prime; _builder_version=\u00a0\u00bb4.16&Prime; global_colors_info=\u00a0\u00bb{}\u00a0\u00bb][et_pb_row column_structure=\u00a0\u00bb2_3,1_3&Prime; _builder_version=\u00a0\u00bb4.16&Prime; background_size=\u00a0\u00bbinitial\u00a0\u00bb background_position=\u00a0\u00bbtop_left\u00a0\u00bb background_repeat=\u00a0\u00bbrepeat\u00a0\u00bb global_colors_info=\u00a0\u00bb{}\u00a0\u00bb][et_pb_column type=\u00a0\u00bb2_3&Prime; _builder_version=\u00a0\u00bb4.16&Prime; custom_padding=\u00a0\u00bb|||\u00a0\u00bb global_colors_info=\u00a0\u00bb{}\u00a0\u00bb custom_padding__hover=\u00a0\u00bb|||\u00a0\u00bb][et_pb_post_title date=\u00a0\u00bboff\u00a0\u00bb comments=\u00a0\u00bboff\u00a0\u00bb _builder_version=\u00a0\u00bb4.17.4&Prime; _module_preset=\u00a0\u00bbdefault\u00a0\u00bb global_colors_info=\u00a0\u00bb{}\u00a0\u00bb][\/et_pb_post_title][et_pb_text _builder_version=\u00a0\u00bb4.17.4&Prime; _module_preset=\u00a0\u00bbdefault\u00a0\u00bb link_line_height=\u00a0\u00bb1.7em\u00a0\u00bb ul_line_height=\u00a0\u00bb1.7em\u00a0\u00bb ol_line_height=\u00a0\u00bb1.7em\u00a0\u00bb quote_line_height=\u00a0\u00bb1.7em\u00a0\u00bb global_colors_info=\u00a0\u00bb{}\u00a0\u00bb]<\/p>\n<p>Vous cherchez les top <strong>influenceurs et influenceuses \u00e0 Brest <\/strong>en 2022?<\/p>\n<p>D\u00e9couvrez notre classement des <strong>17 des influenceurs (et influenceuses) les plus populaires \u00e0 Strasbourg<\/strong>.<\/p>\n<p>Nous nous basons sur le nombre d&rsquo;abonn\u00e9s sur tous les plus gros r\u00e9seaux sociaux :<\/p>\n<p>Instagram, Facebook, TikTok, Youtube, Snapchat, Twitch, Twitter&#8230;<\/p>\n<p style=\"text-align: right;\"><em>Article mis \u00e0 jour en <strong>Juillet 2022<\/strong>.<\/em><\/p>\n<blockquote>\n<p style=\"text-align: center;\">Lire aussi : <a href=\"https:\/\/mediaboss.fr\/classement-influenceurs-france\/\" title=\"classement influenceurs france\">Classement Des 16 Influenceurs Les Plus Suivis En France<\/a><em><\/em><\/p>\n<\/blockquote>\n<p style=\"text-align: right;\"><em><\/em><\/p>\n<h2>Influenceur \u00e0 Brest : nano-influenceur, micro-influenceur, macro-influenceur&#8230;<\/h2>\n<p>\u00catre influenceur \/ influenceuse \u00e0 <strong>Brest<\/strong> en 2022, c&rsquo;est \u00eatre un leader d&rsquo;opinion local sur <b>Brest <\/b>et en r\u00e9gion <strong>Bretagne<\/strong> : Quimper, Douarnenez, Concarneau, Saint-Malo, Saint-Brieuc&#8230;<\/p>\n<p>C&rsquo;est influencer les comportements des consommateurs <strong>brestois<\/strong> via les r\u00e9seaux sociaux : Instagram, TikTok, Facebook, YouTube&#8230;<\/p>\n<ul>\n<li><strong>Nano influenceur<\/strong> : un nano influenceur (\u00e0 <b>Brest <\/b>et ailleurs) a une communaut\u00e9 de <strong>moins de 5 000 abonn\u00e9s<\/strong> sur les r\u00e9seaux sociaux<\/li>\n<li><strong>Micro influenceur<\/strong> : un micro influenceur a <strong>entre 5 000 et 100 000 abonn\u00e9s<\/strong> sur les r\u00e9seaux sociaux<\/li>\n<li><strong>Macro influenceur<\/strong> : un macro-influenceur a <strong>entre 100 000 et 1 million d&rsquo;abonn\u00e9s<\/strong> sur les r\u00e9seaux sociaux<\/li>\n<li>C\u00e9l\u00e9brit\u00e9 : une c\u00e9l\u00e9brit\u00e9 a <strong>plus de 1M d&rsquo;abonn\u00e9s<\/strong> sur les r\u00e9seaux sociaux<\/li>\n<\/ul>\n<p>D\u00e9couvrons maintenant notre <strong>top 15 influenceurs \u00e0 Brest <\/strong>(2022) :<\/p>\n<p>&nbsp;<\/p>\n<h2>Top 15 des influenceurs (influenceuses) \u00e0 Brest en 2022<\/h2>\n<p>D\u00e9couvrez maintenant notre classement des <strong>15 influenceurs et influenceuses les plus populaires \u00e0 Brest <\/strong>en 2022.<\/p>\n<p>Les influenceurs <b>brestois (brestoises) <\/b>sont class\u00e9s par nombre d&rsquo;abonn\u00e9s total sur tous les principaux r\u00e9seaux sociaux : Instagram, TikTok, Facebook, YouTube, Twitter, Twitch, Snapchat&#8230;<\/p>\n<p>Voici notre<strong> top 15 <\/strong>par ordre d\u00e9croissant de popularit\u00e9, du <strong>plus petit au plus grand nombre d&rsquo;abonn\u00e9s<\/strong> sur tous les r\u00e9seaux sociaux :<\/p>\n<p style=\"text-align: right;\"><em>Donn\u00e9es mises \u00e0 jour en <strong>Juillet 2022<\/strong><\/em><\/p>\n<p>&nbsp;<\/p>\n<h3>15. @sailor_simon &#8211; 11\u202f400 abonn\u00e9s<\/h3>\n<p><strong>Influenceur \u00e0 Brest<\/strong><\/p>\n<ul>\n<li>11\u202f400 abonn\u00e9s sur <strong>Instagram<\/strong> en 2022<\/li>\n<li>Vrai nom : <strong>Simon Lagadec<\/strong><\/li>\n<li>Genre : <strong>homme<\/strong><\/li>\n<li>Pays : <strong>Brest<\/strong><\/li>\n<li>R\u00e9gion : <strong>Bretagne<\/strong><\/li>\n<li>Bio Instagram : <em>\u00ab\u00a0Simon Lagadec<br \/>Entrepreneur<br \/>\u2693\ufe0f Capitaine @leportdattache<br \/>\ud83d\ude80 Co-fondateur @mkthgrd<br \/>\ud83c\udf0d Rennes, France<br \/>\u26f5\ufe0f Embarquez avec moi\u00a0\u00bb<\/em><\/li>\n<li>Extrait photos :<\/li>\n<\/ul>\n<p><img loading=\"lazy\" decoding=\"async\" src=\"https:\/\/mediaboss.fr\/wp-content\/uploads\/influenceur-Brest-Simon-Lagadec-sailor_simon-\u2022-Photos-et-videos-Instagram.jpg\" width=\"1200\" height=\"880\" alt=\"influenceur-Brest-Simon-Lagadec-sailor_simon-\u2022-Photos-et-vid\u00e9os-Instagram\" class=\"wp-image-3928 aligncenter size-full\" srcset=\"https:\/\/mediaboss.fr\/wp-content\/uploads\/influenceur-Brest-Simon-Lagadec-sailor_simon-\u2022-Photos-et-videos-Instagram.jpg 1200w, https:\/\/mediaboss.fr\/wp-content\/uploads\/influenceur-Brest-Simon-Lagadec-sailor_simon-\u2022-Photos-et-videos-Instagram-300x220.jpg 300w, https:\/\/mediaboss.fr\/wp-content\/uploads\/influenceur-Brest-Simon-Lagadec-sailor_simon-\u2022-Photos-et-videos-Instagram-768x563.jpg 768w, https:\/\/mediaboss.fr\/wp-content\/uploads\/influenceur-Brest-Simon-Lagadec-sailor_simon-\u2022-Photos-et-videos-Instagram-1080x792.jpg 1080w, https:\/\/mediaboss.fr\/wp-content\/uploads\/influenceur-Brest-Simon-Lagadec-sailor_simon-\u2022-Photos-et-videos-Instagram-980x719.jpg 980w, https:\/\/mediaboss.fr\/wp-content\/uploads\/influenceur-Brest-Simon-Lagadec-sailor_simon-\u2022-Photos-et-videos-Instagram-480x352.jpg 480w\" sizes=\"(max-width: 1200px) 100vw, 1200px\" \/><\/p>\n<p>&nbsp;<\/p>\n<h3>14. @gautierbzh &#8211; 11\u202f600 abonn\u00e9s<\/h3>\n<p><strong>Influenceur<\/strong><strong>\u00a0\u00e0 Brest<\/strong><\/p>\n<ul>\n<li>11\u202f600 abonn\u00e9s sur <strong>Instagram<\/strong> en 2022<\/li>\n<li>Vrai nom : <strong>Gautier Normand<\/strong><\/li>\n<li>Genre : <strong>homme<\/strong><\/li>\n<li>Pays : <strong>Brest<\/strong><\/li>\n<li>R\u00e9gion : <strong>Bretagne<\/strong><\/li>\n<li>Bio Instagram : <em>\u00ab\u00a0Gautier Normand<br \/>Blogueur<br \/>\ud83c\uddeb\ud83c\uddf7 Instagramer &#8211; France<br \/>\ud83d\udcfa Youtube\/Facebook: Gautierbzh<br \/>\ud83d\ude80Boutique en ligne :\u00a0\u00bb<\/em><\/li>\n<li>Extrait photos :<\/li>\n<\/ul>\n<p><img loading=\"lazy\" decoding=\"async\" src=\"https:\/\/mediaboss.fr\/wp-content\/uploads\/influenceur-Brest-Gautier-Normand-gautierbzh-\u2022-Photos-et-videos-Instagram.jpg\" width=\"1200\" height=\"880\" alt=\"influenceur-Brest-Gautier-Normand-gautierbzh-\u2022-Photos-et-vid\u00e9os-Instagram\" class=\"wp-image-3927 aligncenter size-full\" srcset=\"https:\/\/mediaboss.fr\/wp-content\/uploads\/influenceur-Brest-Gautier-Normand-gautierbzh-\u2022-Photos-et-videos-Instagram.jpg 1200w, https:\/\/mediaboss.fr\/wp-content\/uploads\/influenceur-Brest-Gautier-Normand-gautierbzh-\u2022-Photos-et-videos-Instagram-300x220.jpg 300w, https:\/\/mediaboss.fr\/wp-content\/uploads\/influenceur-Brest-Gautier-Normand-gautierbzh-\u2022-Photos-et-videos-Instagram-768x563.jpg 768w, https:\/\/mediaboss.fr\/wp-content\/uploads\/influenceur-Brest-Gautier-Normand-gautierbzh-\u2022-Photos-et-videos-Instagram-1080x792.jpg 1080w, https:\/\/mediaboss.fr\/wp-content\/uploads\/influenceur-Brest-Gautier-Normand-gautierbzh-\u2022-Photos-et-videos-Instagram-980x719.jpg 980w, https:\/\/mediaboss.fr\/wp-content\/uploads\/influenceur-Brest-Gautier-Normand-gautierbzh-\u2022-Photos-et-videos-Instagram-480x352.jpg 480w\" sizes=\"(max-width: 1200px) 100vw, 1200px\" \/><\/p>\n<p>&nbsp;<\/p>\n<h3>13. @ianfontaine &#8211; 12\u202f200 abonn\u00e9s<\/h3>\n<p><strong>Influenceur \u00e0 Brest<\/strong><\/p>\n<ul>\n<li>12\u202f200 abonn\u00e9s sur <strong>Instagram<\/strong> en 2022<\/li>\n<li>Vrai nom : <strong>Ian Fontaine<\/strong><\/li>\n<li>Genre : <strong>homme<\/strong><\/li>\n<li>Pays : <strong>Brest<\/strong><\/li>\n<li>R\u00e9gion : <strong>Bretagne<\/strong><\/li>\n<li>Bio Instagram : <em>\u00ab\u00a0Ian Fontaine<br \/>\ud83c\udf0a Surfer from BZH, France<br \/>\ud835\ude4e\ud835\ude50\ud835\ude4b\ud835\ude4b\ud835\ude4a\ud835\ude4d\ud835\ude4f\ud835\ude40\ud835\ude3f \ud835\ude23\ud835\ude3a @manerawatermen<br \/>@henaff_off @29hood<br \/>@pichavant_surfing<br \/>\ud83d\udc41 \ud835\udda2\ud835\uddae\ud835\udda0\ud835\udda2\ud835\udda7: @ianfontainesurfcoaching<br \/>\ud83d\udcf9\/ FUN FIRST :\u00a0\u00bb<\/em><\/li>\n<li>Extrait photos :<\/li>\n<\/ul>\n<p><img loading=\"lazy\" decoding=\"async\" src=\"https:\/\/mediaboss.fr\/wp-content\/uploads\/influenceur-Brest-Ian-Fontaine-ianfontaine-\u2022-Photos-et-videos-Instagram.jpg\" width=\"1200\" height=\"880\" alt=\"influenceur-Brest-Ian-Fontaine-ianfontaine-\u2022-Photos-et-vid\u00e9os-Instagram\" class=\"wp-image-3926 aligncenter size-full\" srcset=\"https:\/\/mediaboss.fr\/wp-content\/uploads\/influenceur-Brest-Ian-Fontaine-ianfontaine-\u2022-Photos-et-videos-Instagram.jpg 1200w, https:\/\/mediaboss.fr\/wp-content\/uploads\/influenceur-Brest-Ian-Fontaine-ianfontaine-\u2022-Photos-et-videos-Instagram-300x220.jpg 300w, https:\/\/mediaboss.fr\/wp-content\/uploads\/influenceur-Brest-Ian-Fontaine-ianfontaine-\u2022-Photos-et-videos-Instagram-768x563.jpg 768w, https:\/\/mediaboss.fr\/wp-content\/uploads\/influenceur-Brest-Ian-Fontaine-ianfontaine-\u2022-Photos-et-videos-Instagram-1080x792.jpg 1080w, https:\/\/mediaboss.fr\/wp-content\/uploads\/influenceur-Brest-Ian-Fontaine-ianfontaine-\u2022-Photos-et-videos-Instagram-980x719.jpg 980w, https:\/\/mediaboss.fr\/wp-content\/uploads\/influenceur-Brest-Ian-Fontaine-ianfontaine-\u2022-Photos-et-videos-Instagram-480x352.jpg 480w\" sizes=\"(max-width: 1200px) 100vw, 1200px\" \/><\/p>\n<p>&nbsp;<\/p>\n<h3>12. @souffleurdebreizh &#8211; 18\u202f075 abonn\u00e9s<\/h3>\n<p><strong>Influenceur \u00e0 Brest<\/strong><\/p>\n<ul>\n<li>12\u202f000 abonn\u00e9s sur <strong>Instagram<\/strong> en 2022<\/li>\n<li>1 025 abonn\u00e9s sur <strong>Facebook<\/strong><\/li>\n<li>5 050 abonn\u00e9s sur <strong>Twitter<\/strong><\/li>\n<li>2 040 abonn\u00e9s sur <strong>YouTube<\/strong><\/li>\n<li>Vrai nom : <strong>nc<\/strong><\/li>\n<li>Genre : <strong>homme<\/strong><\/li>\n<li>Pays : <strong>Brest<\/strong><\/li>\n<li>R\u00e9gion : <strong>Bretagne<\/strong><\/li>\n<li>Bio Instagram : <em>\u00ab\u00a0Souffleur de Breizh<br \/>Blog personnel<br \/>\ud83d\udcf8 Patrimoine et Paysages du Finist\u00e8re<br \/>souvent en Bretagne, parfois ailleurs.<br \/>\u2764\ufe0f @bowsandmustaches \ud83d\udc68\u200d\ud83d\udc67\u200d\ud83d\udc66\ud83d\udc69\u200d\ud83d\udc67\u200d\ud83d\udc67<br \/>\ud83d\udccdPays Bigouden \/ Quimper \/ Brest\u00a0\u00bb<\/em><\/li>\n<li>Extrait photos :<\/li>\n<\/ul>\n<p><img loading=\"lazy\" decoding=\"async\" src=\"https:\/\/mediaboss.fr\/wp-content\/uploads\/influenceur-Brest-Souffleur-de-Breizh-souffleurdebreizh-\u2022-Photos-et-videos-Instagram.jpg\" width=\"1200\" height=\"880\" alt=\"influenceur-Brest-Souffleur-de-Breizh-souffleurdebreizh-\u2022-Photos-et-vid\u00e9os-Instagram\" class=\"wp-image-3925 aligncenter size-full\" srcset=\"https:\/\/mediaboss.fr\/wp-content\/uploads\/influenceur-Brest-Souffleur-de-Breizh-souffleurdebreizh-\u2022-Photos-et-videos-Instagram.jpg 1200w, https:\/\/mediaboss.fr\/wp-content\/uploads\/influenceur-Brest-Souffleur-de-Breizh-souffleurdebreizh-\u2022-Photos-et-videos-Instagram-300x220.jpg 300w, https:\/\/mediaboss.fr\/wp-content\/uploads\/influenceur-Brest-Souffleur-de-Breizh-souffleurdebreizh-\u2022-Photos-et-videos-Instagram-768x563.jpg 768w, https:\/\/mediaboss.fr\/wp-content\/uploads\/influenceur-Brest-Souffleur-de-Breizh-souffleurdebreizh-\u2022-Photos-et-videos-Instagram-1080x792.jpg 1080w, https:\/\/mediaboss.fr\/wp-content\/uploads\/influenceur-Brest-Souffleur-de-Breizh-souffleurdebreizh-\u2022-Photos-et-videos-Instagram-980x719.jpg 980w, https:\/\/mediaboss.fr\/wp-content\/uploads\/influenceur-Brest-Souffleur-de-Breizh-souffleurdebreizh-\u2022-Photos-et-videos-Instagram-480x352.jpg 480w\" sizes=\"(max-width: 1200px) 100vw, 1200px\" \/><\/p>\n<p>&nbsp;<\/p>\n<h3>11. @ronanfollic &#8211; 29\u202f600 abonn\u00e9s<\/h3>\n<p><strong>Influenceur \u00e0 Brest<\/strong><\/p>\n<ul>\n<li>29\u202f600 abonn\u00e9s sur <strong>Instagram<\/strong> en 2022<\/li>\n<li>Vrai nom : <strong>Ronan Follic<\/strong><\/li>\n<li>Genre : <strong>homme<\/strong><\/li>\n<li>Pays : <strong>Brest<\/strong><\/li>\n<li>R\u00e9gion : <strong>Bretagne<\/strong><\/li>\n<li>Bio Instagram : <em>\u00ab\u00a0Ronan Follic<br \/>Photographe<br \/>Sea Photographer in French Brittany. Contact me at ronan.senan@wanadoo.fr\u00a0\u00bb<\/em><\/li>\n<li>Extrait photos :<\/li>\n<\/ul>\n<p><img loading=\"lazy\" decoding=\"async\" src=\"https:\/\/mediaboss.fr\/wp-content\/uploads\/influenceur-Brest-Ronan-Follic-ronanfollic-\u2022-Photos-et-videos-Instagram.jpg\" width=\"1200\" height=\"880\" alt=\"influenceur-Brest-Ronan-Follic-ronanfollic-\u2022-Photos-et-vid\u00e9os-Instagram\" class=\"wp-image-3924 aligncenter size-full\" srcset=\"https:\/\/mediaboss.fr\/wp-content\/uploads\/influenceur-Brest-Ronan-Follic-ronanfollic-\u2022-Photos-et-videos-Instagram.jpg 1200w, https:\/\/mediaboss.fr\/wp-content\/uploads\/influenceur-Brest-Ronan-Follic-ronanfollic-\u2022-Photos-et-videos-Instagram-300x220.jpg 300w, https:\/\/mediaboss.fr\/wp-content\/uploads\/influenceur-Brest-Ronan-Follic-ronanfollic-\u2022-Photos-et-videos-Instagram-768x563.jpg 768w, https:\/\/mediaboss.fr\/wp-content\/uploads\/influenceur-Brest-Ronan-Follic-ronanfollic-\u2022-Photos-et-videos-Instagram-1080x792.jpg 1080w, https:\/\/mediaboss.fr\/wp-content\/uploads\/influenceur-Brest-Ronan-Follic-ronanfollic-\u2022-Photos-et-videos-Instagram-980x719.jpg 980w, https:\/\/mediaboss.fr\/wp-content\/uploads\/influenceur-Brest-Ronan-Follic-ronanfollic-\u2022-Photos-et-videos-Instagram-480x352.jpg 480w\" sizes=\"(max-width: 1200px) 100vw, 1200px\" \/><\/p>\n<p>&nbsp;<\/p>\n<h2>Influenceur Brest : le top 10 (et influenceuses)<\/h2>\n<p>Et voici notre classement des 10 influenceurs et influenceuses les plus populaires \u00e0 Brest et en Bretagne (2022) :<\/p>\n<p>&nbsp;<\/p>\n<h3>10. @tiffanylynnlj &#8211; 38\u202f000 abonn\u00e9s<\/h3>\n<p><strong>Influenceuse \u00e0 Brest<\/strong><\/p>\n<ul>\n<li>38\u202f000 abonn\u00e9s sur <strong>Instagram<\/strong> en 2022<\/li>\n<li>Vrai nom : <strong>Tiffany Lynn<\/strong><\/li>\n<li>Genre : <strong>femme<\/strong><\/li>\n<li>Pays : <strong>Brest<\/strong><\/li>\n<li>R\u00e9gion : <strong>Bretagne<\/strong><\/li>\n<li>Bio Instagram : <em>\u00ab\u00a0Distributeur De Sourires.<br \/>\ud83e\uddf8\u250a Tiffany-Lynn \u250a<br \/>\ud83e\udd5c\u250a 30 000 raisons de sourire tous les jours. \u250a<br \/>\u2693\ufe0f\u250a Brest \u250a<br \/>\ud83d\udce9\u250a Tiffany-Lynn@hotmail.fr \u250a<br \/>\ud83d\udc30\u250a #SmileEveryday\u250a\u00a0\u00bb<\/em><\/li>\n<li>Extrait photos :<\/li>\n<\/ul>\n<p><img loading=\"lazy\" decoding=\"async\" src=\"https:\/\/mediaboss.fr\/wp-content\/uploads\/influenceur-Brest-Distributeur-De-Sourires-tiffanylynnlj-\u2022-Photos-et-videos-Instagram.jpg\" width=\"1200\" height=\"880\" alt=\"influenceur-Brest-Distributeur-De-Sourires-tiffanylynnlj-\u2022-Photos-et-vid\u00e9os-Instagram\" class=\"wp-image-3923 aligncenter size-full\" srcset=\"https:\/\/mediaboss.fr\/wp-content\/uploads\/influenceur-Brest-Distributeur-De-Sourires-tiffanylynnlj-\u2022-Photos-et-videos-Instagram.jpg 1200w, https:\/\/mediaboss.fr\/wp-content\/uploads\/influenceur-Brest-Distributeur-De-Sourires-tiffanylynnlj-\u2022-Photos-et-videos-Instagram-300x220.jpg 300w, https:\/\/mediaboss.fr\/wp-content\/uploads\/influenceur-Brest-Distributeur-De-Sourires-tiffanylynnlj-\u2022-Photos-et-videos-Instagram-768x563.jpg 768w, https:\/\/mediaboss.fr\/wp-content\/uploads\/influenceur-Brest-Distributeur-De-Sourires-tiffanylynnlj-\u2022-Photos-et-videos-Instagram-1080x792.jpg 1080w, https:\/\/mediaboss.fr\/wp-content\/uploads\/influenceur-Brest-Distributeur-De-Sourires-tiffanylynnlj-\u2022-Photos-et-videos-Instagram-980x719.jpg 980w, https:\/\/mediaboss.fr\/wp-content\/uploads\/influenceur-Brest-Distributeur-De-Sourires-tiffanylynnlj-\u2022-Photos-et-videos-Instagram-480x352.jpg 480w\" sizes=\"(max-width: 1200px) 100vw, 1200px\" \/><\/p>\n<p>&nbsp;<\/p>\n<h3>9. @maelle_hld &#8211; 39\u202f800 abonn\u00e9s<\/h3>\n<p><strong>Influenceuse \u00e0 Brest<\/strong><\/p>\n<ul>\n<li>39\u202f800 abonn\u00e9s sur <strong>Instagram<\/strong> en 2022<\/li>\n<li>Vrai nom : <strong>Maelle<\/strong><\/li>\n<li>Genre : <strong>femme<\/strong><\/li>\n<li>Pays : <strong>Brest<\/strong><\/li>\n<li>R\u00e9gion : <strong>Bretagne<\/strong><\/li>\n<li>Bio Instagram : <em>\u00ab\u00a0\ud835\ude7c\ud835\ude8a\ud835\ude8e\ud835\ude95\ud835\ude95\ud835\ude8e \u30c3<br \/>Blogueur<br \/>\ud83c\uddf1\u200b\ud83c\uddf4\u200b\ud83c\uddf9\u200b \ud83c\uddf4\u200b\ud83c\uddeb\u200b \ud83c\uddf1\u200b\ud83c\uddf4\u200b\ud83c\uddfb\u200b\ud83c\uddea<br \/>\ud835\udc40\ud835\udc5c\ud835\udcc2 \ud835\udc5c\ud835\udcbb \ud835\udc9c\ud835\udccb\ud835\udcb6\ud835\udcbd \u2661<br \/>D\u00e9coratrice d\u2019int\u00e9rieur \u2022 @hamae.design<br \/>\u2718<br \/>\u2022 \ud835\ude75\ud835\ude9b\ud835\ude98\ud835\ude96 \ud835\ude71 \ud835\ude9b \ud835\ude8e \ud835\ude9c \ud835\ude9d \u2693\ufe0f<br \/>\ud83d\udc8d @stephen.dcrx<br \/>\u270e \ud835\ude8c\ud835\ude98\ud835\ude95\ud835\ude8a\ud835\ude8b : maelle.hld@gmail.com\u00a0\u00bb<\/em><\/li>\n<li>Extrait photos :<\/li>\n<\/ul>\n<p><img loading=\"lazy\" decoding=\"async\" src=\"https:\/\/mediaboss.fr\/wp-content\/uploads\/influenceur-Brest-\ud835\ude7c\ud835\ude8a\ud835\ude8e\ud835\ude95\ud835\ude95\ud835\ude8e-\u30c3-maelle_hld-\u2022-Photos-et-videos-Instagram.jpg\" width=\"1200\" height=\"880\" alt=\"influenceur-Brest-\ud835\ude7c\ud835\ude8a\ud835\ude8e\ud835\ude95\ud835\ude95\ud835\ude8e-\u30c3-maelle_hld-\u2022-Photos-et-vid\u00e9os-Instagram\" class=\"wp-image-3922 aligncenter size-full\" srcset=\"https:\/\/mediaboss.fr\/wp-content\/uploads\/influenceur-Brest-\ud835\ude7c\ud835\ude8a\ud835\ude8e\ud835\ude95\ud835\ude95\ud835\ude8e-\u30c3-maelle_hld-\u2022-Photos-et-videos-Instagram.jpg 1200w, https:\/\/mediaboss.fr\/wp-content\/uploads\/influenceur-Brest-\ud835\ude7c\ud835\ude8a\ud835\ude8e\ud835\ude95\ud835\ude95\ud835\ude8e-\u30c3-maelle_hld-\u2022-Photos-et-videos-Instagram-300x220.jpg 300w, https:\/\/mediaboss.fr\/wp-content\/uploads\/influenceur-Brest-\ud835\ude7c\ud835\ude8a\ud835\ude8e\ud835\ude95\ud835\ude95\ud835\ude8e-\u30c3-maelle_hld-\u2022-Photos-et-videos-Instagram-768x563.jpg 768w, https:\/\/mediaboss.fr\/wp-content\/uploads\/influenceur-Brest-\ud835\ude7c\ud835\ude8a\ud835\ude8e\ud835\ude95\ud835\ude95\ud835\ude8e-\u30c3-maelle_hld-\u2022-Photos-et-videos-Instagram-1080x792.jpg 1080w, https:\/\/mediaboss.fr\/wp-content\/uploads\/influenceur-Brest-\ud835\ude7c\ud835\ude8a\ud835\ude8e\ud835\ude95\ud835\ude95\ud835\ude8e-\u30c3-maelle_hld-\u2022-Photos-et-videos-Instagram-980x719.jpg 980w, https:\/\/mediaboss.fr\/wp-content\/uploads\/influenceur-Brest-\ud835\ude7c\ud835\ude8a\ud835\ude8e\ud835\ude95\ud835\ude95\ud835\ude8e-\u30c3-maelle_hld-\u2022-Photos-et-videos-Instagram-480x352.jpg 480w\" sizes=\"(max-width: 1200px) 100vw, 1200px\" \/><\/p>\n<p>&nbsp;<\/p>\n<h3>8. @gaelle_lamoureux &#8211; 50\u202f793 abonn\u00e9s<\/h3>\n<p><strong>Influenceuse \u00e0 Brest<\/strong><\/p>\n<ul>\n<li>48\u202f000 abonn\u00e9s sur <strong>Instagram<\/strong> en 2022<\/li>\n<li>2\u202f793 abonn\u00e9s sur <strong>TikTok<\/strong><\/li>\n<li>Vrai nom : <strong>Gaelle Lamoureux<\/strong><\/li>\n<li>Genre : <strong>femme<\/strong><\/li>\n<li>Pays : <strong>Brest<\/strong><\/li>\n<li>R\u00e9gion : <strong>Bretagne<\/strong><\/li>\n<li>Bio Instagram : <em>\u00ab\u00a0Maman|Maison|Lifestyle<br \/>Cr\u00e9ateur digital<br \/>\ud83c\udfe0 Maison en construction<br \/>\ud83c\udf08Id\u00e9es cr\u00e9atives \/ Famille<br \/>\ud83d\udccdRENNES, France<br \/>TikTok bonnes adresses<br \/>\ud83d\udce9gaelle.lamoureux@gmail.com<br \/>\ud83d\udc47\ud83c\udffb Blog\u00a0\u00bb<\/em><\/li>\n<li>Extrait photos :<\/li>\n<\/ul>\n<p><img loading=\"lazy\" decoding=\"async\" src=\"https:\/\/mediaboss.fr\/wp-content\/uploads\/influenceur-Brest-Maman-Maison-Lifestyle-gaelle_lamoureux-\u2022-Photos-et-videos-Instagram.jpg\" width=\"1200\" height=\"880\" alt=\"influenceur-Brest-Maman-Maison-Lifestyle-gaelle_lamoureux-\u2022-Photos-et-vid\u00e9os-Instagram\" class=\"wp-image-3921 aligncenter size-full\" srcset=\"https:\/\/mediaboss.fr\/wp-content\/uploads\/influenceur-Brest-Maman-Maison-Lifestyle-gaelle_lamoureux-\u2022-Photos-et-videos-Instagram.jpg 1200w, https:\/\/mediaboss.fr\/wp-content\/uploads\/influenceur-Brest-Maman-Maison-Lifestyle-gaelle_lamoureux-\u2022-Photos-et-videos-Instagram-300x220.jpg 300w, https:\/\/mediaboss.fr\/wp-content\/uploads\/influenceur-Brest-Maman-Maison-Lifestyle-gaelle_lamoureux-\u2022-Photos-et-videos-Instagram-768x563.jpg 768w, https:\/\/mediaboss.fr\/wp-content\/uploads\/influenceur-Brest-Maman-Maison-Lifestyle-gaelle_lamoureux-\u2022-Photos-et-videos-Instagram-1080x792.jpg 1080w, https:\/\/mediaboss.fr\/wp-content\/uploads\/influenceur-Brest-Maman-Maison-Lifestyle-gaelle_lamoureux-\u2022-Photos-et-videos-Instagram-980x719.jpg 980w, https:\/\/mediaboss.fr\/wp-content\/uploads\/influenceur-Brest-Maman-Maison-Lifestyle-gaelle_lamoureux-\u2022-Photos-et-videos-Instagram-480x352.jpg 480w\" sizes=\"(max-width: 1200px) 100vw, 1200px\" \/><\/p>\n<p>&nbsp;<\/p>\n<h3>7. @thibaultporiel &#8211; 62\u202f500 abonn\u00e9s<\/h3>\n<p><strong>Influenceur \u00e0 Brest<\/strong><\/p>\n<ul>\n<li>25\u202f500 abonn\u00e9s sur <strong>Instagram<\/strong> en 2022<\/li>\n<li>37 000 abonn\u00e9s sur <strong>Facebook<\/strong><\/li>\n<li>Vrai nom : <strong>nc<\/strong><\/li>\n<li>Genre : <strong>homme<\/strong><\/li>\n<li>Pays : <strong>Brest<\/strong><\/li>\n<li>R\u00e9gion : <strong>Bretagne<\/strong><\/li>\n<li>Bio Instagram : <em>\u00ab\u00a0Thibault Poriel<br \/>Photographe<br \/>Photographe, Vide\u0301aste &amp; Te\u0301le\u0301pilote de Drone Professionnel.<br \/>En #bretagne pour un inlassable voyage perp\u00e9tuel \ud83c\uddeb\ud83c\uddf7<br \/>\u25b8 poriel.thibault@gmail.com\u00a0\u00bb<\/em><\/li>\n<li>Extrait photos :<\/li>\n<\/ul>\n<p><img loading=\"lazy\" decoding=\"async\" src=\"https:\/\/mediaboss.fr\/wp-content\/uploads\/influenceur-Brest-Thibault-Poriel-thibaultporiel-\u2022-Photos-et-videos-Instagram.jpg\" width=\"1200\" height=\"880\" alt=\"influenceur-Brest-Thibault-Poriel-thibaultporiel-\u2022-Photos-et-vid\u00e9os-Instagram\" class=\"wp-image-3920 aligncenter size-full\" srcset=\"https:\/\/mediaboss.fr\/wp-content\/uploads\/influenceur-Brest-Thibault-Poriel-thibaultporiel-\u2022-Photos-et-videos-Instagram.jpg 1200w, https:\/\/mediaboss.fr\/wp-content\/uploads\/influenceur-Brest-Thibault-Poriel-thibaultporiel-\u2022-Photos-et-videos-Instagram-300x220.jpg 300w, https:\/\/mediaboss.fr\/wp-content\/uploads\/influenceur-Brest-Thibault-Poriel-thibaultporiel-\u2022-Photos-et-videos-Instagram-768x563.jpg 768w, https:\/\/mediaboss.fr\/wp-content\/uploads\/influenceur-Brest-Thibault-Poriel-thibaultporiel-\u2022-Photos-et-videos-Instagram-1080x792.jpg 1080w, https:\/\/mediaboss.fr\/wp-content\/uploads\/influenceur-Brest-Thibault-Poriel-thibaultporiel-\u2022-Photos-et-videos-Instagram-980x719.jpg 980w, https:\/\/mediaboss.fr\/wp-content\/uploads\/influenceur-Brest-Thibault-Poriel-thibaultporiel-\u2022-Photos-et-videos-Instagram-480x352.jpg 480w\" sizes=\"(max-width: 1200px) 100vw, 1200px\" \/><\/p>\n<p>&nbsp;<\/p>\n<h3>6. @leportdattache &#8211; 78\u202f540 abonn\u00e9s<\/h3>\n<p><strong>Influenceur \u00e0 Brest<\/strong><\/p>\n<ul>\n<li>38\u202f600 abonn\u00e9s sur <strong>Instagram<\/strong> en 2022<\/li>\n<li>31 714 abonn\u00e9s sur <strong>Facebook<\/strong><\/li>\n<li>8 226 abonn\u00e9s sur <strong>Twitter<\/strong><\/li>\n<li>Vrai nom : <strong>nc<\/strong><\/li>\n<li>Genre : <strong>multiples<\/strong><\/li>\n<li>Pays : <strong>Brest<\/strong><\/li>\n<li>R\u00e9gion : <strong>Bretagne<\/strong><\/li>\n<li>Bio Instagram : <em>\u00ab\u00a0Port d&rsquo;Attache Bretagne<br \/>Le m\u00e9dia qui vous donne une autre id\u00e9e de la #Bretagne !\u2693\ufe0f<br \/>Embarquez avec nous : des articles, photos, vid\u00e9os\u2026et plein de projets\u26f5\ufe0f#bzh #portdattache\u00a0\u00bb<\/em><\/li>\n<li>Extrait photos :<\/li>\n<\/ul>\n<p><img loading=\"lazy\" decoding=\"async\" src=\"https:\/\/mediaboss.fr\/wp-content\/uploads\/influenceur-Brest-Port-d-Attache-Bretagne-leportdattache-\u2022-Photos-et-videos-Instagram.jpg\" width=\"1200\" height=\"880\" alt=\"influenceur-Brest-Port-d-Attache-Bretagne-leportdattache-\u2022-Photos-et-vid\u00e9os-Instagram\" class=\"wp-image-3919 aligncenter size-full\" srcset=\"https:\/\/mediaboss.fr\/wp-content\/uploads\/influenceur-Brest-Port-d-Attache-Bretagne-leportdattache-\u2022-Photos-et-videos-Instagram.jpg 1200w, https:\/\/mediaboss.fr\/wp-content\/uploads\/influenceur-Brest-Port-d-Attache-Bretagne-leportdattache-\u2022-Photos-et-videos-Instagram-300x220.jpg 300w, https:\/\/mediaboss.fr\/wp-content\/uploads\/influenceur-Brest-Port-d-Attache-Bretagne-leportdattache-\u2022-Photos-et-videos-Instagram-768x563.jpg 768w, https:\/\/mediaboss.fr\/wp-content\/uploads\/influenceur-Brest-Port-d-Attache-Bretagne-leportdattache-\u2022-Photos-et-videos-Instagram-1080x792.jpg 1080w, https:\/\/mediaboss.fr\/wp-content\/uploads\/influenceur-Brest-Port-d-Attache-Bretagne-leportdattache-\u2022-Photos-et-videos-Instagram-980x719.jpg 980w, https:\/\/mediaboss.fr\/wp-content\/uploads\/influenceur-Brest-Port-d-Attache-Bretagne-leportdattache-\u2022-Photos-et-videos-Instagram-480x352.jpg 480w\" sizes=\"(max-width: 1200px) 100vw, 1200px\" \/><\/p>\n<p>&nbsp;<\/p>\n<h3>5. @matthieuvenot &#8211; 123\u202f000 abonn\u00e9s<\/h3>\n<p><strong>Influenceur \u00e0 Brest<\/strong><\/p>\n<ul>\n<li>123\u202f000 abonn\u00e9s sur <strong>Instagram<\/strong> en 2022<\/li>\n<li>Vrai nom : <strong>Matthieu Venot<\/strong><\/li>\n<li>Genre : <strong>homme<\/strong><\/li>\n<li>Pays : <strong>Brest<\/strong><\/li>\n<li>R\u00e9gion : <strong>Bretagne<\/strong><\/li>\n<li>Bio Instagram : <em>\u00ab\u00a0Matthieu Venot<br \/>Artiste<br \/>Represented by @obvious.tv (commercial work)\u00a0\u00bb<\/em><\/li>\n<li>Extrait photos :<\/li>\n<\/ul>\n<p><img loading=\"lazy\" decoding=\"async\" src=\"https:\/\/mediaboss.fr\/wp-content\/uploads\/influenceur-Brest-Matthieu-Venot-matthieuvenot-\u2022-Photos-et-videos-Instagram.jpg\" width=\"1200\" height=\"880\" alt=\"influenceur-Brest-Matthieu-Venot-matthieuvenot-\u2022-Photos-et-vid\u00e9os-Instagram\" class=\"wp-image-3918 aligncenter size-full\" srcset=\"https:\/\/mediaboss.fr\/wp-content\/uploads\/influenceur-Brest-Matthieu-Venot-matthieuvenot-\u2022-Photos-et-videos-Instagram.jpg 1200w, https:\/\/mediaboss.fr\/wp-content\/uploads\/influenceur-Brest-Matthieu-Venot-matthieuvenot-\u2022-Photos-et-videos-Instagram-300x220.jpg 300w, https:\/\/mediaboss.fr\/wp-content\/uploads\/influenceur-Brest-Matthieu-Venot-matthieuvenot-\u2022-Photos-et-videos-Instagram-768x563.jpg 768w, https:\/\/mediaboss.fr\/wp-content\/uploads\/influenceur-Brest-Matthieu-Venot-matthieuvenot-\u2022-Photos-et-videos-Instagram-1080x792.jpg 1080w, https:\/\/mediaboss.fr\/wp-content\/uploads\/influenceur-Brest-Matthieu-Venot-matthieuvenot-\u2022-Photos-et-videos-Instagram-980x719.jpg 980w, https:\/\/mediaboss.fr\/wp-content\/uploads\/influenceur-Brest-Matthieu-Venot-matthieuvenot-\u2022-Photos-et-videos-Instagram-480x352.jpg 480w\" sizes=\"(max-width: 1200px) 100vw, 1200px\" \/><\/p>\n<p>&nbsp;<\/p>\n<h3>4. @floriane_lt &#8211; 196\u202f789 abonn\u00e9s<\/h3>\n<p><strong>Influenceuse \u00e0 Brest<\/strong><\/p>\n<ul>\n<li>176\u202f000 abonn\u00e9s sur <strong>Instagram<\/strong> en 2022<\/li>\n<li>10\u202f700 abonn\u00e9s sur <strong>TikTok<\/strong><\/li>\n<li>2 889 abonn\u00e9s sur <strong>Facebook<\/strong><\/li>\n<li>7 200 abonn\u00e9s sur <strong>Twitter<\/strong><\/li>\n<li>Vrai nom : <strong>Floriane Leost<\/strong><\/li>\n<li>Genre : <strong>femme<\/strong><\/li>\n<li>Pays : <strong>Brest<\/strong><\/li>\n<li>R\u00e9gion : <strong>Bretagne<\/strong><\/li>\n<li>Bio Instagram : <em>\u00ab\u00a0FLORIANE LEOST<br \/>Brest , France \ud83c\uddeb\ud83c\uddf7<br \/>Vanlife, food &amp; lifestyle \u2665\ufe0f<br \/>Baby 2022 is coming \ud83e\udd30\ud83c\udffc<br \/>\ud83d\udc8c linstantflo@gmail.com\u00a0\u00bb<\/em><\/li>\n<li>Extrait photos :<\/li>\n<\/ul>\n<p><img loading=\"lazy\" decoding=\"async\" src=\"https:\/\/mediaboss.fr\/wp-content\/uploads\/influenceur-Brest-FLORIANE-LEOST-floriane_lt-\u2022-Photos-et-videos-Instagram.jpg\" width=\"1200\" height=\"880\" alt=\"influenceur-Brest-FLORIANE-LEOST-floriane_lt-\u2022-Photos-et-vid\u00e9os-Instagram\" class=\"wp-image-3917 aligncenter size-full\" srcset=\"https:\/\/mediaboss.fr\/wp-content\/uploads\/influenceur-Brest-FLORIANE-LEOST-floriane_lt-\u2022-Photos-et-videos-Instagram.jpg 1200w, https:\/\/mediaboss.fr\/wp-content\/uploads\/influenceur-Brest-FLORIANE-LEOST-floriane_lt-\u2022-Photos-et-videos-Instagram-300x220.jpg 300w, https:\/\/mediaboss.fr\/wp-content\/uploads\/influenceur-Brest-FLORIANE-LEOST-floriane_lt-\u2022-Photos-et-videos-Instagram-768x563.jpg 768w, https:\/\/mediaboss.fr\/wp-content\/uploads\/influenceur-Brest-FLORIANE-LEOST-floriane_lt-\u2022-Photos-et-videos-Instagram-1080x792.jpg 1080w, https:\/\/mediaboss.fr\/wp-content\/uploads\/influenceur-Brest-FLORIANE-LEOST-floriane_lt-\u2022-Photos-et-videos-Instagram-980x719.jpg 980w, https:\/\/mediaboss.fr\/wp-content\/uploads\/influenceur-Brest-FLORIANE-LEOST-floriane_lt-\u2022-Photos-et-videos-Instagram-480x352.jpg 480w\" sizes=\"(max-width: 1200px) 100vw, 1200px\" \/><\/p>\n<p>&nbsp;<\/p>\n<h3>3. @mathieurivrin_photographies &#8211; 358\u202f684 abonn\u00e9s<\/h3>\n<p><strong>Influenceur \u00e0 Brest<\/strong><\/p>\n<ul>\n<li>92\u202f200 abonn\u00e9s sur <strong>Instagram<\/strong> en 2022<\/li>\n<li>261 000 abonn\u00e9s sur <strong>Facebook<\/strong><\/li>\n<li>3 444 abonn\u00e9s sur <strong>Twitter<\/strong><\/li>\n<li>Vrai nom : <strong>Mathieu Rivrin<\/strong><\/li>\n<li>Genre : <strong>homme<\/strong><\/li>\n<li>Pays : <strong>Brest<\/strong><\/li>\n<li>R\u00e9gion : <strong>Bretagne<\/strong><\/li>\n<li>Bio Instagram : <em>\u00ab\u00a0Mathieu Rivrin Photographies<br \/>Artiste<br \/>Photographe | Chasseur de temp\u00eates |<br \/>\u26f5 Sailing @mathieurivrin_sailing_photo<br \/>\u2709\ufe0f contact@mathieurivrin.com<br \/>Site Internet, Youtube, Facebook, etc :\u00a0\u00bb<\/em><\/li>\n<li>Extrait photos :<\/li>\n<\/ul>\n<p><img loading=\"lazy\" decoding=\"async\" src=\"https:\/\/mediaboss.fr\/wp-content\/uploads\/influenceur-Brest-Mathieu-Rivrin-Photographies-mathieurivrin_photographies-\u2022-Photos-et-videos-Instagram.jpg\" width=\"1200\" height=\"880\" alt=\"influenceur-Brest-Mathieu-Rivrin-Photographies-mathieurivrin_photographies-\u2022-Photos-et-vid\u00e9os-Instagram\" class=\"wp-image-3916 aligncenter size-full\" srcset=\"https:\/\/mediaboss.fr\/wp-content\/uploads\/influenceur-Brest-Mathieu-Rivrin-Photographies-mathieurivrin_photographies-\u2022-Photos-et-videos-Instagram.jpg 1200w, https:\/\/mediaboss.fr\/wp-content\/uploads\/influenceur-Brest-Mathieu-Rivrin-Photographies-mathieurivrin_photographies-\u2022-Photos-et-videos-Instagram-300x220.jpg 300w, https:\/\/mediaboss.fr\/wp-content\/uploads\/influenceur-Brest-Mathieu-Rivrin-Photographies-mathieurivrin_photographies-\u2022-Photos-et-videos-Instagram-768x563.jpg 768w, https:\/\/mediaboss.fr\/wp-content\/uploads\/influenceur-Brest-Mathieu-Rivrin-Photographies-mathieurivrin_photographies-\u2022-Photos-et-videos-Instagram-1080x792.jpg 1080w, https:\/\/mediaboss.fr\/wp-content\/uploads\/influenceur-Brest-Mathieu-Rivrin-Photographies-mathieurivrin_photographies-\u2022-Photos-et-videos-Instagram-980x719.jpg 980w, https:\/\/mediaboss.fr\/wp-content\/uploads\/influenceur-Brest-Mathieu-Rivrin-Photographies-mathieurivrin_photographies-\u2022-Photos-et-videos-Instagram-480x352.jpg 480w\" sizes=\"(max-width: 1200px) 100vw, 1200px\" \/><\/p>\n<p>&nbsp;<\/p>\n<h3>2. @christopheadam &#8211; 479\u202f000 abonn\u00e9s<\/h3>\n<p><strong>Influenceur \u00e0 Brest<\/strong><\/p>\n<ul>\n<li>290\u202f000 abonn\u00e9s sur <strong>Instagram<\/strong> en 2022<\/li>\n<li>189 000 abonn\u00e9s sur <strong>Facebook<\/strong><\/li>\n<li>Vrai nom : <strong>Christophe Adam<\/strong><\/li>\n<li>Genre : <strong>homme<\/strong><\/li>\n<li>Pays : <strong>Brest<\/strong><\/li>\n<li>R\u00e9gion : <strong>Bretagne<\/strong><\/li>\n<li>Bio Instagram : <em>\u00ab\u00a0Christophe Adam<br \/>Sweet cr\u00e9ateur de L&rsquo;eclair de g\u00e9nie et du Depot l\u00e9gal \ud83c\uddeb\ud83c\uddf7\ud83c\udde7\ud83c\udded\ud83c\uddec\ud83c\uddea\ud83c\uddef\ud83c\uddf5\ud83c\udde8\ud83c\uddf3 \ud83c\uddf8\ud83c\udde6 \ud83c\udde6\ud83c\uddea@leclairdegenieofficiel @depotlegal\u00a0\u00bb<\/em><\/li>\n<li>Extrait photos :<\/li>\n<\/ul>\n<p><img loading=\"lazy\" decoding=\"async\" src=\"https:\/\/mediaboss.fr\/wp-content\/uploads\/influenceur-Brest-Christophe-Adam-christopheadam-\u2022-Photos-et-videos-Instagram.jpg\" width=\"1200\" height=\"880\" alt=\"influenceur-Brest-Christophe-Adam-christopheadam-\u2022-Photos-et-vid\u00e9os-Instagram\" class=\"wp-image-3915 aligncenter size-full\" srcset=\"https:\/\/mediaboss.fr\/wp-content\/uploads\/influenceur-Brest-Christophe-Adam-christopheadam-\u2022-Photos-et-videos-Instagram.jpg 1200w, https:\/\/mediaboss.fr\/wp-content\/uploads\/influenceur-Brest-Christophe-Adam-christopheadam-\u2022-Photos-et-videos-Instagram-300x220.jpg 300w, https:\/\/mediaboss.fr\/wp-content\/uploads\/influenceur-Brest-Christophe-Adam-christopheadam-\u2022-Photos-et-videos-Instagram-768x563.jpg 768w, https:\/\/mediaboss.fr\/wp-content\/uploads\/influenceur-Brest-Christophe-Adam-christopheadam-\u2022-Photos-et-videos-Instagram-1080x792.jpg 1080w, https:\/\/mediaboss.fr\/wp-content\/uploads\/influenceur-Brest-Christophe-Adam-christopheadam-\u2022-Photos-et-videos-Instagram-980x719.jpg 980w, https:\/\/mediaboss.fr\/wp-content\/uploads\/influenceur-Brest-Christophe-Adam-christopheadam-\u2022-Photos-et-videos-Instagram-480x352.jpg 480w\" sizes=\"(max-width: 1200px) 100vw, 1200px\" \/><\/p>\n<p>&nbsp;<\/p>\n<h3>1. @laurythilleman &#8211; 1\u202f706\u202f700 abonn\u00e9s<\/h3>\n<p><strong>Influenceuse \u00e0 Brest<\/strong><\/p>\n<ul>\n<li>1\u202f000\u202f000 abonn\u00e9s sur <strong>Instagram<\/strong> en 2022<\/li>\n<li>174\u202f300 abonn\u00e9s sur <strong>TikTok<\/strong><\/li>\n<li>244\u202f000 abonn\u00e9s sur <strong>Facebook<\/strong><\/li>\n<li>288\u202f400 abonn\u00e9s sur <strong>Twitter<\/strong><\/li>\n<li>Vrai nom : <strong>Laury Thilleman<\/strong><\/li>\n<li>Genre : <strong>femme<\/strong><\/li>\n<li>Pays : <strong>Brest<\/strong><\/li>\n<li>R\u00e9gion : <strong>Bretagne<\/strong><\/li>\n<li>Bio Instagram : <em>\u00ab\u00a0Laury Thilleman<br \/>\ud83d\udcfa TVHost @france2 @france3<br \/>\u270d\ud83c\udffc Journalist @ellefr<br \/>\ud83d\udcda Author @editionsfirst<br \/>\ud83c\udf99 Podcaster #CommentTuFais?<br \/>\ud83d\udc57 Designer @parisienne_et_alors\u00a0\u00bb<\/em><\/li>\n<li>Extrait photos :<\/li>\n<\/ul>\n<p><img loading=\"lazy\" decoding=\"async\" src=\"https:\/\/mediaboss.fr\/wp-content\/uploads\/influenceur-Brest-Laury-Thilleman-laurythilleman-\u2022-Photos-et-videos-Instagram.jpg\" width=\"1200\" height=\"880\" alt=\"influenceur-Brest-Laury-Thilleman-laurythilleman-\u2022-Photos-et-vid\u00e9os-Instagram\" class=\"wp-image-3914 aligncenter size-full\" srcset=\"https:\/\/mediaboss.fr\/wp-content\/uploads\/influenceur-Brest-Laury-Thilleman-laurythilleman-\u2022-Photos-et-videos-Instagram.jpg 1200w, https:\/\/mediaboss.fr\/wp-content\/uploads\/influenceur-Brest-Laury-Thilleman-laurythilleman-\u2022-Photos-et-videos-Instagram-300x220.jpg 300w, https:\/\/mediaboss.fr\/wp-content\/uploads\/influenceur-Brest-Laury-Thilleman-laurythilleman-\u2022-Photos-et-videos-Instagram-768x563.jpg 768w, https:\/\/mediaboss.fr\/wp-content\/uploads\/influenceur-Brest-Laury-Thilleman-laurythilleman-\u2022-Photos-et-videos-Instagram-1080x792.jpg 1080w, https:\/\/mediaboss.fr\/wp-content\/uploads\/influenceur-Brest-Laury-Thilleman-laurythilleman-\u2022-Photos-et-videos-Instagram-980x719.jpg 980w, https:\/\/mediaboss.fr\/wp-content\/uploads\/influenceur-Brest-Laury-Thilleman-laurythilleman-\u2022-Photos-et-videos-Instagram-480x352.jpg 480w\" sizes=\"(max-width: 1200px) 100vw, 1200px\" \/><\/p>\n<p>&nbsp;<\/p>\n<h2>Conclusion<\/h2>\n<p>Et voil\u00e0 ! Vous avez un bel aper\u00e7u des <strong>15 influenceurs \/ influenceuses les plus populaires \u00e0 Brest <\/strong>en 2022.<\/p>\n<p>N&rsquo;h\u00e9sitez pas \u00e0 nous <a href=\"\/contact\/\" title=\"contact\">contacter<\/a> pour modifier ou compl\u00e9ter ce <strong>top influenceurs brestois et brestoises.<\/strong><\/p>\n<p>Ou si vous souhaitez collaborer avec Mediaboss : publicit\u00e9, liens, partenariat&#8230;<\/p>\n<p>Tout est possible, nous sommes \u00e0 votre disposition ! \ud83d\ude42<\/p>\n<p>[\/et_pb_text][et_pb_text _builder_version=\u00a0\u00bb4.17.4&Prime; _module_preset=\u00a0\u00bbdefault\u00a0\u00bb link_line_height=\u00a0\u00bb1.7em\u00a0\u00bb ul_line_height=\u00a0\u00bb1.7em\u00a0\u00bb ol_line_height=\u00a0\u00bb1.7em\u00a0\u00bb quote_line_height=\u00a0\u00bb1.7em\u00a0\u00bb hover_enabled=\u00a0\u00bb0&Prime; global_module=\u00a0\u00bb2819&Prime; saved_tabs=\u00a0\u00bball\u00a0\u00bb global_colors_info=\u00a0\u00bb{}\u00a0\u00bb sticky_enabled=\u00a0\u00bb0&Prime;]<\/p>\n<p>*<\/p>\n<p>Vous allez \u00eatre int\u00e9ress\u00e9 par notre classement des top influenceurs (influenceuses)\u00a0 par <strong>Pays\u00a0:<\/strong><\/p>\n<ul>\n<li><a href=\"https:\/\/mediaboss.fr\/classement-influenceurs-france\/\" title=\"classement influenceurs France\">Top 16 influenceurs &amp; influenceuses en <strong>France<\/strong><\/a><\/li>\n<li><a href=\"https:\/\/mediaboss.fr\/influenceur-suisse\/\" title=\"influenceur suisse\">Top 14 influenceurs &amp; influenceuses en <strong>Suisse<\/strong><\/a><\/li>\n<li><a href=\"https:\/\/mediaboss.fr\/influenceur-espagne\/\" title=\"influenceur espagne\">Top 19 influenceurs &amp; influenceuses en <strong>Espagne<\/strong><\/a><\/li>\n<li><a href=\"https:\/\/mediaboss.fr\/influenceur-maroc\/\" title=\"influenceur maroc\">Top 19 influenceurs &amp; influenceuses au <strong>Maroc<\/strong><\/a><a href=\"https:\/\/mediaboss.fr\/influenceur-espagne\/\" title=\"influenceur espagne\"><strong><\/strong><\/a><\/li>\n<\/ul>\n<p>Et les top influenceurs et influenceuses\u00a0 par <strong>Ville de France<\/strong>:<\/p>\n<ul>\n<li><a href=\"https:\/\/mediaboss.fr\/influenceur-brest\/\" title=\"influenceur brest\">Top 15 influenceurs &amp; influenceuses \u00e0 <strong>Brest<\/strong><\/a><\/li>\n<li><a href=\"https:\/\/mediaboss.fr\/influenceur-toulouse\/\" title=\"influenceur toulouse\">Top 17 influenceurs &amp; influenceuses \u00e0 <strong>Toulouse<\/strong><\/a><\/li>\n<li><a href=\"https:\/\/mediaboss.fr\/influenceur-strasbourg\/\" title=\"influenceur strasbourg\">Top 16 influenceurs &amp; influenceuses \u00e0 <strong>Strasbourg<\/strong><\/a><\/li>\n<li><a href=\"https:\/\/mediaboss.fr\/influenceur-marseille\/\" title=\"influenceur marseille\">Top 16 influenceurs &amp; influenceuses \u00e0 <strong>Marseille<\/strong><\/a><\/li>\n<li><a href=\"https:\/\/mediaboss.fr\/influenceur-bordeaux\/\" title=\"influenceur bordeaux\">Top 29 influenceurs &amp; influenceuses \u00e0 <strong>Bordeaux<\/strong><\/a><\/li>\n<li><a href=\"https:\/\/mediaboss.fr\/influenceur-aix-en-provence\/\" title=\"influenceur aix en provence\">Top 16 influenceurs &amp; influenceuses \u00e0 <strong>Aix-en-Provence<\/strong><\/a><\/li>\n<li><a href=\"https:\/\/mediaboss.fr\/influenceur-dijon\/\" title=\"influenceur dijon\">Top 16 influenceurs &amp; influenceuses \u00e0 <strong>Dijon<\/strong><\/a><\/li>\n<li><a href=\"https:\/\/mediaboss.fr\/influenceur-nantes\/\" title=\"influenceur Nantes\">Top 14 influenceurs &amp; influenceuses \u00e0 <strong>Nantes<\/strong><\/a><\/li>\n<li><a href=\"https:\/\/mediaboss.fr\/influenceur-nice\/\" title=\"influenceur Nice (PACA)\">Top 17 influenceurs &amp; influenceuses \u00e0 <strong>Nice<\/strong><\/a><\/li>\n<li><a href=\"https:\/\/mediaboss.fr\/influenceur-montpellier\/\" title=\"influenceur Montpellier\">Top 14 influenceurs &amp; influenceuses \u00e0 <strong>Montpellier<\/strong><\/a><\/li>\n<li><a href=\"https:\/\/mediaboss.fr\/influenceur-lille\/\" title=\"influenceur Lille\">Top 16 influenceurs &amp; influenceuses \u00e0 <strong>Lille<\/strong><\/a><strong><\/strong><\/li>\n<li><a href=\"https:\/\/mediaboss.fr\/influenceur-lyon\/\" title=\"influenceur lyon\">Top 19 influenceurs &amp; influenceuses \u00e0 <strong>Lyon<\/strong><\/a><\/li>\n<li><a href=\"https:\/\/mediaboss.fr\/influenceur-martinique\/\" title=\"influenceur martinique\">Top 13 influenceurs &amp; influenceuses en <strong>Martinique<\/strong><\/a><\/li>\n<li><a href=\"https:\/\/mediaboss.fr\/influenceur-guadeloupe\/\" title=\"influenceur guadeloupe\">Top 12 influenceurs &amp; influenceuses en <strong>Guadeloupe<\/strong><\/a><\/li>\n<\/ul>\n<p>Top influenceurs par <strong>Th\u00e9matique<\/strong> :<\/p>\n<ul>\n<li><a href=\"https:\/\/mediaboss.fr\/artiste-influenceur\/\" title=\"artiste influenceur\">Top 19 Artistes Influenceurs<\/a><\/li>\n<li><a href=\"https:\/\/mediaboss.fr\/musee-instagram\/\" title=\"mus\u00e9e Instagram\">Top 16 \u00ab\u00a0Mus\u00e9es Instagram\u00a0\u00bb<\/a><\/li>\n<\/ul>\n<p>*<br \/><strong><\/strong><\/p>\n<p>[\/et_pb_text][\/et_pb_column][et_pb_column type=\u00a0\u00bb1_3&Prime; _builder_version=\u00a0\u00bb4.16&Prime; custom_padding=\u00a0\u00bb|||\u00a0\u00bb global_colors_info=\u00a0\u00bb{}\u00a0\u00bb custom_padding__hover=\u00a0\u00bb|||\u00a0\u00bb][et_pb_sidebar _builder_version=\u00a0\u00bb4.17.4&Prime; _module_preset=\u00a0\u00bbdefault\u00a0\u00bb global_colors_info=\u00a0\u00bb{}\u00a0\u00bb][\/et_pb_sidebar][\/et_pb_column][\/et_pb_row][et_pb_row column_structure=\u00a0\u00bb2_3,1_3&Prime; _builder_version=\u00a0\u00bb4.16&Prime; _module_preset=\u00a0\u00bbdefault\u00a0\u00bb saved_tabs=\u00a0\u00bball\u00a0\u00bb global_colors_info=\u00a0\u00bb{}\u00a0\u00bb][et_pb_column type=\u00a0\u00bb2_3&Prime; _builder_version=\u00a0\u00bb4.16&Prime; _module_preset=\u00a0\u00bbdefault\u00a0\u00bb global_colors_info=\u00a0\u00bb{}\u00a0\u00bb][et_pb_text _builder_version=\u00a0\u00bb4.16&Prime; _module_preset=\u00a0\u00bbdefault\u00a0\u00bb global_colors_info=\u00a0\u00bb{}\u00a0\u00bb]<\/p>\n<h4>Vous aimerez aussi :<\/h4>\n<p>[\/et_pb_text][et_pb_blog fullwidth=\u00a0\u00bboff\u00a0\u00bb posts_number=\u00a0\u00bb4&Prime; include_categories=\u00a0\u00bb24&Prime; use_manual_excerpt=\u00a0\u00bboff\u00a0\u00bb excerpt_length=\u00a0\u00bb0&Prime; show_author=\u00a0\u00bboff\u00a0\u00bb show_date=\u00a0\u00bboff\u00a0\u00bb show_excerpt=\u00a0\u00bboff\u00a0\u00bb show_pagination=\u00a0\u00bboff\u00a0\u00bb _builder_version=\u00a0\u00bb4.17.4&Prime; _module_preset=\u00a0\u00bbdefault\u00a0\u00bb header_level=\u00a0\u00bbh5&Prime; body_font_size=\u00a0\u00bb16px\u00a0\u00bb meta_font_size=\u00a0\u00bb16px\u00a0\u00bb read_more_font_size=\u00a0\u00bb16px\u00a0\u00bb global_module=\u00a0\u00bb2704&Prime; saved_tabs=\u00a0\u00bball\u00a0\u00bb global_colors_info=\u00a0\u00bb{}\u00a0\u00bb meta_font_size__hover_enabled=\u00a0\u00bboff|desktop\u00a0\u00bb][\/et_pb_blog][et_pb_team_member image_url=\u00a0\u00bbhttps:\/\/mediaboss.fr\/wp-content\/uploads\/alice-seguin-230x230px-150&#215;150.jpg\u00a0\u00bb facebook_url=\u00a0\u00bbhttps:\/\/www.facebook.com\/mediaboss.fr\u00a0\u00bb twitter_url=\u00a0\u00bbhttps:\/\/twitter.com\/Alice98327791&Prime; linkedin_url=\u00a0\u00bbwww.linkedin.com\/in\/alice-seguin\u00a0\u00bb image_url_last_edited=\u00a0\u00bboff|phone\u00a0\u00bb _builder_version=\u00a0\u00bb4.17.4&Prime; _module_preset=\u00a0\u00bbdefault\u00a0\u00bb child_filter_saturate=\u00a0\u00bb0%\u00a0\u00bb border_radii_image=\u00a0\u00bbon|0%|0%|0%|0%\u00a0\u00bb global_module=\u00a0\u00bb91&Prime; saved_tabs=\u00a0\u00bball\u00a0\u00bb global_colors_info=\u00a0\u00bb{}\u00a0\u00bb]<\/p>\n<p><strong>Alice SEGUIN<\/strong><\/p>\n<p>Alice est la fondatrice de <a title=\"Mediaboss\" href=\"\/\">Mediaboss<\/a>.<\/p>\n<p>Passionn\u00e9e par les <a title=\"r\u00e9seaux sociaux\" href=\"\/reseaux-sociaux\/\">r\u00e9seaux sociaux<\/a>, elle accompagne de nombreuses entreprises dans leur strat\u00e9gie social media, messageries instantan\u00e9es, investissement, cryptomonnaies\u2026<\/p>\n<p>Retrouvez-moi sur mes r\u00e9seaux sociaux et le compte <a href=\"https:\/\/mediaboss.substack.com\/\" target=\"_blank\" rel=\"noopener\" title=\"Substack de Mediaboss\">Substack de Mediaboss<\/a> :<\/p>\n<p>[\/et_pb_team_member][\/et_pb_column][et_pb_column type=\u00a0\u00bb1_3&Prime; _builder_version=\u00a0\u00bb4.16&Prime; _module_preset=\u00a0\u00bbdefault\u00a0\u00bb global_colors_info=\u00a0\u00bb{}\u00a0\u00bb][\/et_pb_column][\/et_pb_row][\/et_pb_section]<\/p>\n\n\n<div class=\"kk-star-ratings kksr-auto kksr-align-right kksr-valign-bottom\"\n    data-payload='{&quot;align&quot;:&quot;right&quot;,&quot;id&quot;:&quot;3903&quot;,&quot;slug&quot;:&quot;default&quot;,&quot;valign&quot;:&quot;bottom&quot;,&quot;ignore&quot;:&quot;&quot;,&quot;reference&quot;:&quot;auto&quot;,&quot;class&quot;:&quot;&quot;,&quot;count&quot;:&quot;6&quot;,&quot;legendonly&quot;:&quot;&quot;,&quot;readonly&quot;:&quot;&quot;,&quot;score&quot;:&quot;5&quot;,&quot;starsonly&quot;:&quot;&quot;,&quot;best&quot;:&quot;5&quot;,&quot;gap&quot;:&quot;5&quot;,&quot;greet&quot;:&quot;Note :&quot;,&quot;legend&quot;:&quot;5\\\/5 - (6 votes)&quot;,&quot;size&quot;:&quot;24&quot;,&quot;title&quot;:&quot;Influenceur Brest : Le Top 15 En 2023 (Classement)&quot;,&quot;width&quot;:&quot;142.5&quot;,&quot;_legend&quot;:&quot;{score}\\\/{best} - ({count} {votes})&quot;,&quot;font_factor&quot;:&quot;1.25&quot;}'>\n            \n<div class=\"kksr-stars\">\n    \n<div class=\"kksr-stars-inactive\">\n            <div class=\"kksr-star\" data-star=\"1\" style=\"padding-right: 5px\">\n            \n\n<div class=\"kksr-icon\" style=\"width: 24px; height: 24px;\"><\/div>\n        <\/div>\n            <div class=\"kksr-star\" data-star=\"2\" style=\"padding-right: 5px\">\n            \n\n<div class=\"kksr-icon\" style=\"width: 24px; height: 24px;\"><\/div>\n        <\/div>\n            <div class=\"kksr-star\" data-star=\"3\" style=\"padding-right: 5px\">\n            \n\n<div class=\"kksr-icon\" style=\"width: 24px; height: 24px;\"><\/div>\n        <\/div>\n            <div class=\"kksr-star\" data-star=\"4\" style=\"padding-right: 5px\">\n            \n\n<div class=\"kksr-icon\" style=\"width: 24px; height: 24px;\"><\/div>\n        <\/div>\n            <div class=\"kksr-star\" data-star=\"5\" style=\"padding-right: 5px\">\n            \n\n<div class=\"kksr-icon\" style=\"width: 24px; height: 24px;\"><\/div>\n        <\/div>\n    <\/div>\n    \n<div class=\"kksr-stars-active\" style=\"width: 142.5px;\">\n            <div class=\"kksr-star\" style=\"padding-right: 5px\">\n            \n\n<div class=\"kksr-icon\" style=\"width: 24px; height: 24px;\"><\/div>\n        <\/div>\n            <div class=\"kksr-star\" style=\"padding-right: 5px\">\n            \n\n<div class=\"kksr-icon\" style=\"width: 24px; height: 24px;\"><\/div>\n        <\/div>\n            <div class=\"kksr-star\" style=\"padding-right: 5px\">\n            \n\n<div class=\"kksr-icon\" style=\"width: 24px; height: 24px;\"><\/div>\n        <\/div>\n            <div class=\"kksr-star\" style=\"padding-right: 5px\">\n            \n\n<div class=\"kksr-icon\" style=\"width: 24px; height: 24px;\"><\/div>\n        <\/div>\n            <div class=\"kksr-star\" style=\"padding-right: 5px\">\n            \n\n<div class=\"kksr-icon\" style=\"width: 24px; height: 24px;\"><\/div>\n        <\/div>\n    <\/div>\n<\/div>\n                \n\n<div class=\"kksr-legend\" style=\"font-size: 19.2px;\">\n            5\/5 - (6 votes)    <\/div>\n    <\/div>\n<div style=\"margin-top: 0px; margin-bottom: 0px;\" class=\"sharethis-inline-share-buttons\" ><\/div>","protected":false},"excerpt":{"rendered":"<p>Vous cherchez les top influenceurs et influenceuses \u00e0 Brest en 2022? D\u00e9couvrez notre classement des 17 des influenceurs (et influenceuses) les plus populaires \u00e0 Strasbourg. Nous nous basons sur le nombre d&rsquo;abonn\u00e9s sur tous les plus gros r\u00e9seaux sociaux : Instagram, Facebook, TikTok, Youtube, Snapchat, Twitch, Twitter&#8230; Article mis \u00e0 jour en Juillet 2022. Lire [&hellip;]<\/p>\n","protected":false},"author":2,"featured_media":3906,"comment_status":"closed","ping_status":"open","sticky":false,"template":"","format":"standard","meta":{"_seopress_robots_primary_cat":"none","_seopress_titles_title":"Influenceur Brest : Le Top 15 En %%currentyear%% (Classement)","_seopress_titles_desc":"D\u00e9couvrez le top 15 des influenceurs et influenceuses \u00e0 Brest en %%currentyear%%. Class\u00e9es par nombre d&#039;abonn\u00e9s sur Instagram, TikTok, YouTube, Facebook, Snapchat...","_seopress_robots_index":"","_et_pb_use_builder":"on","_et_pb_old_content":"","_et_gb_content_width":"1280","footnotes":""},"categories":[24],"tags":[],"class_list":["post-3903","post","type-post","status-publish","format-standard","has-post-thumbnail","hentry","category-influence"],"_links":{"self":[{"href":"https:\/\/mediaboss.fr\/ja\/wp-json\/wp\/v2\/posts\/3903","targetHints":{"allow":["GET"]}}],"collection":[{"href":"https:\/\/mediaboss.fr\/ja\/wp-json\/wp\/v2\/posts"}],"about":[{"href":"https:\/\/mediaboss.fr\/ja\/wp-json\/wp\/v2\/types\/post"}],"author":[{"embeddable":true,"href":"https:\/\/mediaboss.fr\/ja\/wp-json\/wp\/v2\/users\/2"}],"replies":[{"embeddable":true,"href":"https:\/\/mediaboss.fr\/ja\/wp-json\/wp\/v2\/comments?post=3903"}],"version-history":[{"count":1,"href":"https:\/\/mediaboss.fr\/ja\/wp-json\/wp\/v2\/posts\/3903\/revisions"}],"predecessor-version":[{"id":14553,"href":"https:\/\/mediaboss.fr\/ja\/wp-json\/wp\/v2\/posts\/3903\/revisions\/14553"}],"wp:featuredmedia":[{"embeddable":true,"href":"https:\/\/mediaboss.fr\/ja\/wp-json\/wp\/v2\/media\/3906"}],"wp:attachment":[{"href":"https:\/\/mediaboss.fr\/ja\/wp-json\/wp\/v2\/media?parent=3903"}],"wp:term":[{"taxonomy":"category","embeddable":true,"href":"https:\/\/mediaboss.fr\/ja\/wp-json\/wp\/v2\/categories?post=3903"},{"taxonomy":"post_tag","embeddable":true,"href":"https:\/\/mediaboss.fr\/ja\/wp-json\/wp\/v2\/tags?post=3903"}],"curies":[{"name":"wp","href":"https:\/\/api.w.org\/{rel}","templated":true}]}}