{"id":3937,"date":"2022-07-05T17:25:19","date_gmt":"2022-07-05T15:25:19","guid":{"rendered":"https:\/\/mediaboss.fr\/?p=3937"},"modified":"2023-03-11T15:08:40","modified_gmt":"2023-03-11T13:08:40","slug":"influenceur-reims","status":"publish","type":"post","link":"https:\/\/mediaboss.fr\/ja\/%e3%82%a4%e3%83%b3%e3%83%95%e3%83%ab%e3%82%a8%e3%83%b3%e3%82%b5%e3%83%bc%e3%83%bb%e3%83%a9%e3%83%b3%e3%82%b9\/","title":{"rendered":"Influenceur Reims\uff1a2023\u5e74\u306e\u30c8\u30c3\u30d713\uff08\u30e9\u30f3\u30ad\u30f3\u30b0\uff09"},"content":{"rendered":"<div style=\"margin-top: 0px; margin-bottom: 0px;\" class=\"sharethis-inline-share-buttons\" ><\/div><p>[et_pb_section fb_built=\u00a0\u00bb1&Prime; _builder_version=\u00a0\u00bb4.16&Prime; global_colors_info=\u00a0\u00bb{}\u00a0\u00bb][et_pb_row column_structure=\u00a0\u00bb2_3,1_3&Prime; _builder_version=\u00a0\u00bb4.16&Prime; background_size=\u00a0\u00bbinitial\u00a0\u00bb background_position=\u00a0\u00bbtop_left\u00a0\u00bb background_repeat=\u00a0\u00bbrepeat\u00a0\u00bb global_colors_info=\u00a0\u00bb{}\u00a0\u00bb][et_pb_column type=\u00a0\u00bb2_3&Prime; _builder_version=\u00a0\u00bb4.16&Prime; custom_padding=\u00a0\u00bb|||\u00a0\u00bb global_colors_info=\u00a0\u00bb{}\u00a0\u00bb custom_padding__hover=\u00a0\u00bb|||\u00a0\u00bb][et_pb_post_title date=\u00a0\u00bboff\u00a0\u00bb comments=\u00a0\u00bboff\u00a0\u00bb _builder_version=\u00a0\u00bb4.17.4&Prime; _module_preset=\u00a0\u00bbdefault\u00a0\u00bb global_colors_info=\u00a0\u00bb{}\u00a0\u00bb][\/et_pb_post_title][et_pb_text _builder_version=\u00a0\u00bb4.17.4&Prime; _module_preset=\u00a0\u00bbdefault\u00a0\u00bb link_line_height=\u00a0\u00bb1.7em\u00a0\u00bb ul_line_height=\u00a0\u00bb1.7em\u00a0\u00bb ol_line_height=\u00a0\u00bb1.7em\u00a0\u00bb quote_line_height=\u00a0\u00bb1.7em\u00a0\u00bb global_colors_info=\u00a0\u00bb{}\u00a0\u00bb]<\/p>\n<p>Vous cherchez les top <strong>influenceurs et influenceuses \u00e0 Reims <\/strong>en 2022?<\/p>\n<p>D\u00e9couvrez notre classement des <strong>13 des influenceurs (et influenceuses) les plus populaires \u00e0 Reims<\/strong>.<\/p>\n<p>Nous nous basons sur le nombre d&rsquo;abonn\u00e9s sur tous les plus gros r\u00e9seaux sociaux :<\/p>\n<p>Instagram, Facebook, TikTok, Youtube, Snapchat, Twitch, Twitter&#8230;<\/p>\n<p style=\"text-align: right;\"><em>Article mis \u00e0 jour en <strong>Juillet 2022<\/strong>.<\/em><\/p>\n<blockquote>\n<p style=\"text-align: center;\">Lire aussi : <a href=\"https:\/\/mediaboss.fr\/classement-influenceurs-france\/\" title=\"classement influenceurs france\">Classement Des 16 Influenceurs Les Plus Suivis En France<\/a><em><\/em><\/p>\n<\/blockquote>\n<p style=\"text-align: right;\"><em><\/em><\/p>\n<h2>Influenceur \u00e0 Reims : nano-influenceur, micro-influenceur, macro-influenceur&#8230;<\/h2>\n<p>\u00catre influenceur \/ influenceuse \u00e0 <strong>Reims<\/strong> en 2022, c&rsquo;est \u00eatre un leader d&rsquo;opinion local sur <strong>Reims<\/strong> et en r\u00e9gion <b>Champagne-Ardenne <\/b>: <strong>Epernay, Ch\u00e2lons-en-Champagne, Vitry-le-Fran\u00e7ois<\/strong>&#8230;<\/p>\n<p>C&rsquo;est influencer les comportements des consommateurs <b>remois <\/b>via les r\u00e9seaux sociaux : Instagram, TikTok, Facebook, YouTube&#8230;<\/p>\n<ul>\n<li><strong>Nano influenceur<\/strong> : un nano influenceur (\u00e0 <strong>Reims<\/strong> et ailleurs) a une communaut\u00e9 de <strong>moins de 5 000 abonn\u00e9s<\/strong> sur les r\u00e9seaux sociaux<\/li>\n<li><strong>Micro influenceur<\/strong> : un micro influenceur a <strong>entre 5 000 et 100 000 abonn\u00e9s<\/strong> sur les r\u00e9seaux sociaux<\/li>\n<li><strong>Macro influenceur<\/strong> : un macro-influenceur a <strong>entre 100 000 et 1 million d&rsquo;abonn\u00e9s<\/strong> sur les r\u00e9seaux sociaux<\/li>\n<li>C\u00e9l\u00e9brit\u00e9 : une c\u00e9l\u00e9brit\u00e9 a <strong>plus de 1M d&rsquo;abonn\u00e9s<\/strong> sur les r\u00e9seaux sociaux<\/li>\n<\/ul>\n<p>D\u00e9couvrons maintenant notre <strong>top 13 influenceurs \u00e0 Reims <\/strong>(2022) :<\/p>\n<p>&nbsp;<\/p>\n<h2>Top 13 des influenceurs (influenceuses) \u00e0 Reims en 2022<\/h2>\n<p>D\u00e9couvrez maintenant notre classement des <strong>13 influenceurs et influenceuses les plus populaires \u00e0 Reims <\/strong>en 2022.<\/p>\n<p>Les influenceurs <b>r\u00e9mois (r\u00e9moises) <\/b>sont class\u00e9s par nombre d&rsquo;abonn\u00e9s total sur tous les principaux r\u00e9seaux sociaux : Instagram, TikTok, Facebook, YouTube, Twitter, Twitch, Snapchat&#8230;<\/p>\n<p>Voici notre<strong> top 13 <\/strong>par ordre d\u00e9croissant de popularit\u00e9, du <strong>plus petit au plus grand nombre d&rsquo;abonn\u00e9s<\/strong> sur tous les r\u00e9seaux sociaux :<\/p>\n<p style=\"text-align: right;\"><em>Donn\u00e9es mises \u00e0 jour en <strong>Juillet 2022<\/strong><\/em><\/p>\n<p>&nbsp;<\/p>\n<h3>13. @chapenoise &#8211; 1\u202f592 abonn\u00e9s<\/h3>\n<p><strong>Influenceuse \u00e0 Reims<\/strong><\/p>\n<ul>\n<li>1\u202f592 abonn\u00e9s sur <strong>Instagram<\/strong> en 2022<\/li>\n<li>Vrai nom : <strong>Sonia<\/strong><\/li>\n<li>Genre : <strong>femme<\/strong><\/li>\n<li>Pays : <strong>Reims<\/strong><\/li>\n<li>R\u00e9gion : <strong>Champagne-Ardenne (Grand-Est)<\/strong><\/li>\n<li>Bio Instagram : <em>\u00ab\u00a0Sonia | Reims \ud83c\udf42<br \/>Cr\u00e9ateur digital<br \/>\ud83e\udd42 Champenoise et amoureuse de Chapeaux \ud83d\udc52<br \/>\ud83d\udc57 Lifestyle &amp; Fashion #ootdchapenoise<br \/>\ud83c\udf89 Co-g\u00e9rante @champladies<br \/>\ud83d\udccd Bonnes adresses #chapenoiseaurestau\u00a0\u00bb<\/em><\/li>\n<li>Extrait photos :<\/li>\n<\/ul>\n<p><img loading=\"lazy\" decoding=\"async\" src=\"https:\/\/mediaboss.fr\/wp-content\/uploads\/influenceur-Reims-Sonia-Reims-\ud83c\udf42-chapenoise-\u2022-Photos-et-videos-Instagram.jpg\" width=\"1200\" height=\"880\" alt=\"influenceur-Reims-Sonia-Reims-\ud83c\udf42-chapenoise-\u2022-Photos-et-vid\u00e9os-Instagram\" class=\"wp-image-3960 aligncenter size-full\" srcset=\"https:\/\/mediaboss.fr\/wp-content\/uploads\/influenceur-Reims-Sonia-Reims-\ud83c\udf42-chapenoise-\u2022-Photos-et-videos-Instagram.jpg 1200w, https:\/\/mediaboss.fr\/wp-content\/uploads\/influenceur-Reims-Sonia-Reims-\ud83c\udf42-chapenoise-\u2022-Photos-et-videos-Instagram-300x220.jpg 300w, https:\/\/mediaboss.fr\/wp-content\/uploads\/influenceur-Reims-Sonia-Reims-\ud83c\udf42-chapenoise-\u2022-Photos-et-videos-Instagram-768x563.jpg 768w, https:\/\/mediaboss.fr\/wp-content\/uploads\/influenceur-Reims-Sonia-Reims-\ud83c\udf42-chapenoise-\u2022-Photos-et-videos-Instagram-1080x792.jpg 1080w, https:\/\/mediaboss.fr\/wp-content\/uploads\/influenceur-Reims-Sonia-Reims-\ud83c\udf42-chapenoise-\u2022-Photos-et-videos-Instagram-980x719.jpg 980w, https:\/\/mediaboss.fr\/wp-content\/uploads\/influenceur-Reims-Sonia-Reims-\ud83c\udf42-chapenoise-\u2022-Photos-et-videos-Instagram-480x352.jpg 480w\" sizes=\"(max-width: 1200px) 100vw, 1200px\" \/><\/p>\n<p>&nbsp;<\/p>\n<h3>12. @mov_eat_ &#8211; 1\u202f931 abonn\u00e9s<\/h3>\n<p><strong>Influenceuse \u00e0 Reims<\/strong><\/p>\n<ul>\n<li>1\u202f931 abonn\u00e9s sur <strong>Instagram<\/strong> en 2022<\/li>\n<li>Vrai nom : <strong>Charlotte<\/strong><\/li>\n<li>Genre : <strong>femme<\/strong><\/li>\n<li>Pays : <strong>Reims<\/strong><\/li>\n<li>R\u00e9gion : <strong>Champagne-Ardenne (Grand-Est)<\/strong><\/li>\n<li>Bio Instagram : <em>\u00ab\u00a0Charlotte | \ud83d\udccdReims<br \/>Entrepreneur<br \/>\u2022 Coach sportif &#8211; cours priv\u00e9s\/collectifs<br \/>\u2022 Di\u00e9t\u00e9ticienne sp\u00e9cialistes des sportifs<br \/>Conseils, recettes &amp; trails \ud83c\udfc3\ud83c\udffc\u200d\u2640\ufe0f<br \/>Prenez rendez vous en ligne \u2935\u00a0\u00bb<\/em><\/li>\n<li>Extrait photos :<\/li>\n<\/ul>\n<p><img loading=\"lazy\" decoding=\"async\" src=\"https:\/\/mediaboss.fr\/wp-content\/uploads\/influenceur-Reims-Charlotte-\ud83d\udccdReims-mov_eat_-\u2022-Photos-et-videos-Instagram.jpg\" width=\"1200\" height=\"880\" alt=\"influenceur-Reims-Charlotte-\ud83d\udccdReims-mov_eat_-\u2022-Photos-et-vid\u00e9os-Instagram\" class=\"wp-image-3959 aligncenter size-full\" srcset=\"https:\/\/mediaboss.fr\/wp-content\/uploads\/influenceur-Reims-Charlotte-\ud83d\udccdReims-mov_eat_-\u2022-Photos-et-videos-Instagram.jpg 1200w, https:\/\/mediaboss.fr\/wp-content\/uploads\/influenceur-Reims-Charlotte-\ud83d\udccdReims-mov_eat_-\u2022-Photos-et-videos-Instagram-300x220.jpg 300w, https:\/\/mediaboss.fr\/wp-content\/uploads\/influenceur-Reims-Charlotte-\ud83d\udccdReims-mov_eat_-\u2022-Photos-et-videos-Instagram-768x563.jpg 768w, https:\/\/mediaboss.fr\/wp-content\/uploads\/influenceur-Reims-Charlotte-\ud83d\udccdReims-mov_eat_-\u2022-Photos-et-videos-Instagram-1080x792.jpg 1080w, https:\/\/mediaboss.fr\/wp-content\/uploads\/influenceur-Reims-Charlotte-\ud83d\udccdReims-mov_eat_-\u2022-Photos-et-videos-Instagram-980x719.jpg 980w, https:\/\/mediaboss.fr\/wp-content\/uploads\/influenceur-Reims-Charlotte-\ud83d\udccdReims-mov_eat_-\u2022-Photos-et-videos-Instagram-480x352.jpg 480w\" sizes=\"(max-width: 1200px) 100vw, 1200px\" \/><\/p>\n<p>&nbsp;<\/p>\n<h3>11. @nekeezy_mgk &#8211; 2\u202f248 abonn\u00e9s<\/h3>\n<p><strong>Influenceuse \u00e0 Reims<\/strong><\/p>\n<ul>\n<li>2\u202f248 abonn\u00e9s sur <strong>Instagram<\/strong> en 2022<\/li>\n<li>Vrai nom : <strong>Marie<\/strong><\/li>\n<li>Genre : <strong>femme<\/strong><\/li>\n<li>Pays : <strong>Reims<\/strong><\/li>\n<li>R\u00e9gion : <strong>Champagne-Ardenne (Grand-Est)<\/strong><\/li>\n<li>Bio Instagram : <em><em>\u00ab\u00a0<\/em><\/em>Marie \ud83d\udc7d 21.03.1994 \ud83d\udccd Reims \ud83c\uddeb\ud83c\uddf7<br \/>Blog personnel<br \/>fashion addict \ud83c\udfbd\ud83d\udc5f rap fanatic\n<p>AESH &amp; Animatrice \ud83d\udc67\ud83e\uddd2<\/p>\n<p><em>\u00ab\u00a0<\/em><\/p>\n<\/li>\n<li>Extrait photos :<\/li>\n<\/ul>\n<p><img loading=\"lazy\" decoding=\"async\" src=\"https:\/\/mediaboss.fr\/wp-content\/uploads\/influenceur-Reims-Marie-\ud83d\udc7d-21-03-1994-\ud83d\udccd-Reims-\ud83c\uddeb\ud83c\uddf7-nekeezy_mgk-\u2022-Photos-et-videos-Instagram.jpg\" width=\"1200\" height=\"880\" alt=\"influenceur-Reims-Marie-\ud83d\udc7d-21-03-1994-\ud83d\udccd-Reims-\ud83c\uddeb\ud83c\uddf7-nekeezy_mgk-\u2022-Photos-et-vid\u00e9os-Instagram\" class=\"wp-image-3958 aligncenter size-full\" srcset=\"https:\/\/mediaboss.fr\/wp-content\/uploads\/influenceur-Reims-Marie-\ud83d\udc7d-21-03-1994-\ud83d\udccd-Reims-\ud83c\uddeb\ud83c\uddf7-nekeezy_mgk-\u2022-Photos-et-videos-Instagram.jpg 1200w, https:\/\/mediaboss.fr\/wp-content\/uploads\/influenceur-Reims-Marie-\ud83d\udc7d-21-03-1994-\ud83d\udccd-Reims-\ud83c\uddeb\ud83c\uddf7-nekeezy_mgk-\u2022-Photos-et-videos-Instagram-300x220.jpg 300w, https:\/\/mediaboss.fr\/wp-content\/uploads\/influenceur-Reims-Marie-\ud83d\udc7d-21-03-1994-\ud83d\udccd-Reims-\ud83c\uddeb\ud83c\uddf7-nekeezy_mgk-\u2022-Photos-et-videos-Instagram-768x563.jpg 768w, https:\/\/mediaboss.fr\/wp-content\/uploads\/influenceur-Reims-Marie-\ud83d\udc7d-21-03-1994-\ud83d\udccd-Reims-\ud83c\uddeb\ud83c\uddf7-nekeezy_mgk-\u2022-Photos-et-videos-Instagram-1080x792.jpg 1080w, https:\/\/mediaboss.fr\/wp-content\/uploads\/influenceur-Reims-Marie-\ud83d\udc7d-21-03-1994-\ud83d\udccd-Reims-\ud83c\uddeb\ud83c\uddf7-nekeezy_mgk-\u2022-Photos-et-videos-Instagram-980x719.jpg 980w, https:\/\/mediaboss.fr\/wp-content\/uploads\/influenceur-Reims-Marie-\ud83d\udc7d-21-03-1994-\ud83d\udccd-Reims-\ud83c\uddeb\ud83c\uddf7-nekeezy_mgk-\u2022-Photos-et-videos-Instagram-480x352.jpg 480w\" sizes=\"(max-width: 1200px) 100vw, 1200px\" \/><\/p>\n<p>&nbsp;<\/p>\n<h2>Influenceur \u00e0 Reims : notre top 10 (2022)<\/h2>\n<p>Et voici notre classement des <strong>10 influenceurs et influenceuses les plus populaires \u00e0 Reims<\/strong> en 2022 :<\/p>\n<p>&nbsp;<\/p>\n<h3>10. @patatedouceremoise &#8211; 3\u202f115 abonn\u00e9s<\/h3>\n<p><strong>Influenceuse \u00e0 Reims<\/strong><\/p>\n<ul>\n<li>3\u202f115 abonn\u00e9s sur <strong>Instagram<\/strong> en 2022<\/li>\n<li>Vrai nom : <strong>Mathilde<\/strong><\/li>\n<li>Genre : <strong>femme<\/strong><\/li>\n<li>Pays : <strong>Reims<\/strong><\/li>\n<li>R\u00e9gion : <strong>Champagne-Ardenne (Grand-Est)<\/strong><\/li>\n<li>Bio Instagram : <em>\u00ab\u00a0Mathilde<br \/>Juste pour le plaisir<br \/>Reims \ud83c\udf7e<br \/>Camera \ud83d\udcf7: Fujifilm XT20&Prime;<\/em><\/li>\n<li>Extrait photos :<\/li>\n<\/ul>\n<p><img loading=\"lazy\" decoding=\"async\" src=\"https:\/\/mediaboss.fr\/wp-content\/uploads\/influenceur-Reims-Mathilde-patatedouceremoise-\u2022-Photos-et-videos-Instagram.jpg\" width=\"1200\" height=\"880\" alt=\"influenceur-Reims-Mathilde-patatedouceremoise-\u2022-Photos-et-vid\u00e9os-Instagram\" class=\"wp-image-3957 aligncenter size-full\" srcset=\"https:\/\/mediaboss.fr\/wp-content\/uploads\/influenceur-Reims-Mathilde-patatedouceremoise-\u2022-Photos-et-videos-Instagram.jpg 1200w, https:\/\/mediaboss.fr\/wp-content\/uploads\/influenceur-Reims-Mathilde-patatedouceremoise-\u2022-Photos-et-videos-Instagram-300x220.jpg 300w, https:\/\/mediaboss.fr\/wp-content\/uploads\/influenceur-Reims-Mathilde-patatedouceremoise-\u2022-Photos-et-videos-Instagram-768x563.jpg 768w, https:\/\/mediaboss.fr\/wp-content\/uploads\/influenceur-Reims-Mathilde-patatedouceremoise-\u2022-Photos-et-videos-Instagram-1080x792.jpg 1080w, https:\/\/mediaboss.fr\/wp-content\/uploads\/influenceur-Reims-Mathilde-patatedouceremoise-\u2022-Photos-et-videos-Instagram-980x719.jpg 980w, https:\/\/mediaboss.fr\/wp-content\/uploads\/influenceur-Reims-Mathilde-patatedouceremoise-\u2022-Photos-et-videos-Instagram-480x352.jpg 480w\" sizes=\"(max-width: 1200px) 100vw, 1200px\" \/><\/p>\n<p>&nbsp;<\/p>\n<h3>9. @bry_m3phoenixgelb &#8211; 3\u202f327 abonn\u00e9s<\/h3>\n<p><strong>Influenceur \u00e0 Reims<\/strong><\/p>\n<ul>\n<li>3\u202f327 abonn\u00e9s sur <strong>Instagram<\/strong> en 2022<\/li>\n<li>Vrai nom : <strong>Brian<\/strong><\/li>\n<li>Genre : <strong>homme<\/strong><\/li>\n<li>Pays : <strong>Reims<\/strong><\/li>\n<li>R\u00e9gion : <strong>Champagne-Ardenne (Grand-Est)<\/strong><\/li>\n<li>Bio Instagram : <em>\u00ab\u00a0Brian Prt<br \/>\ud83d\ude95 BMW M3 e46 \ud83c\udf4b \ud83d\ude9c BMW 325i e30 \ud83e\uddca<br \/>\ud83d\udef5 BMW K100RS \ud83c\udf6f \ud83c\udfcd Kawasaki zx10r \ud83e\udd5d<br \/>\ud83d\udee0 @reimsindividualmotors\u00a0\u00bb<\/em><\/li>\n<li>Extrait photos :<\/li>\n<\/ul>\n<p><img loading=\"lazy\" decoding=\"async\" src=\"https:\/\/mediaboss.fr\/wp-content\/uploads\/influenceur-Reims-Brian-Prt-bry_m3phoenixgelb-\u2022-Photos-et-videos-Instagram.jpg\" width=\"1200\" height=\"880\" alt=\"influenceur-Reims-Brian-Prt-bry_m3phoenixgelb-\u2022-Photos-et-vid\u00e9os-Instagram\" class=\"wp-image-3956 aligncenter size-full\" srcset=\"https:\/\/mediaboss.fr\/wp-content\/uploads\/influenceur-Reims-Brian-Prt-bry_m3phoenixgelb-\u2022-Photos-et-videos-Instagram.jpg 1200w, https:\/\/mediaboss.fr\/wp-content\/uploads\/influenceur-Reims-Brian-Prt-bry_m3phoenixgelb-\u2022-Photos-et-videos-Instagram-300x220.jpg 300w, https:\/\/mediaboss.fr\/wp-content\/uploads\/influenceur-Reims-Brian-Prt-bry_m3phoenixgelb-\u2022-Photos-et-videos-Instagram-768x563.jpg 768w, https:\/\/mediaboss.fr\/wp-content\/uploads\/influenceur-Reims-Brian-Prt-bry_m3phoenixgelb-\u2022-Photos-et-videos-Instagram-1080x792.jpg 1080w, https:\/\/mediaboss.fr\/wp-content\/uploads\/influenceur-Reims-Brian-Prt-bry_m3phoenixgelb-\u2022-Photos-et-videos-Instagram-980x719.jpg 980w, https:\/\/mediaboss.fr\/wp-content\/uploads\/influenceur-Reims-Brian-Prt-bry_m3phoenixgelb-\u2022-Photos-et-videos-Instagram-480x352.jpg 480w\" sizes=\"(max-width: 1200px) 100vw, 1200px\" \/><\/p>\n<p>&nbsp;<\/p>\n<h3>8. @margauxmrc08 &#8211; 3\u202f466 abonn\u00e9s<\/h3>\n<p><strong>Influenceuse \u00e0 Reims<\/strong><\/p>\n<ul>\n<li>3\u202f466 abonn\u00e9s sur <strong>Instagram<\/strong> en 2022<\/li>\n<li>Vrai nom : <strong>Margaux<\/strong><\/li>\n<li>Genre : <strong>femme<\/strong><\/li>\n<li>Pays : <strong>Reims<\/strong><\/li>\n<li>R\u00e9gion : <strong>Champagne-Ardenne (Grand-Est)<\/strong><\/li>\n<li>Bio Instagram : <em>\u00ab\u00a0Margaux &#8211; Reims \u2728<br \/>Blog personnel<br \/>\ud835\ude47\ud835\ude5e\ud835\ude5b\ud835\ude5a\ud835\ude68\ud835\ude69\ud835\ude6e\ud835\ude61\ud835\ude5a, \ud835\ude69\ud835\ude67\ud835\ude56\ud835\ude6b\ud835\ude5a\ud835\ude61 &amp; \ud835\ude5b\ud835\ude6a\ud835\ude63<br \/>\u2022 Ma petite vie en photo \ud83d\udcf8<br \/>\u2022 Ma folie en story \ud83d\udcf2<br \/>\u2022 Founder of @com_goals &amp; @chefgogoauxfourneaux \ud83d\udc69\ud83c\udffc\u200d\ud83d\udcbb\u00a0\u00bb<\/em><\/li>\n<li>Extrait photos :<\/li>\n<\/ul>\n<p><img loading=\"lazy\" decoding=\"async\" src=\"https:\/\/mediaboss.fr\/wp-content\/uploads\/influenceur-Reims-Margaux-Reims-\u2728-margauxmrc08-\u2022-Photos-et-videos-Instagram.jpg\" width=\"1200\" height=\"880\" alt=\"influenceur-Reims-Margaux-Reims-\u2728-margauxmrc08-\u2022-Photos-et-vid\u00e9os-Instagram\" class=\"wp-image-3955 aligncenter size-full\" srcset=\"https:\/\/mediaboss.fr\/wp-content\/uploads\/influenceur-Reims-Margaux-Reims-\u2728-margauxmrc08-\u2022-Photos-et-videos-Instagram.jpg 1200w, https:\/\/mediaboss.fr\/wp-content\/uploads\/influenceur-Reims-Margaux-Reims-\u2728-margauxmrc08-\u2022-Photos-et-videos-Instagram-300x220.jpg 300w, https:\/\/mediaboss.fr\/wp-content\/uploads\/influenceur-Reims-Margaux-Reims-\u2728-margauxmrc08-\u2022-Photos-et-videos-Instagram-768x563.jpg 768w, https:\/\/mediaboss.fr\/wp-content\/uploads\/influenceur-Reims-Margaux-Reims-\u2728-margauxmrc08-\u2022-Photos-et-videos-Instagram-1080x792.jpg 1080w, https:\/\/mediaboss.fr\/wp-content\/uploads\/influenceur-Reims-Margaux-Reims-\u2728-margauxmrc08-\u2022-Photos-et-videos-Instagram-980x719.jpg 980w, https:\/\/mediaboss.fr\/wp-content\/uploads\/influenceur-Reims-Margaux-Reims-\u2728-margauxmrc08-\u2022-Photos-et-videos-Instagram-480x352.jpg 480w\" sizes=\"(max-width: 1200px) 100vw, 1200px\" \/><\/p>\n<p>&nbsp;<\/p>\n<h3>7. @yoann_normand &#8211; 3\u202f606 abonn\u00e9s<\/h3>\n<p><strong>Influenceur \u00e0 Reims<\/strong><\/p>\n<ul>\n<li>3\u202f606 abonn\u00e9s sur <strong>Instagram<\/strong> en 2022<\/li>\n<li>Vrai nom : <strong>Yoann Normand<\/strong><\/li>\n<li>Genre : <strong>homme<\/strong><\/li>\n<li>Pays : <strong>Reims<\/strong><\/li>\n<li>R\u00e9gion : <strong>Champagne-Ardenne (Grand-Est)<\/strong><\/li>\n<li>Bio Instagram : <em>\u00ab\u00a0Yoann Normand<br \/>\ud83e\udd47\ud83c\udfc6 @championnatdefrancedudessert Passion dessert 2019 @michelinguide<br \/>\ud83c\udf1f\ud83c\udf1fChef Patissier @domainelescrayeres @relaischateaux\u00a0\u00bb<\/em><\/li>\n<li>Extrait photos :<\/li>\n<\/ul>\n<p><img loading=\"lazy\" decoding=\"async\" src=\"https:\/\/mediaboss.fr\/wp-content\/uploads\/influenceur-Reims-Yoann-Normand-yoann_normand-\u2022-Photos-et-videos-Instagram.jpg\" width=\"1200\" height=\"880\" alt=\"influenceur-Reims-Yoann-Normand-yoann_normand-\u2022-Photos-et-vid\u00e9os-Instagram\" class=\"wp-image-3954 aligncenter size-full\" srcset=\"https:\/\/mediaboss.fr\/wp-content\/uploads\/influenceur-Reims-Yoann-Normand-yoann_normand-\u2022-Photos-et-videos-Instagram.jpg 1200w, https:\/\/mediaboss.fr\/wp-content\/uploads\/influenceur-Reims-Yoann-Normand-yoann_normand-\u2022-Photos-et-videos-Instagram-300x220.jpg 300w, https:\/\/mediaboss.fr\/wp-content\/uploads\/influenceur-Reims-Yoann-Normand-yoann_normand-\u2022-Photos-et-videos-Instagram-768x563.jpg 768w, https:\/\/mediaboss.fr\/wp-content\/uploads\/influenceur-Reims-Yoann-Normand-yoann_normand-\u2022-Photos-et-videos-Instagram-1080x792.jpg 1080w, https:\/\/mediaboss.fr\/wp-content\/uploads\/influenceur-Reims-Yoann-Normand-yoann_normand-\u2022-Photos-et-videos-Instagram-980x719.jpg 980w, https:\/\/mediaboss.fr\/wp-content\/uploads\/influenceur-Reims-Yoann-Normand-yoann_normand-\u2022-Photos-et-videos-Instagram-480x352.jpg 480w\" sizes=\"(max-width: 1200px) 100vw, 1200px\" \/><\/p>\n<p>&nbsp;<\/p>\n<h3>6. @chris_s_51 &#8211; 3\u202f948 abonn\u00e9s<\/h3>\n<p><strong>Influenceuse \u00e0 Reims<\/strong><\/p>\n<ul>\n<li>3\u202f948 abonn\u00e9s sur <strong>Instagram<\/strong> en 2022<\/li>\n<li>Vrai nom : <strong>Christelle<\/strong><\/li>\n<li>Genre : <strong>femme<\/strong><\/li>\n<li>Pays : <strong>Reims<\/strong><\/li>\n<li>R\u00e9gion : <strong>Champagne-Ardenne (Grand-Est)<\/strong><\/li>\n<li>Bio Instagram : <em>\u00ab\u00a0Christelle Reims<br \/>Blog Personnel<br \/>\ud83d\udccdReims #reims \ud83c\udf7e #champagne<br \/>\ud83d\udcbc commerciale : @newsmagchamp<br \/>#test de produits, coups de \ud83d\udc97 #cosmetique #gameuse #sport<br \/>\ud83c\udfae\ud83c\udfcb\u200d\u2640\ufe0f\u00a0\u00bb<\/em><\/li>\n<li>Extrait photos :<\/li>\n<\/ul>\n<p><img loading=\"lazy\" decoding=\"async\" src=\"https:\/\/mediaboss.fr\/wp-content\/uploads\/influenceur-Reims-Christelle-Reims-chris_s_51-\u2022-Photos-et-videos-Instagram.jpg\" width=\"1200\" height=\"880\" alt=\"influenceur-Reims-Christelle-Reims-chris_s_51-\u2022-Photos-et-vid\u00e9os-Instagram\" class=\"wp-image-3953 aligncenter size-full\" srcset=\"https:\/\/mediaboss.fr\/wp-content\/uploads\/influenceur-Reims-Christelle-Reims-chris_s_51-\u2022-Photos-et-videos-Instagram.jpg 1200w, https:\/\/mediaboss.fr\/wp-content\/uploads\/influenceur-Reims-Christelle-Reims-chris_s_51-\u2022-Photos-et-videos-Instagram-300x220.jpg 300w, https:\/\/mediaboss.fr\/wp-content\/uploads\/influenceur-Reims-Christelle-Reims-chris_s_51-\u2022-Photos-et-videos-Instagram-768x563.jpg 768w, https:\/\/mediaboss.fr\/wp-content\/uploads\/influenceur-Reims-Christelle-Reims-chris_s_51-\u2022-Photos-et-videos-Instagram-1080x792.jpg 1080w, https:\/\/mediaboss.fr\/wp-content\/uploads\/influenceur-Reims-Christelle-Reims-chris_s_51-\u2022-Photos-et-videos-Instagram-980x719.jpg 980w, https:\/\/mediaboss.fr\/wp-content\/uploads\/influenceur-Reims-Christelle-Reims-chris_s_51-\u2022-Photos-et-videos-Instagram-480x352.jpg 480w\" sizes=\"(max-width: 1200px) 100vw, 1200px\" \/><\/p>\n<p>&nbsp;<\/p>\n<h3>5. @unspoooken- 4\u202f359 abonn\u00e9s<\/h3>\n<p><strong>Influenceuse \u00e0 Reims<\/strong><\/p>\n<ul>\n<li>4\u202f359 abonn\u00e9s sur <strong>Instagram<\/strong> en 2022<\/li>\n<li>Vrai nom : <strong>Florine<\/strong><\/li>\n<li>Genre : <strong>femme<\/strong><\/li>\n<li>Pays : <strong>Reims<\/strong><\/li>\n<li>R\u00e9gion : <strong>Champagne-Ardenne (Grand-Est)<\/strong><\/li>\n<li>Bio Instagram : <em>\u00ab\u00a0Florine \u2022 Reims \ud83c\udf1e<br \/>Cr\u00e9ateur digital<br \/>Champenoise et p\u00e9tillante \ud83e\udd42<br \/>\u2741 Adresses R\u00e9moises &amp; cie<br \/>Ma vraie vie, spontan\u00e9e, sans filtre \u2728<br \/>Entrepreneure \u2022 @sunny.social.media \ud83e\ude84\u00a0\u00bb<\/em><\/li>\n<li>Extrait photos :<\/li>\n<\/ul>\n<p><img loading=\"lazy\" decoding=\"async\" src=\"https:\/\/mediaboss.fr\/wp-content\/uploads\/influenceur-Reims-Florine-\u2022-Reims-\ud83c\udf1e-unspoooken-\u2022-Photos-et-videos-Instagram.jpg\" width=\"1200\" height=\"880\" alt=\"influenceur-Reims-Florine-\u2022-Reims-\ud83c\udf1e-unspoooken-\u2022-Photos-et-vid\u00e9os-Instagram\" class=\"wp-image-3952 aligncenter size-full\" srcset=\"https:\/\/mediaboss.fr\/wp-content\/uploads\/influenceur-Reims-Florine-\u2022-Reims-\ud83c\udf1e-unspoooken-\u2022-Photos-et-videos-Instagram.jpg 1200w, https:\/\/mediaboss.fr\/wp-content\/uploads\/influenceur-Reims-Florine-\u2022-Reims-\ud83c\udf1e-unspoooken-\u2022-Photos-et-videos-Instagram-300x220.jpg 300w, https:\/\/mediaboss.fr\/wp-content\/uploads\/influenceur-Reims-Florine-\u2022-Reims-\ud83c\udf1e-unspoooken-\u2022-Photos-et-videos-Instagram-768x563.jpg 768w, https:\/\/mediaboss.fr\/wp-content\/uploads\/influenceur-Reims-Florine-\u2022-Reims-\ud83c\udf1e-unspoooken-\u2022-Photos-et-videos-Instagram-1080x792.jpg 1080w, https:\/\/mediaboss.fr\/wp-content\/uploads\/influenceur-Reims-Florine-\u2022-Reims-\ud83c\udf1e-unspoooken-\u2022-Photos-et-videos-Instagram-980x719.jpg 980w, https:\/\/mediaboss.fr\/wp-content\/uploads\/influenceur-Reims-Florine-\u2022-Reims-\ud83c\udf1e-unspoooken-\u2022-Photos-et-videos-Instagram-480x352.jpg 480w\" sizes=\"(max-width: 1200px) 100vw, 1200px\" \/><\/p>\n<p>&nbsp;<\/p>\n<h3>4. @livrames &#8211; 4\u202f844 abonn\u00e9s<\/h3>\n<p><strong>Influenceuse \u00e0 Reims<\/strong><\/p>\n<ul>\n<li>4\u202f844 abonn\u00e9s sur <strong>Instagram<\/strong> en 2022<\/li>\n<li>Vrai nom : <strong>nc<\/strong><\/li>\n<li>Genre : <strong>femme<\/strong><\/li>\n<li>Pays : <strong>Reims<\/strong><\/li>\n<li>R\u00e9gion : <strong>Champagne-Ardenne (Grand-Est)<\/strong><\/li>\n<li>Bio Instagram : <em>\u00ab\u00a0\ud835\udcf5\ud835\udcf2\ud835\udcff\ud835\udcfb\ud835\udcea\ud835\udcf6\ud835\udcee\ud835\udcfc<br \/>Art litteraire<br \/>\ud83d\udcda\ud83c\udfac\ud83d\udc90\ud83c\udfa8<br \/>#ceteteonlitquoi\u00a0\u00bb<\/em><\/li>\n<li>Extrait photos :<\/li>\n<\/ul>\n<p><img loading=\"lazy\" decoding=\"async\" src=\"https:\/\/mediaboss.fr\/wp-content\/uploads\/influenceur-Reims-\ud835\udcf5\ud835\udcf2\ud835\udcff\ud835\udcfb\ud835\udcea\ud835\udcf6\ud835\udcee\ud835\udcfc-livrames-\u2022-Photos-et-videos-Instagram.jpg\" width=\"1200\" height=\"880\" alt=\"influenceur-Reims-\ud835\udcf5\ud835\udcf2\ud835\udcff\ud835\udcfb\ud835\udcea\ud835\udcf6\ud835\udcee\ud835\udcfc-livrames-\u2022-Photos-et-vid\u00e9os-Instagram\" class=\"wp-image-3951 aligncenter size-full\" srcset=\"https:\/\/mediaboss.fr\/wp-content\/uploads\/influenceur-Reims-\ud835\udcf5\ud835\udcf2\ud835\udcff\ud835\udcfb\ud835\udcea\ud835\udcf6\ud835\udcee\ud835\udcfc-livrames-\u2022-Photos-et-videos-Instagram.jpg 1200w, https:\/\/mediaboss.fr\/wp-content\/uploads\/influenceur-Reims-\ud835\udcf5\ud835\udcf2\ud835\udcff\ud835\udcfb\ud835\udcea\ud835\udcf6\ud835\udcee\ud835\udcfc-livrames-\u2022-Photos-et-videos-Instagram-300x220.jpg 300w, https:\/\/mediaboss.fr\/wp-content\/uploads\/influenceur-Reims-\ud835\udcf5\ud835\udcf2\ud835\udcff\ud835\udcfb\ud835\udcea\ud835\udcf6\ud835\udcee\ud835\udcfc-livrames-\u2022-Photos-et-videos-Instagram-768x563.jpg 768w, https:\/\/mediaboss.fr\/wp-content\/uploads\/influenceur-Reims-\ud835\udcf5\ud835\udcf2\ud835\udcff\ud835\udcfb\ud835\udcea\ud835\udcf6\ud835\udcee\ud835\udcfc-livrames-\u2022-Photos-et-videos-Instagram-1080x792.jpg 1080w, https:\/\/mediaboss.fr\/wp-content\/uploads\/influenceur-Reims-\ud835\udcf5\ud835\udcf2\ud835\udcff\ud835\udcfb\ud835\udcea\ud835\udcf6\ud835\udcee\ud835\udcfc-livrames-\u2022-Photos-et-videos-Instagram-980x719.jpg 980w, https:\/\/mediaboss.fr\/wp-content\/uploads\/influenceur-Reims-\ud835\udcf5\ud835\udcf2\ud835\udcff\ud835\udcfb\ud835\udcea\ud835\udcf6\ud835\udcee\ud835\udcfc-livrames-\u2022-Photos-et-videos-Instagram-480x352.jpg 480w\" sizes=\"(max-width: 1200px) 100vw, 1200px\" \/><\/p>\n<p>&nbsp;<\/p>\n<h3>3. @chefgogoauxfourneaux &#8211; 4\u202f965 abonn\u00e9s<\/h3>\n<p><strong>Influenceuse \u00e0 Reims<\/strong><\/p>\n<ul>\n<li>4\u202f965 abonn\u00e9s sur <strong>Instagram<\/strong> en 2022<\/li>\n<li>Vrai nom : <strong>nc<\/strong><\/li>\n<li>Genre : <strong>femme<\/strong><\/li>\n<li>Pays : <strong>Reims<\/strong><\/li>\n<li>R\u00e9gion : <strong>Champagne-Ardenne (Grand-Est)<\/strong><\/li>\n<li>Bio Instagram : <em>\u00ab\u00a0Chef Gogo \ud83d\udc69\ud83c\udffc\u200d\ud83c\udf73 (\ud835\udce1\ud835\udcee\ud835\udcf2\ud835\udcf6\ud835\udcfc)<br \/>\ud83d\udcbb blogueuse culinaire<br \/>\ud83d\udc69\ud83c\udffc\u200d\ud83c\udf73 partenaire des ateliers @zodio_home (chez @zodioreims)<br \/>\ud83d\udcd6 retrouvez mon livre de recettes sur ma boutique \u21a9\ufe0f\u00a0\u00bb<\/em><\/li>\n<li>Extrait photos :<\/li>\n<\/ul>\n<p><img loading=\"lazy\" decoding=\"async\" src=\"https:\/\/mediaboss.fr\/wp-content\/uploads\/influenceur-Reims-Chef-Gogo-\ud83d\udc69\ud83c\udffc_\ud83c\udf73-\ud835\udce1\ud835\udcee\ud835\udcf2\ud835\udcf6\ud835\udcfc-chefgogoauxfourneaux-\u2022-Photos-et-videos-Instagram.jpg\" width=\"1200\" height=\"880\" alt=\"influenceur-Reims-Chef-Gogo-\ud83d\udc69\ud83c\udffc_\ud83c\udf73-\ud835\udce1\ud835\udcee\ud835\udcf2\ud835\udcf6\ud835\udcfc-chefgogoauxfourneaux-\u2022-Photos-et-vid\u00e9os-Instagram\" class=\"wp-image-3950 aligncenter size-full\" srcset=\"https:\/\/mediaboss.fr\/wp-content\/uploads\/influenceur-Reims-Chef-Gogo-\ud83d\udc69\ud83c\udffc_\ud83c\udf73-\ud835\udce1\ud835\udcee\ud835\udcf2\ud835\udcf6\ud835\udcfc-chefgogoauxfourneaux-\u2022-Photos-et-videos-Instagram.jpg 1200w, https:\/\/mediaboss.fr\/wp-content\/uploads\/influenceur-Reims-Chef-Gogo-\ud83d\udc69\ud83c\udffc_\ud83c\udf73-\ud835\udce1\ud835\udcee\ud835\udcf2\ud835\udcf6\ud835\udcfc-chefgogoauxfourneaux-\u2022-Photos-et-videos-Instagram-300x220.jpg 300w, https:\/\/mediaboss.fr\/wp-content\/uploads\/influenceur-Reims-Chef-Gogo-\ud83d\udc69\ud83c\udffc_\ud83c\udf73-\ud835\udce1\ud835\udcee\ud835\udcf2\ud835\udcf6\ud835\udcfc-chefgogoauxfourneaux-\u2022-Photos-et-videos-Instagram-768x563.jpg 768w, https:\/\/mediaboss.fr\/wp-content\/uploads\/influenceur-Reims-Chef-Gogo-\ud83d\udc69\ud83c\udffc_\ud83c\udf73-\ud835\udce1\ud835\udcee\ud835\udcf2\ud835\udcf6\ud835\udcfc-chefgogoauxfourneaux-\u2022-Photos-et-videos-Instagram-1080x792.jpg 1080w, https:\/\/mediaboss.fr\/wp-content\/uploads\/influenceur-Reims-Chef-Gogo-\ud83d\udc69\ud83c\udffc_\ud83c\udf73-\ud835\udce1\ud835\udcee\ud835\udcf2\ud835\udcf6\ud835\udcfc-chefgogoauxfourneaux-\u2022-Photos-et-videos-Instagram-980x719.jpg 980w, https:\/\/mediaboss.fr\/wp-content\/uploads\/influenceur-Reims-Chef-Gogo-\ud83d\udc69\ud83c\udffc_\ud83c\udf73-\ud835\udce1\ud835\udcee\ud835\udcf2\ud835\udcf6\ud835\udcfc-chefgogoauxfourneaux-\u2022-Photos-et-videos-Instagram-480x352.jpg 480w\" sizes=\"(max-width: 1200px) 100vw, 1200px\" \/><\/p>\n<p>&nbsp;<\/p>\n<h3>2. @lesbonsplansduneremoise &#8211; 6\u202f148 abonn\u00e9s<\/h3>\n<p><strong>Influenceuse \u00e0 Reims<\/strong><\/p>\n<ul>\n<li>6\u202f148 abonn\u00e9s sur <strong>Instagram<\/strong> en 2022<\/li>\n<li>Vrai nom : <strong>nc<\/strong><\/li>\n<li>Genre : <strong>femme<\/strong><\/li>\n<li>Pays : <strong>Reims<\/strong><\/li>\n<li>R\u00e9gion : <strong>Champagne-Ardenne (Grand-Est)<\/strong><\/li>\n<li>Bio Instagram : <em>\u00ab\u00a0Lesbonsplansduneremoise<br \/>\ud83e\udd42 R\u00e9moise<br \/>\ud83d\udccdBonnes adresses (restaurants, bars, boutiques, cr\u00e9ateurs..)<br \/>\ud83c\udf89 Cr\u00e9ation d\u2019\u00e9v\u00e8nements \u00e0 Reims<br \/>\ud83d\udce9 Article, collab<br \/>#lesbonsplansduneremoise\u00a0\u00bb<\/em><\/li>\n<li>Extrait photos :<\/li>\n<\/ul>\n<p><img loading=\"lazy\" decoding=\"async\" src=\"https:\/\/mediaboss.fr\/wp-content\/uploads\/influenceur-Reims-Lesbonsplansduneremoise-lesbonsplansduneremoise-\u2022-Photos-et-videos-Instagram.jpg\" width=\"1200\" height=\"880\" alt=\"influenceur-Reims-Lesbonsplansduneremoise-lesbonsplansduneremoise-\u2022-Photos-et-vid\u00e9os-Instagram\" class=\"wp-image-3949 aligncenter size-full\" srcset=\"https:\/\/mediaboss.fr\/wp-content\/uploads\/influenceur-Reims-Lesbonsplansduneremoise-lesbonsplansduneremoise-\u2022-Photos-et-videos-Instagram.jpg 1200w, https:\/\/mediaboss.fr\/wp-content\/uploads\/influenceur-Reims-Lesbonsplansduneremoise-lesbonsplansduneremoise-\u2022-Photos-et-videos-Instagram-300x220.jpg 300w, https:\/\/mediaboss.fr\/wp-content\/uploads\/influenceur-Reims-Lesbonsplansduneremoise-lesbonsplansduneremoise-\u2022-Photos-et-videos-Instagram-768x563.jpg 768w, https:\/\/mediaboss.fr\/wp-content\/uploads\/influenceur-Reims-Lesbonsplansduneremoise-lesbonsplansduneremoise-\u2022-Photos-et-videos-Instagram-1080x792.jpg 1080w, https:\/\/mediaboss.fr\/wp-content\/uploads\/influenceur-Reims-Lesbonsplansduneremoise-lesbonsplansduneremoise-\u2022-Photos-et-videos-Instagram-980x719.jpg 980w, https:\/\/mediaboss.fr\/wp-content\/uploads\/influenceur-Reims-Lesbonsplansduneremoise-lesbonsplansduneremoise-\u2022-Photos-et-videos-Instagram-480x352.jpg 480w\" sizes=\"(max-width: 1200px) 100vw, 1200px\" \/><\/p>\n<p>&nbsp;<\/p>\n<h3>1. @manguepoudree &#8211; 8\u202f859 abonn\u00e9s<\/h3>\n<p><strong>Influenceuse \u00e0 Reims<\/strong><\/p>\n<ul>\n<li>8\u202f859 abonn\u00e9s sur <strong>Instagram<\/strong> en 2022<\/li>\n<li>Vrai nom : <strong>Joy Denin<\/strong><\/li>\n<li>Genre : <strong>femme<\/strong><\/li>\n<li>Pays : <strong>Reims<\/strong><\/li>\n<li>R\u00e9gion : <strong>Champagne-Ardenne (Grand-Est)<\/strong><\/li>\n<li>Bio Instagram : <em>\u00ab\u00a0Joy Donin \u2022 Cre\u0301atrice de contenu \u2022 Reims \ud83e\udd42<br \/>\ud83e\udde5 French style &amp; slow fashion<br \/>\ud83c\udf9e Mes looks en reels #1piece5looks<br \/>\u2728 Bijoux faits main @Bastignes<br \/>\ud83d\udc8c hello@mangue-poudree.fr\u00a0\u00bb<\/em><\/li>\n<li>Extrait photos :<\/li>\n<\/ul>\n<p><img loading=\"lazy\" decoding=\"async\" src=\"https:\/\/mediaboss.fr\/wp-content\/uploads\/influenceur-Reims-Joy-Donin-\u2022-Cre\u0301atrice-de-contenu-\u2022-Reims-\ud83e\udd42-manguepoudree-\u2022-Photos-et-videos-Instagram.jpg\" width=\"1200\" height=\"880\" alt=\"influenceur-Reims-Joy-Donin-\u2022-Cre\u0301atrice-de-contenu-\u2022-Reims-\ud83e\udd42-manguepoudree-\u2022-Photos-et-vid\u00e9os-Instagram\" class=\"wp-image-3948 aligncenter size-full\" srcset=\"https:\/\/mediaboss.fr\/wp-content\/uploads\/influenceur-Reims-Joy-Donin-\u2022-Cre\u0301atrice-de-contenu-\u2022-Reims-\ud83e\udd42-manguepoudree-\u2022-Photos-et-videos-Instagram.jpg 1200w, https:\/\/mediaboss.fr\/wp-content\/uploads\/influenceur-Reims-Joy-Donin-\u2022-Cre\u0301atrice-de-contenu-\u2022-Reims-\ud83e\udd42-manguepoudree-\u2022-Photos-et-videos-Instagram-300x220.jpg 300w, https:\/\/mediaboss.fr\/wp-content\/uploads\/influenceur-Reims-Joy-Donin-\u2022-Cre\u0301atrice-de-contenu-\u2022-Reims-\ud83e\udd42-manguepoudree-\u2022-Photos-et-videos-Instagram-768x563.jpg 768w, https:\/\/mediaboss.fr\/wp-content\/uploads\/influenceur-Reims-Joy-Donin-\u2022-Cre\u0301atrice-de-contenu-\u2022-Reims-\ud83e\udd42-manguepoudree-\u2022-Photos-et-videos-Instagram-1080x792.jpg 1080w, https:\/\/mediaboss.fr\/wp-content\/uploads\/influenceur-Reims-Joy-Donin-\u2022-Cre\u0301atrice-de-contenu-\u2022-Reims-\ud83e\udd42-manguepoudree-\u2022-Photos-et-videos-Instagram-980x719.jpg 980w, https:\/\/mediaboss.fr\/wp-content\/uploads\/influenceur-Reims-Joy-Donin-\u2022-Cre\u0301atrice-de-contenu-\u2022-Reims-\ud83e\udd42-manguepoudree-\u2022-Photos-et-videos-Instagram-480x352.jpg 480w\" sizes=\"(max-width: 1200px) 100vw, 1200px\" \/><\/p>\n<p>&nbsp;<\/p>\n<h2>Conclusion<\/h2>\n<p>Et voil\u00e0 ! Vous avez un bel aper\u00e7u des <strong>13 influenceurs \/ influenceuses les plus populaires \u00e0 Reims <\/strong>en 2022.<\/p>\n<p>N&rsquo;h\u00e9sitez pas \u00e0 nous <a href=\"\/contact\/\" title=\"contact\">contacter<\/a> pour modifier ou compl\u00e9ter ce <strong>top influenceurs r\u00e9mois et r\u00e9moises.<\/strong><\/p>\n<p>Ou si vous souhaitez collaborer avec Mediaboss : publicit\u00e9, liens, partenariat&#8230;<\/p>\n<p>Tout est possible, nous sommes \u00e0 votre disposition ! \ud83d\ude42<\/p>\n<p>[\/et_pb_text][et_pb_text _builder_version=\u00a0\u00bb4.17.4&Prime; _module_preset=\u00a0\u00bbdefault\u00a0\u00bb link_line_height=\u00a0\u00bb1.7em\u00a0\u00bb ul_line_height=\u00a0\u00bb1.7em\u00a0\u00bb ol_line_height=\u00a0\u00bb1.7em\u00a0\u00bb quote_line_height=\u00a0\u00bb1.7em\u00a0\u00bb hover_enabled=\u00a0\u00bb0&Prime; global_module=\u00a0\u00bb2819&Prime; saved_tabs=\u00a0\u00bball\u00a0\u00bb global_colors_info=\u00a0\u00bb{}\u00a0\u00bb sticky_enabled=\u00a0\u00bb0&Prime;]<\/p>\n<p>*<\/p>\n<p>Vous allez \u00eatre int\u00e9ress\u00e9 par notre classement des :<\/p>\n<h3>Top influenceurs et influenceuses\u00a0 par <strong>Pays<\/strong><\/h3>\n<ul>\n<li><a href=\"https:\/\/mediaboss.fr\/classement-influenceurs-france\/\" title=\"classement influenceurs France\">Top 16 influenceurs &amp; influenceuses en <strong>France<\/strong><\/a><\/li>\n<li><a href=\"https:\/\/mediaboss.fr\/influenceur-suisse\/\" title=\"influenceur suisse\">Top 14 influenceurs &amp; influenceuses en <strong>Suisse<\/strong><\/a><\/li>\n<li><a href=\"https:\/\/mediaboss.fr\/influenceur-espagne\/\" title=\"influenceur espagne\">Top 19 influenceurs &amp; influenceuses en <strong>Espagne<\/strong><\/a><\/li>\n<li><a href=\"https:\/\/mediaboss.fr\/influenceur-maroc\/\" title=\"influenceur maroc\">Top 19 influenceurs &amp; influenceuses au <strong>Maroc<\/strong><\/a><a href=\"https:\/\/mediaboss.fr\/influenceur-espagne\/\" title=\"influenceur espagne\"><strong><\/strong><\/a><\/li>\n<\/ul>\n<h3>Top influenceurs et influenceuses\u00a0 par <strong>Ville (France)<\/strong><\/h3>\n<ul>\n<li><a href=\"https:\/\/mediaboss.fr\/influenceur-reims\/\" title=\"influenceur Reims\">Top 13 influenceurs &amp; influenceuses \u00e0 Reims<\/a><\/li>\n<li><a href=\"https:\/\/mediaboss.fr\/influenceur-brest\/\" title=\"influenceur brest\">Top 15 influenceurs &amp; influenceuses \u00e0 <strong>Brest<\/strong><\/a><\/li>\n<li><a href=\"https:\/\/mediaboss.fr\/influenceur-toulouse\/\" title=\"influenceur toulouse\" style=\"font-size: 18px;\">Top 17 influenceurs &amp; influenceuses \u00e0 <strong>Toulouse<\/strong><\/a><\/li>\n<li><a href=\"https:\/\/mediaboss.fr\/influenceur-strasbourg\/\" title=\"influenceur strasbourg\">Top 16 influenceurs &amp; influenceuses \u00e0 <strong>Strasbourg<\/strong><\/a><\/li>\n<li><a href=\"https:\/\/mediaboss.fr\/influenceur-marseille\/\" title=\"influenceur marseille\">Top 16 influenceurs &amp; influenceuses \u00e0 <strong>Marseille<\/strong><\/a><\/li>\n<li><a href=\"https:\/\/mediaboss.fr\/influenceur-bordeaux\/\" title=\"influenceur bordeaux\">Top 29 influenceurs &amp; influenceuses \u00e0 <strong>Bordeaux<\/strong><\/a><\/li>\n<li><a href=\"https:\/\/mediaboss.fr\/influenceur-aix-en-provence\/\" title=\"influenceur aix en provence\">Top 16 influenceurs &amp; influenceuses \u00e0 <strong>Aix-en-Provence<\/strong><\/a><\/li>\n<li><a href=\"https:\/\/mediaboss.fr\/influenceur-dijon\/\" title=\"influenceur dijon\">Top 16 influenceurs &amp; influenceuses \u00e0 <strong>Dijon<\/strong><\/a><\/li>\n<li><a href=\"https:\/\/mediaboss.fr\/influenceur-nantes\/\" title=\"influenceur Nantes\">Top 14 influenceurs &amp; influenceuses \u00e0 <strong>Nantes<\/strong><\/a><\/li>\n<li><a href=\"https:\/\/mediaboss.fr\/influenceur-nice\/\" title=\"influenceur Nice (PACA)\">Top 17 influenceurs &amp; influenceuses \u00e0 <strong>Nice<\/strong><\/a><\/li>\n<li><a href=\"https:\/\/mediaboss.fr\/influenceur-montpellier\/\" title=\"influenceur Montpellier\">Top 14 influenceurs &amp; influenceuses \u00e0 <strong>Montpellier<\/strong><\/a><\/li>\n<li><a href=\"https:\/\/mediaboss.fr\/influenceur-lille\/\" title=\"influenceur Lille\">Top 16 influenceurs &amp; influenceuses \u00e0 <strong>Lille<\/strong><\/a><strong><\/strong><\/li>\n<li><a href=\"https:\/\/mediaboss.fr\/influenceur-lyon\/\" title=\"influenceur lyon\">Top 19 influenceurs &amp; influenceuses \u00e0 <strong>Lyon<\/strong><\/a><\/li>\n<li><a href=\"https:\/\/mediaboss.fr\/influenceur-martinique\/\" title=\"influenceur martinique\">Top 13 influenceurs &amp; influenceuses en <strong>Martinique<\/strong><\/a><\/li>\n<li><a href=\"https:\/\/mediaboss.fr\/influenceur-guadeloupe\/\" title=\"influenceur guadeloupe\">Top 12 influenceurs &amp; influenceuses en <strong>Guadeloupe<\/strong><\/a><\/li>\n<\/ul>\n<h3>Top influenceurs et influenceuses\u00a0 par <strong>Th\u00e8me<\/strong><\/h3>\n<ul>\n<li><a href=\"https:\/\/mediaboss.fr\/artiste-influenceur\/\" title=\"artiste influenceur\" style=\"font-size: 18px;\">Top 19 Artistes Influenceurs<\/a><\/li>\n<li><a href=\"https:\/\/mediaboss.fr\/musee-instagram\/\" title=\"mus\u00e9e Instagram\">Top 16 \u00ab\u00a0Mus\u00e9es Instagram\u00a0\u00bb<\/a><\/li>\n<\/ul>\n<p>*<br \/><strong><\/strong><\/p>\n<p>[\/et_pb_text][\/et_pb_column][et_pb_column type=\u00a0\u00bb1_3&Prime; _builder_version=\u00a0\u00bb4.16&Prime; custom_padding=\u00a0\u00bb|||\u00a0\u00bb global_colors_info=\u00a0\u00bb{}\u00a0\u00bb custom_padding__hover=\u00a0\u00bb|||\u00a0\u00bb][et_pb_sidebar _builder_version=\u00a0\u00bb4.17.4&Prime; _module_preset=\u00a0\u00bbdefault\u00a0\u00bb global_colors_info=\u00a0\u00bb{}\u00a0\u00bb][\/et_pb_sidebar][\/et_pb_column][\/et_pb_row][et_pb_row column_structure=\u00a0\u00bb2_3,1_3&Prime; _builder_version=\u00a0\u00bb4.16&Prime; _module_preset=\u00a0\u00bbdefault\u00a0\u00bb saved_tabs=\u00a0\u00bball\u00a0\u00bb global_colors_info=\u00a0\u00bb{}\u00a0\u00bb][et_pb_column type=\u00a0\u00bb2_3&Prime; _builder_version=\u00a0\u00bb4.16&Prime; _module_preset=\u00a0\u00bbdefault\u00a0\u00bb global_colors_info=\u00a0\u00bb{}\u00a0\u00bb][et_pb_text _builder_version=\u00a0\u00bb4.16&Prime; _module_preset=\u00a0\u00bbdefault\u00a0\u00bb global_colors_info=\u00a0\u00bb{}\u00a0\u00bb]<\/p>\n<h4>Vous aimerez aussi :<\/h4>\n<p>[\/et_pb_text][et_pb_blog fullwidth=\u00a0\u00bboff\u00a0\u00bb posts_number=\u00a0\u00bb4&Prime; include_categories=\u00a0\u00bb24&Prime; use_manual_excerpt=\u00a0\u00bboff\u00a0\u00bb excerpt_length=\u00a0\u00bb0&Prime; show_author=\u00a0\u00bboff\u00a0\u00bb show_date=\u00a0\u00bboff\u00a0\u00bb show_excerpt=\u00a0\u00bboff\u00a0\u00bb show_pagination=\u00a0\u00bboff\u00a0\u00bb _builder_version=\u00a0\u00bb4.17.4&Prime; _module_preset=\u00a0\u00bbdefault\u00a0\u00bb header_level=\u00a0\u00bbh5&Prime; body_font_size=\u00a0\u00bb16px\u00a0\u00bb meta_font_size=\u00a0\u00bb16px\u00a0\u00bb read_more_font_size=\u00a0\u00bb16px\u00a0\u00bb global_module=\u00a0\u00bb2704&Prime; saved_tabs=\u00a0\u00bball\u00a0\u00bb global_colors_info=\u00a0\u00bb{}\u00a0\u00bb meta_font_size__hover_enabled=\u00a0\u00bboff|desktop\u00a0\u00bb][\/et_pb_blog][et_pb_team_member image_url=\u00a0\u00bbhttps:\/\/mediaboss.fr\/wp-content\/uploads\/alice-seguin-230x230px-150&#215;150.jpg\u00a0\u00bb facebook_url=\u00a0\u00bbhttps:\/\/www.facebook.com\/mediaboss.fr\u00a0\u00bb twitter_url=\u00a0\u00bbhttps:\/\/twitter.com\/Alice98327791&Prime; linkedin_url=\u00a0\u00bbwww.linkedin.com\/in\/alice-seguin\u00a0\u00bb image_url_last_edited=\u00a0\u00bboff|phone\u00a0\u00bb _builder_version=\u00a0\u00bb4.17.4&Prime; _module_preset=\u00a0\u00bbdefault\u00a0\u00bb child_filter_saturate=\u00a0\u00bb0%\u00a0\u00bb border_radii_image=\u00a0\u00bbon|0%|0%|0%|0%\u00a0\u00bb global_module=\u00a0\u00bb91&Prime; saved_tabs=\u00a0\u00bball\u00a0\u00bb global_colors_info=\u00a0\u00bb{}\u00a0\u00bb]<\/p>\n<p><strong>Alice SEGUIN<\/strong><\/p>\n<p>Alice est la fondatrice de <a title=\"Mediaboss\" href=\"\/\">Mediaboss<\/a>.<\/p>\n<p>Passionn\u00e9e par les <a title=\"r\u00e9seaux sociaux\" href=\"\/reseaux-sociaux\/\">r\u00e9seaux sociaux<\/a>, elle accompagne de nombreuses entreprises dans leur strat\u00e9gie social media, messageries instantan\u00e9es, investissement, cryptomonnaies\u2026<\/p>\n<p>Retrouvez-moi sur mes r\u00e9seaux sociaux et le compte <a href=\"https:\/\/mediaboss.substack.com\/\" target=\"_blank\" rel=\"noopener\" title=\"Substack de Mediaboss\">Substack de Mediaboss<\/a> :<\/p>\n<p>[\/et_pb_team_member][\/et_pb_column][et_pb_column type=\u00a0\u00bb1_3&Prime; _builder_version=\u00a0\u00bb4.16&Prime; _module_preset=\u00a0\u00bbdefault\u00a0\u00bb global_colors_info=\u00a0\u00bb{}\u00a0\u00bb][\/et_pb_column][\/et_pb_row][\/et_pb_section]<\/p>\n\n\n<div class=\"kk-star-ratings kksr-auto kksr-align-right kksr-valign-bottom\"\n    data-payload='{&quot;align&quot;:&quot;right&quot;,&quot;id&quot;:&quot;3937&quot;,&quot;slug&quot;:&quot;default&quot;,&quot;valign&quot;:&quot;bottom&quot;,&quot;ignore&quot;:&quot;&quot;,&quot;reference&quot;:&quot;auto&quot;,&quot;class&quot;:&quot;&quot;,&quot;count&quot;:&quot;6&quot;,&quot;legendonly&quot;:&quot;&quot;,&quot;readonly&quot;:&quot;&quot;,&quot;score&quot;:&quot;5&quot;,&quot;starsonly&quot;:&quot;&quot;,&quot;best&quot;:&quot;5&quot;,&quot;gap&quot;:&quot;5&quot;,&quot;greet&quot;:&quot;Note :&quot;,&quot;legend&quot;:&quot;5\\\/5 - (6 votes)&quot;,&quot;size&quot;:&quot;24&quot;,&quot;title&quot;:&quot;Influenceur Reims: Notre Top 13 En 2023 (Class\u00e9s)&quot;,&quot;width&quot;:&quot;142.5&quot;,&quot;_legend&quot;:&quot;{score}\\\/{best} - ({count} {votes})&quot;,&quot;font_factor&quot;:&quot;1.25&quot;}'>\n            \n<div class=\"kksr-stars\">\n    \n<div class=\"kksr-stars-inactive\">\n            <div class=\"kksr-star\" data-star=\"1\" style=\"padding-right: 5px\">\n            \n\n<div class=\"kksr-icon\" style=\"width: 24px; height: 24px;\"><\/div>\n        <\/div>\n            <div class=\"kksr-star\" data-star=\"2\" style=\"padding-right: 5px\">\n            \n\n<div class=\"kksr-icon\" style=\"width: 24px; height: 24px;\"><\/div>\n        <\/div>\n            <div class=\"kksr-star\" data-star=\"3\" style=\"padding-right: 5px\">\n            \n\n<div class=\"kksr-icon\" style=\"width: 24px; height: 24px;\"><\/div>\n        <\/div>\n            <div class=\"kksr-star\" data-star=\"4\" style=\"padding-right: 5px\">\n            \n\n<div class=\"kksr-icon\" style=\"width: 24px; height: 24px;\"><\/div>\n        <\/div>\n            <div class=\"kksr-star\" data-star=\"5\" style=\"padding-right: 5px\">\n            \n\n<div class=\"kksr-icon\" style=\"width: 24px; height: 24px;\"><\/div>\n        <\/div>\n    <\/div>\n    \n<div class=\"kksr-stars-active\" style=\"width: 142.5px;\">\n            <div class=\"kksr-star\" style=\"padding-right: 5px\">\n            \n\n<div class=\"kksr-icon\" style=\"width: 24px; height: 24px;\"><\/div>\n        <\/div>\n            <div class=\"kksr-star\" style=\"padding-right: 5px\">\n            \n\n<div class=\"kksr-icon\" style=\"width: 24px; height: 24px;\"><\/div>\n        <\/div>\n            <div class=\"kksr-star\" style=\"padding-right: 5px\">\n            \n\n<div class=\"kksr-icon\" style=\"width: 24px; height: 24px;\"><\/div>\n        <\/div>\n            <div class=\"kksr-star\" style=\"padding-right: 5px\">\n            \n\n<div class=\"kksr-icon\" style=\"width: 24px; height: 24px;\"><\/div>\n        <\/div>\n            <div class=\"kksr-star\" style=\"padding-right: 5px\">\n            \n\n<div class=\"kksr-icon\" style=\"width: 24px; height: 24px;\"><\/div>\n        <\/div>\n    <\/div>\n<\/div>\n                \n\n<div class=\"kksr-legend\" style=\"font-size: 19.2px;\">\n            5\/5 - (6 votes)    <\/div>\n    <\/div>\n<div style=\"margin-top: 0px; margin-bottom: 0px;\" class=\"sharethis-inline-share-buttons\" ><\/div>","protected":false},"excerpt":{"rendered":"<p>Vous cherchez les top influenceurs et influenceuses \u00e0 Reims en 2022? D\u00e9couvrez notre classement des 13 des influenceurs (et influenceuses) les plus populaires \u00e0 Reims. Nous nous basons sur le nombre d&rsquo;abonn\u00e9s sur tous les plus gros r\u00e9seaux sociaux : Instagram, Facebook, TikTok, Youtube, Snapchat, Twitch, Twitter&#8230; Article mis \u00e0 jour en Juillet 2022. Lire [&hellip;]<\/p>\n","protected":false},"author":2,"featured_media":3940,"comment_status":"closed","ping_status":"open","sticky":false,"template":"","format":"standard","meta":{"_seopress_robots_primary_cat":"none","_seopress_titles_title":"Influenceur Reims: Notre Top 13 En %%currentyear%% (Class\u00e9s)","_seopress_titles_desc":"D\u00e9couvrez notre classement %%currentyear%% des 13 influenceurs et influenceuses les plus populaires de Reims et r\u00e9gion Champagne-Ardenne (Grand Est). Class\u00e9s par nombre d&#039;abonn\u00e9s sur Instagram, TikTok, YouTube, Facebook, Snapchat...","_seopress_robots_index":"","_et_pb_use_builder":"on","_et_pb_old_content":"","_et_gb_content_width":"1280","footnotes":""},"categories":[24],"tags":[],"class_list":["post-3937","post","type-post","status-publish","format-standard","has-post-thumbnail","hentry","category-influence"],"_links":{"self":[{"href":"https:\/\/mediaboss.fr\/ja\/wp-json\/wp\/v2\/posts\/3937","targetHints":{"allow":["GET"]}}],"collection":[{"href":"https:\/\/mediaboss.fr\/ja\/wp-json\/wp\/v2\/posts"}],"about":[{"href":"https:\/\/mediaboss.fr\/ja\/wp-json\/wp\/v2\/types\/post"}],"author":[{"embeddable":true,"href":"https:\/\/mediaboss.fr\/ja\/wp-json\/wp\/v2\/users\/2"}],"replies":[{"embeddable":true,"href":"https:\/\/mediaboss.fr\/ja\/wp-json\/wp\/v2\/comments?post=3937"}],"version-history":[{"count":1,"href":"https:\/\/mediaboss.fr\/ja\/wp-json\/wp\/v2\/posts\/3937\/revisions"}],"predecessor-version":[{"id":14552,"href":"https:\/\/mediaboss.fr\/ja\/wp-json\/wp\/v2\/posts\/3937\/revisions\/14552"}],"wp:featuredmedia":[{"embeddable":true,"href":"https:\/\/mediaboss.fr\/ja\/wp-json\/wp\/v2\/media\/3940"}],"wp:attachment":[{"href":"https:\/\/mediaboss.fr\/ja\/wp-json\/wp\/v2\/media?parent=3937"}],"wp:term":[{"taxonomy":"category","embeddable":true,"href":"https:\/\/mediaboss.fr\/ja\/wp-json\/wp\/v2\/categories?post=3937"},{"taxonomy":"post_tag","embeddable":true,"href":"https:\/\/mediaboss.fr\/ja\/wp-json\/wp\/v2\/tags?post=3937"}],"curies":[{"name":"wp","href":"https:\/\/api.w.org\/{rel}","templated":true}]}}