{"id":3972,"date":"2022-07-13T17:26:39","date_gmt":"2022-07-13T15:26:39","guid":{"rendered":"https:\/\/mediaboss.fr\/?p=3972"},"modified":"2023-03-11T15:08:23","modified_gmt":"2023-03-11T13:08:23","slug":"influenceur-annecy","status":"publish","type":"post","link":"https:\/\/mediaboss.fr\/ja\/%e3%82%a4%e3%83%b3%e3%83%95%e3%83%ab%e3%82%a8%e3%83%b3%e3%82%b5%e3%83%bc\/","title":{"rendered":"\u30a4\u30f3\u30d5\u30eb\u30a8\u30f3\u30b5\u30fc\u30fb\u30a2\u30cc\u30b7\u30fc\uff1a2023\u5e74\u306e\u30c8\u30c3\u30d710\uff08\u30e9\u30f3\u30ad\u30f3\u30b0\uff09\u00a0"},"content":{"rendered":"<div style=\"margin-top: 0px; margin-bottom: 0px;\" class=\"sharethis-inline-share-buttons\" ><\/div><p>[et_pb_section fb_built=\u00a0\u00bb1&Prime; _builder_version=\u00a0\u00bb4.16&Prime; global_colors_info=\u00a0\u00bb{}\u00a0\u00bb][et_pb_row column_structure=\u00a0\u00bb2_3,1_3&Prime; _builder_version=\u00a0\u00bb4.16&Prime; background_size=\u00a0\u00bbinitial\u00a0\u00bb background_position=\u00a0\u00bbtop_left\u00a0\u00bb background_repeat=\u00a0\u00bbrepeat\u00a0\u00bb global_colors_info=\u00a0\u00bb{}\u00a0\u00bb][et_pb_column type=\u00a0\u00bb2_3&Prime; _builder_version=\u00a0\u00bb4.16&Prime; custom_padding=\u00a0\u00bb|||\u00a0\u00bb global_colors_info=\u00a0\u00bb{}\u00a0\u00bb custom_padding__hover=\u00a0\u00bb|||\u00a0\u00bb][et_pb_post_title date=\u00a0\u00bboff\u00a0\u00bb comments=\u00a0\u00bboff\u00a0\u00bb _builder_version=\u00a0\u00bb4.17.4&Prime; _module_preset=\u00a0\u00bbdefault\u00a0\u00bb global_colors_info=\u00a0\u00bb{}\u00a0\u00bb][\/et_pb_post_title][et_pb_text _builder_version=\u00a0\u00bb4.17.4&Prime; _module_preset=\u00a0\u00bbdefault\u00a0\u00bb link_line_height=\u00a0\u00bb1.7em\u00a0\u00bb ul_line_height=\u00a0\u00bb1.7em\u00a0\u00bb ol_line_height=\u00a0\u00bb1.7em\u00a0\u00bb quote_line_height=\u00a0\u00bb1.7em\u00a0\u00bb global_colors_info=\u00a0\u00bb{}\u00a0\u00bb]<\/p>\n<p>Vous cherchez les top <strong>influenceurs et influenceuses \u00e0 Annecy <\/strong>en 2022?<\/p>\n<p>D\u00e9couvrez notre classement des <strong>10 des influenceurs (et influenceuses) les plus populaires \u00e0 Annecy<\/strong>.<\/p>\n<p>Nous nous basons sur le nombre d&rsquo;abonn\u00e9s sur tous les plus gros r\u00e9seaux sociaux :<\/p>\n<p>Instagram, Facebook, TikTok, Youtube, Snapchat, Twitch, Twitter&#8230;<\/p>\n<p style=\"text-align: right;\"><em>Article mis \u00e0 jour en <strong>Juillet 2022<\/strong>.<\/em><\/p>\n<blockquote>\n<p style=\"text-align: center;\">Lire aussi : <a href=\"https:\/\/mediaboss.fr\/classement-influenceurs-france\/\" title=\"classement influenceurs france\">Classement Des 16 Influenceurs Les Plus Suivis En France<\/a><em><\/em><\/p>\n<\/blockquote>\n<p style=\"text-align: right;\"><em><\/em><\/p>\n<h2>Influenceur \u00e0 Annecy: nano-influenceur, micro-influenceur, macro-influenceur&#8230;<\/h2>\n<p>\u00catre influenceur \/ influenceuse \u00e0 <strong>Annecy<\/strong> en 2022, c&rsquo;est \u00eatre un leader d&rsquo;opinion local sur <strong>Annecy<\/strong> et en r\u00e9gion <strong>Auvergne-Rh\u00f4ne-Alpes (Haute-Savoie)<\/strong> : <strong>Thonon-les-Bains, Annemasse, Annecy-le Vieux, Evian, Cluses, Pacy&#8230;<\/strong><\/p>\n<p>C&rsquo;est influencer les comportements des consommateurs <strong>Annecy<\/strong> via les r\u00e9seaux sociaux : Instagram, TikTok, Facebook, YouTube&#8230;<\/p>\n<ul>\n<li><strong>Nano influenceur<\/strong> : un nano influenceur (\u00e0 <strong>Annecy<\/strong> et ailleurs) a une communaut\u00e9 de <strong>moins de 5 000 abonn\u00e9s<\/strong> sur les r\u00e9seaux sociaux<\/li>\n<li><strong>Micro influenceur<\/strong> : un micro influenceur a <strong>entre 5 000 et 100 000 abonn\u00e9s<\/strong> sur les r\u00e9seaux sociaux<\/li>\n<li><strong>Macro influenceur<\/strong> : un macro-influenceur a <strong>entre 100 000 et 1 million d&rsquo;abonn\u00e9s<\/strong> sur les r\u00e9seaux sociaux<\/li>\n<li>C\u00e9l\u00e9brit\u00e9 : une c\u00e9l\u00e9brit\u00e9 a <strong>plus de 1M d&rsquo;abonn\u00e9s<\/strong> sur les r\u00e9seaux sociaux<\/li>\n<\/ul>\n<p>D\u00e9couvrons maintenant notre <strong>top 10 influenceurs \u00e0 Annecy <\/strong>(2022) :<\/p>\n<p>&nbsp;<\/p>\n<h2>Top 10 des influenceurs (influenceuses) \u00e0 Annecy en 2022<\/h2>\n<p>D\u00e9couvrez maintenant notre classement des <strong>10 influenceurs et influenceuses les plus populaires \u00e0 Annecy <\/strong>en 2022.<\/p>\n<p>Les influenceurs <strong>Ann\u00e9ciens (Ann\u00e9ciennes)<\/strong> sont class\u00e9s par nombre d&rsquo;abonn\u00e9s total sur tous les principaux r\u00e9seaux sociaux : Instagram, TikTok, Facebook, YouTube, Twitter, Twitch, Snapchat&#8230;<\/p>\n<p>Voici notre<strong> top 10 <\/strong>par ordre d\u00e9croissant de popularit\u00e9, du <strong>plus petit au plus grand nombre d&rsquo;abonn\u00e9s<\/strong> sur tous les r\u00e9seaux sociaux :<\/p>\n<p style=\"text-align: right;\"><em>Donn\u00e9es mises \u00e0 jour en <strong>Juillet 2022<\/strong><\/em><\/p>\n<p>&nbsp;<\/p>\n<h3>10. @annecybyfood &#8211; 9\u202f118 abonn\u00e9s<\/h3>\n<p><strong>Influenceuse \u00e0 Annecy<\/strong><\/p>\n<ul>\n<li>9\u202f118 abonn\u00e9s sur <strong>Instagram<\/strong> en 2022<\/li>\n<li>Vrai nom : <strong>Sabrina<\/strong><\/li>\n<li>Genre : <strong>femme<\/strong><\/li>\n<li>Pays : <strong>France<\/strong><\/li>\n<li>R\u00e9gion : <strong>Auvergne-Rh\u00f4ne-Alpes<\/strong><\/li>\n<li>D\u00e9partement : <strong>Haute-Savoie<\/strong><\/li>\n<li>Ville : <strong>Annecy<\/strong><\/li>\n<li>Bio Instagram : <em>\u00ab\u00a0Annecy By Food | Sabrina<br \/>Blogueur<br \/>\ud83d\udd75\u200d\u2640\ufe0f\ud83c\udf7d Food Reporter<br \/>\ud83d\udccd Annecy, Annemasse<br \/>\ud83d\udccdAix-les-Bains, Chamb\u00e9ry<br \/>\ud83d\udce9 Collab MP<br \/>\u25cf Sal\u00e9 \ud83e\udd58\ud83e\uded5\ud83c\udf5d? \u2b07\ufe0f<br \/>\u25cf Sucr\u00e9 \ud83c\udf69\ud83c\udf82\ud83e\uddc1 ? \u2b07\ufe0f<br \/>Ambassadrice Summer &amp; Winter Body \ud83d\ude1c\u00a0\u00bb<\/em><\/li>\n<li>Extrait photos :<\/li>\n<\/ul>\n<p><img loading=\"lazy\" decoding=\"async\" src=\"https:\/\/mediaboss.fr\/wp-content\/uploads\/influenceur-Annecy-Annecy-By-Food-Sabrina-annecybyfood-\u2022-Photos-et-videos-Instagram.jpg\" width=\"1200\" height=\"690\" alt=\"influenceur-Annecy-Annecy-By-Food-Sabrina-annecybyfood-\u2022-Photos-et-vid\u00e9os-Instagram\" class=\"wp-image-4154 aligncenter size-full\" srcset=\"https:\/\/mediaboss.fr\/wp-content\/uploads\/influenceur-Annecy-Annecy-By-Food-Sabrina-annecybyfood-\u2022-Photos-et-videos-Instagram.jpg 1200w, https:\/\/mediaboss.fr\/wp-content\/uploads\/influenceur-Annecy-Annecy-By-Food-Sabrina-annecybyfood-\u2022-Photos-et-videos-Instagram-300x173.jpg 300w, https:\/\/mediaboss.fr\/wp-content\/uploads\/influenceur-Annecy-Annecy-By-Food-Sabrina-annecybyfood-\u2022-Photos-et-videos-Instagram-768x442.jpg 768w, https:\/\/mediaboss.fr\/wp-content\/uploads\/influenceur-Annecy-Annecy-By-Food-Sabrina-annecybyfood-\u2022-Photos-et-videos-Instagram-1080x621.jpg 1080w, https:\/\/mediaboss.fr\/wp-content\/uploads\/influenceur-Annecy-Annecy-By-Food-Sabrina-annecybyfood-\u2022-Photos-et-videos-Instagram-980x564.jpg 980w, https:\/\/mediaboss.fr\/wp-content\/uploads\/influenceur-Annecy-Annecy-By-Food-Sabrina-annecybyfood-\u2022-Photos-et-videos-Instagram-480x276.jpg 480w\" sizes=\"(max-width: 1200px) 100vw, 1200px\" \/><\/p>\n<p>&nbsp;<\/p>\n<h3>9. @oceanitaa &#8211; 10\u202f100 abonn\u00e9s<\/h3>\n<p><strong>Influenceuse \u00e0 Annecy<\/strong><\/p>\n<ul>\n<li>10\u202f100 abonn\u00e9s sur <strong>Instagram<\/strong> en 2022<\/li>\n<li>Vrai nom : <strong>Oc\u00e9ane<\/strong><\/li>\n<li>Genre : <strong>femme<\/strong><\/li>\n<li>Pays : <strong>France<\/strong><\/li>\n<li>R\u00e9gion : <strong>Auvergne-Rh\u00f4ne-Alpes<\/strong><\/li>\n<li>D\u00e9partement : <strong>Haute-Savoie<\/strong><\/li>\n<li>Ville : <strong>Annecy<\/strong><\/li>\n<li>Bio Instagram : <em>\u00ab\u00a0OCEANE \ud83c\udf3c<br \/>\ud83e\udd8b Outfit &amp; Lifestyle<br \/>\ud83d\udccd Annecy<br \/>\ud83d\udc99 Ambassadrice : @lac_annecy_tourisme<br \/>\ud83d\udcf8 Photographe: @oceaned.photographie<br \/>\ud83d\udc69\u200d\ud83d\udcbb Community Manager en freelance\u00a0\u00bb<\/em><\/li>\n<li>Extrait photos :<\/li>\n<\/ul>\n<p><img loading=\"lazy\" decoding=\"async\" src=\"https:\/\/mediaboss.fr\/wp-content\/uploads\/influenceur-Annecy-OCEANE-\ud83c\udf3c-oceanitaa-\u2022-Photos-et-videos-Instagram.jpg\" width=\"1200\" height=\"690\" alt=\"influenceur-Annecy-OCEANE-\ud83c\udf3c-oceanitaa-\u2022-Photos-et-vid\u00e9os-Instagram\" class=\"wp-image-4153 aligncenter size-full\" srcset=\"https:\/\/mediaboss.fr\/wp-content\/uploads\/influenceur-Annecy-OCEANE-\ud83c\udf3c-oceanitaa-\u2022-Photos-et-videos-Instagram.jpg 1200w, https:\/\/mediaboss.fr\/wp-content\/uploads\/influenceur-Annecy-OCEANE-\ud83c\udf3c-oceanitaa-\u2022-Photos-et-videos-Instagram-300x173.jpg 300w, https:\/\/mediaboss.fr\/wp-content\/uploads\/influenceur-Annecy-OCEANE-\ud83c\udf3c-oceanitaa-\u2022-Photos-et-videos-Instagram-768x442.jpg 768w, https:\/\/mediaboss.fr\/wp-content\/uploads\/influenceur-Annecy-OCEANE-\ud83c\udf3c-oceanitaa-\u2022-Photos-et-videos-Instagram-1080x621.jpg 1080w, https:\/\/mediaboss.fr\/wp-content\/uploads\/influenceur-Annecy-OCEANE-\ud83c\udf3c-oceanitaa-\u2022-Photos-et-videos-Instagram-980x564.jpg 980w, https:\/\/mediaboss.fr\/wp-content\/uploads\/influenceur-Annecy-OCEANE-\ud83c\udf3c-oceanitaa-\u2022-Photos-et-videos-Instagram-480x276.jpg 480w\" sizes=\"(max-width: 1200px) 100vw, 1200px\" \/><\/p>\n<p>&nbsp;<\/p>\n<h3>8. @unmondedeuxdindes &#8211; 10\u202f900 abonn\u00e9s<\/h3>\n<p><strong>Influenceurs \u00e0 Annecy<\/strong><\/p>\n<ul>\n<li>10\u202f900 abonn\u00e9s sur <strong>Instagram<\/strong> en 2022<\/li>\n<li>Vrai nom : <strong>L\u00e9a &amp; Steven (couple)<\/strong><\/li>\n<li>Genre : <strong>femme et homme<\/strong><\/li>\n<li>Pays : <strong>France<\/strong><\/li>\n<li>R\u00e9gion : <strong>Auvergne-Rh\u00f4ne-Alpes<\/strong><\/li>\n<li>D\u00e9partement : <strong>Haute-Savoie<\/strong><\/li>\n<li>Ville : <strong>Annecy<\/strong><\/li>\n<li>Bio Instagram : <em>\u00ab\u00a0Un Monde, Deux Dindes | Travel<br \/>Blogueur<br \/>\u2661 Steven &amp; L\u00e9a \ud83e\udd83<br \/>\ud83c\uddeb\ud83c\uddf7 France | Annecy\ud83d\udccd<br \/>Cr\u00e9ateurs de contenus tourisme \ud83c\udf0e<br \/>\ud83d\udcf8 Ambassadeurs @columbia_eu<br \/>\u2193 Notre blog \u2193\u00a0\u00bb<\/em><\/li>\n<li>Extrait photos :<\/li>\n<\/ul>\n<p><img loading=\"lazy\" decoding=\"async\" src=\"https:\/\/mediaboss.fr\/wp-content\/uploads\/influenceur-Annecy-Un-Monde-Deux-Dindes-Travel-unmondedeuxdindes-\u2022-Photos-et-videos-Instagram.jpg\" width=\"1200\" height=\"690\" alt=\"influenceur-Annecy-Un-Monde-Deux-Dindes-Travel-unmondedeuxdindes-\u2022-Photos-et-vid\u00e9os-Instagram\" class=\"wp-image-4152 aligncenter size-full\" srcset=\"https:\/\/mediaboss.fr\/wp-content\/uploads\/influenceur-Annecy-Un-Monde-Deux-Dindes-Travel-unmondedeuxdindes-\u2022-Photos-et-videos-Instagram.jpg 1200w, https:\/\/mediaboss.fr\/wp-content\/uploads\/influenceur-Annecy-Un-Monde-Deux-Dindes-Travel-unmondedeuxdindes-\u2022-Photos-et-videos-Instagram-300x173.jpg 300w, https:\/\/mediaboss.fr\/wp-content\/uploads\/influenceur-Annecy-Un-Monde-Deux-Dindes-Travel-unmondedeuxdindes-\u2022-Photos-et-videos-Instagram-768x442.jpg 768w, https:\/\/mediaboss.fr\/wp-content\/uploads\/influenceur-Annecy-Un-Monde-Deux-Dindes-Travel-unmondedeuxdindes-\u2022-Photos-et-videos-Instagram-1080x621.jpg 1080w, https:\/\/mediaboss.fr\/wp-content\/uploads\/influenceur-Annecy-Un-Monde-Deux-Dindes-Travel-unmondedeuxdindes-\u2022-Photos-et-videos-Instagram-980x564.jpg 980w, https:\/\/mediaboss.fr\/wp-content\/uploads\/influenceur-Annecy-Un-Monde-Deux-Dindes-Travel-unmondedeuxdindes-\u2022-Photos-et-videos-Instagram-480x276.jpg 480w\" sizes=\"(max-width: 1200px) 100vw, 1200px\" \/><\/p>\n<p>&nbsp;<\/p>\n<h3>7. @claadly &#8211; 11\u202f300 abonn\u00e9s<\/h3>\n<p><strong>Influenceuse \u00e0 Annecy<\/strong><\/p>\n<ul>\n<li>11\u202f300 abonn\u00e9s sur <strong>Instagram<\/strong> en 2022<\/li>\n<li>Vrai nom : <strong>Clara<\/strong><\/li>\n<li>Genre : <strong>femme<\/strong><\/li>\n<li>Pays : <strong>France<\/strong><\/li>\n<li>R\u00e9gion : <strong>Auvergne-Rh\u00f4ne-Alpes<\/strong><\/li>\n<li>D\u00e9partement : <strong>Haute-Savoie<\/strong><\/li>\n<li>Ville : <strong>Annecy<\/strong><\/li>\n<li>Bio Instagram : <em>\u00ab\u00a0\u2022Clara \ud83d\udc1a<br \/>\u2022 Look, travel and lifestyle<br \/>\u2022 Annecy-France<br \/>\u2022 Vinted &#8211; claraapng\u00a0\u00bb<\/em><\/li>\n<li>Extrait photos :<\/li>\n<\/ul>\n<p><img loading=\"lazy\" decoding=\"async\" src=\"https:\/\/mediaboss.fr\/wp-content\/uploads\/influenceur-Annecy-\u2022Clara-\ud83d\udc1a-claadly-\u2022-Photos-et-videos-Instagram.jpg\" width=\"1200\" height=\"690\" alt=\"influenceur-Annecy-\u2022Clara-\ud83d\udc1a-claadly-\u2022-Photos-et-vid\u00e9os-Instagram\" class=\"wp-image-4151 aligncenter size-full\" srcset=\"https:\/\/mediaboss.fr\/wp-content\/uploads\/influenceur-Annecy-\u2022Clara-\ud83d\udc1a-claadly-\u2022-Photos-et-videos-Instagram.jpg 1200w, https:\/\/mediaboss.fr\/wp-content\/uploads\/influenceur-Annecy-\u2022Clara-\ud83d\udc1a-claadly-\u2022-Photos-et-videos-Instagram-300x173.jpg 300w, https:\/\/mediaboss.fr\/wp-content\/uploads\/influenceur-Annecy-\u2022Clara-\ud83d\udc1a-claadly-\u2022-Photos-et-videos-Instagram-768x442.jpg 768w, https:\/\/mediaboss.fr\/wp-content\/uploads\/influenceur-Annecy-\u2022Clara-\ud83d\udc1a-claadly-\u2022-Photos-et-videos-Instagram-1080x621.jpg 1080w, https:\/\/mediaboss.fr\/wp-content\/uploads\/influenceur-Annecy-\u2022Clara-\ud83d\udc1a-claadly-\u2022-Photos-et-videos-Instagram-980x564.jpg 980w, https:\/\/mediaboss.fr\/wp-content\/uploads\/influenceur-Annecy-\u2022Clara-\ud83d\udc1a-claadly-\u2022-Photos-et-videos-Instagram-480x276.jpg 480w\" sizes=\"(max-width: 1200px) 100vw, 1200px\" \/><\/p>\n<p>&nbsp;<\/p>\n<h3>6. @cspaoff_annecy &#8211; 13\u202f900 abonn\u00e9s<\/h3>\n<p><strong>Influenceur \u00e0 Annecy<\/strong><\/p>\n<ul>\n<li>13\u202f900 abonn\u00e9s sur <strong>Instagram<\/strong> en 2022<\/li>\n<li>Vrai nom : <strong>nc<\/strong><\/li>\n<li>Genre : <strong>multiple<\/strong><\/li>\n<li>Pays : <strong>France<\/strong><\/li>\n<li>R\u00e9gion : <strong>Auvergne-Rh\u00f4ne-Alpes<\/strong><\/li>\n<li>D\u00e9partement : <strong>Haute-Savoie<\/strong><\/li>\n<li>Ville : <strong>Annecy<\/strong><\/li>\n<li>Bio Instagram : <em>\u00ab\u00a0Ca se passe a\u0300 Annecy<br \/>Communaut\u00e9<br \/>\ud83d\udc99Abonne toi<br \/>\ud83d\udcf8Partage avec nous tes plus beaux clich\u00e9s<br \/>\ud83c\udfe0Tes bonnes adresses et tes bons plans<br \/>@cspaoff_annecy &amp; #cspaoff_annecy<br \/>#casepasseaannecy\u00a0\u00bb<\/em><\/li>\n<li>Extrait photos :<\/li>\n<\/ul>\n<p><img loading=\"lazy\" decoding=\"async\" src=\"https:\/\/mediaboss.fr\/wp-content\/uploads\/influenceur-Annecy-C\u0327a-se-passe-a\u0300-Annecy-cspaoff_annecy-\u2022-Photos-et-videos-Instagram.jpg\" width=\"1200\" height=\"690\" alt=\"influenceur-Annecy-C\u0327a-se-passe-a\u0300-Annecy-cspaoff_annecy-\u2022-Photos-et-vid\u00e9os-Instagram\" class=\"wp-image-4150 aligncenter size-full\" srcset=\"https:\/\/mediaboss.fr\/wp-content\/uploads\/influenceur-Annecy-C\u0327a-se-passe-a\u0300-Annecy-cspaoff_annecy-\u2022-Photos-et-videos-Instagram.jpg 1200w, https:\/\/mediaboss.fr\/wp-content\/uploads\/influenceur-Annecy-C\u0327a-se-passe-a\u0300-Annecy-cspaoff_annecy-\u2022-Photos-et-videos-Instagram-300x173.jpg 300w, https:\/\/mediaboss.fr\/wp-content\/uploads\/influenceur-Annecy-C\u0327a-se-passe-a\u0300-Annecy-cspaoff_annecy-\u2022-Photos-et-videos-Instagram-768x442.jpg 768w, https:\/\/mediaboss.fr\/wp-content\/uploads\/influenceur-Annecy-C\u0327a-se-passe-a\u0300-Annecy-cspaoff_annecy-\u2022-Photos-et-videos-Instagram-1080x621.jpg 1080w, https:\/\/mediaboss.fr\/wp-content\/uploads\/influenceur-Annecy-C\u0327a-se-passe-a\u0300-Annecy-cspaoff_annecy-\u2022-Photos-et-videos-Instagram-980x564.jpg 980w, https:\/\/mediaboss.fr\/wp-content\/uploads\/influenceur-Annecy-C\u0327a-se-passe-a\u0300-Annecy-cspaoff_annecy-\u2022-Photos-et-videos-Instagram-480x276.jpg 480w\" sizes=\"(max-width: 1200px) 100vw, 1200px\" \/><\/p>\n<p>&nbsp;<\/p>\n<h3>5. @mademoiselle_croziflette &#8211; 25\u202f020 abonn\u00e9s<\/h3>\n<p><strong>Influenceuse \u00e0 Annecy<\/strong><\/p>\n<ul>\n<li>19\u202f200 abonn\u00e9s sur <strong>Instagram<\/strong> en 2022<\/li>\n<li>5 820 abonn\u00e9s sur <strong>Facebook<\/strong><\/li>\n<li>Vrai nom : <strong>nc<\/strong><\/li>\n<li>Genre : <strong>femme<\/strong><\/li>\n<li>Pays : <strong>France<\/strong><\/li>\n<li>R\u00e9gion : <strong>Auvergne-Rh\u00f4ne-Alpes<\/strong><\/li>\n<li>D\u00e9partement : <strong>Haute-Savoie<\/strong><\/li>\n<li>Ville : <strong>Annecy<\/strong><\/li>\n<li>Bio Instagram : <em>\u00ab\u00a0\ud835\udc0c\ud835\udc1a\ud835\udc1d\ud835\udc1e\ud835\udc26\ud835\udc28\ud835\udc22\ud835\udc2c\ud835\udc1e\ud835\udc25\ud835\udc25\ud835\udc1e \ud835\udc02\ud835\udc2b\ud835\udc28\ud835\udc33\ud835\udc22\ud835\udc1f\ud835\udc25\ud835\udc1e\ud835\udc2d\ud835\udc2d\ud835\udc1e<br \/>Blogueur<br \/>\ud83d\udcad Tourisme Famille<br \/>\ud83d\udea9Ambassadrice @lac_annecy_tourisme<br \/>\ud83d\udce9 mademoisellecroziflette@gmail.com<br \/>\ud83c\uddeb\ud83c\uddf7 Auvergne-Rh\u00f4ne-Alpes\u00a0\u00bb<\/em><\/li>\n<li>Extrait photos :<\/li>\n<\/ul>\n<p><img loading=\"lazy\" decoding=\"async\" src=\"https:\/\/mediaboss.fr\/wp-content\/uploads\/influenceur-Annecy-\ud835\udc0c\ud835\udc1a\ud835\udc1d\ud835\udc1e\ud835\udc26\ud835\udc28\ud835\udc22\ud835\udc2c\ud835\udc1e\ud835\udc25\ud835\udc25\ud835\udc1e-\ud835\udc02\ud835\udc2b\ud835\udc28\ud835\udc33\ud835\udc22\ud835\udc1f\ud835\udc25\ud835\udc1e\ud835\udc2d\ud835\udc2d\ud835\udc1e-mademoiselle_croziflette-\u2022-Photos-et-videos-Instagram.jpg\" width=\"1200\" height=\"690\" alt=\"influenceur-Annecy-\ud835\udc0c\ud835\udc1a\ud835\udc1d\ud835\udc1e\ud835\udc26\ud835\udc28\ud835\udc22\ud835\udc2c\ud835\udc1e\ud835\udc25\ud835\udc25\ud835\udc1e-\ud835\udc02\ud835\udc2b\ud835\udc28\ud835\udc33\ud835\udc22\ud835\udc1f\ud835\udc25\ud835\udc1e\ud835\udc2d\ud835\udc2d\ud835\udc1e-mademoiselle_croziflette-\u2022-Photos-et-vid\u00e9os-Instagram\" class=\"wp-image-4149 aligncenter size-full\" srcset=\"https:\/\/mediaboss.fr\/wp-content\/uploads\/influenceur-Annecy-\ud835\udc0c\ud835\udc1a\ud835\udc1d\ud835\udc1e\ud835\udc26\ud835\udc28\ud835\udc22\ud835\udc2c\ud835\udc1e\ud835\udc25\ud835\udc25\ud835\udc1e-\ud835\udc02\ud835\udc2b\ud835\udc28\ud835\udc33\ud835\udc22\ud835\udc1f\ud835\udc25\ud835\udc1e\ud835\udc2d\ud835\udc2d\ud835\udc1e-mademoiselle_croziflette-\u2022-Photos-et-videos-Instagram.jpg 1200w, https:\/\/mediaboss.fr\/wp-content\/uploads\/influenceur-Annecy-\ud835\udc0c\ud835\udc1a\ud835\udc1d\ud835\udc1e\ud835\udc26\ud835\udc28\ud835\udc22\ud835\udc2c\ud835\udc1e\ud835\udc25\ud835\udc25\ud835\udc1e-\ud835\udc02\ud835\udc2b\ud835\udc28\ud835\udc33\ud835\udc22\ud835\udc1f\ud835\udc25\ud835\udc1e\ud835\udc2d\ud835\udc2d\ud835\udc1e-mademoiselle_croziflette-\u2022-Photos-et-videos-Instagram-300x173.jpg 300w, https:\/\/mediaboss.fr\/wp-content\/uploads\/influenceur-Annecy-\ud835\udc0c\ud835\udc1a\ud835\udc1d\ud835\udc1e\ud835\udc26\ud835\udc28\ud835\udc22\ud835\udc2c\ud835\udc1e\ud835\udc25\ud835\udc25\ud835\udc1e-\ud835\udc02\ud835\udc2b\ud835\udc28\ud835\udc33\ud835\udc22\ud835\udc1f\ud835\udc25\ud835\udc1e\ud835\udc2d\ud835\udc2d\ud835\udc1e-mademoiselle_croziflette-\u2022-Photos-et-videos-Instagram-768x442.jpg 768w, https:\/\/mediaboss.fr\/wp-content\/uploads\/influenceur-Annecy-\ud835\udc0c\ud835\udc1a\ud835\udc1d\ud835\udc1e\ud835\udc26\ud835\udc28\ud835\udc22\ud835\udc2c\ud835\udc1e\ud835\udc25\ud835\udc25\ud835\udc1e-\ud835\udc02\ud835\udc2b\ud835\udc28\ud835\udc33\ud835\udc22\ud835\udc1f\ud835\udc25\ud835\udc1e\ud835\udc2d\ud835\udc2d\ud835\udc1e-mademoiselle_croziflette-\u2022-Photos-et-videos-Instagram-1080x621.jpg 1080w, https:\/\/mediaboss.fr\/wp-content\/uploads\/influenceur-Annecy-\ud835\udc0c\ud835\udc1a\ud835\udc1d\ud835\udc1e\ud835\udc26\ud835\udc28\ud835\udc22\ud835\udc2c\ud835\udc1e\ud835\udc25\ud835\udc25\ud835\udc1e-\ud835\udc02\ud835\udc2b\ud835\udc28\ud835\udc33\ud835\udc22\ud835\udc1f\ud835\udc25\ud835\udc1e\ud835\udc2d\ud835\udc2d\ud835\udc1e-mademoiselle_croziflette-\u2022-Photos-et-videos-Instagram-980x564.jpg 980w, https:\/\/mediaboss.fr\/wp-content\/uploads\/influenceur-Annecy-\ud835\udc0c\ud835\udc1a\ud835\udc1d\ud835\udc1e\ud835\udc26\ud835\udc28\ud835\udc22\ud835\udc2c\ud835\udc1e\ud835\udc25\ud835\udc25\ud835\udc1e-\ud835\udc02\ud835\udc2b\ud835\udc28\ud835\udc33\ud835\udc22\ud835\udc1f\ud835\udc25\ud835\udc1e\ud835\udc2d\ud835\udc2d\ud835\udc1e-mademoiselle_croziflette-\u2022-Photos-et-videos-Instagram-480x276.jpg 480w\" sizes=\"(max-width: 1200px) 100vw, 1200px\" \/><\/p>\n<p>&nbsp;<\/p>\n<h3>4. @cam_dewoods &#8211; 26\u202f600 abonn\u00e9s<\/h3>\n<p><strong>Influenceuse \u00e0 Annecy<\/strong><\/p>\n<ul>\n<li>25\u202f400 abonn\u00e9s sur <strong>Instagram<\/strong> en 2022<\/li>\n<li>1 200 abonn\u00e9s sur <strong>Facebook<\/strong><\/li>\n<li>Vrai nom : <strong>nc<\/strong><\/li>\n<li>Genre : <strong>femme<\/strong><\/li>\n<li>Pays : <strong>France<\/strong><\/li>\n<li>R\u00e9gion : <strong>Auvergne-Rh\u00f4ne-Alpes<\/strong><\/li>\n<li>D\u00e9partement : <strong>Haute-Savoie<\/strong><\/li>\n<li>Ville : <strong>Annecy<\/strong><\/li>\n<li>Bio Instagram : <em>\u00ab\u00a0Cam_dewoods<br \/>\ud83c\udf43 Founder @outtrip \u27a1\ufe0f outtrip.fr<br \/>\ud83d\uddfb Outdoorlife \ud83e\udd1f<br \/>\ud83e\udde0 Marketing Freelance &amp; Teacher<br \/>\u2712 Auteure \u00a0\u00bb Le Camino seule, enfin presque\u00a0\u00bb<br \/>\ud83d\udea9Ambassadrice Annecy\u00a0\u00bb<\/em><\/li>\n<li>Extrait photos :<\/li>\n<\/ul>\n<p><img loading=\"lazy\" decoding=\"async\" src=\"https:\/\/mediaboss.fr\/wp-content\/uploads\/influenceur-Annecy-Cam_dewoods-cam_dewoods-\u2022-Photos-et-videos-Instagram.jpg\" width=\"1200\" height=\"690\" alt=\"influenceur-Annecy-Cam_dewoods-cam_dewoods-\u2022-Photos-et-vid\u00e9os-Instagram\" class=\"wp-image-4148 aligncenter size-full\" srcset=\"https:\/\/mediaboss.fr\/wp-content\/uploads\/influenceur-Annecy-Cam_dewoods-cam_dewoods-\u2022-Photos-et-videos-Instagram.jpg 1200w, https:\/\/mediaboss.fr\/wp-content\/uploads\/influenceur-Annecy-Cam_dewoods-cam_dewoods-\u2022-Photos-et-videos-Instagram-300x173.jpg 300w, https:\/\/mediaboss.fr\/wp-content\/uploads\/influenceur-Annecy-Cam_dewoods-cam_dewoods-\u2022-Photos-et-videos-Instagram-768x442.jpg 768w, https:\/\/mediaboss.fr\/wp-content\/uploads\/influenceur-Annecy-Cam_dewoods-cam_dewoods-\u2022-Photos-et-videos-Instagram-1080x621.jpg 1080w, https:\/\/mediaboss.fr\/wp-content\/uploads\/influenceur-Annecy-Cam_dewoods-cam_dewoods-\u2022-Photos-et-videos-Instagram-980x564.jpg 980w, https:\/\/mediaboss.fr\/wp-content\/uploads\/influenceur-Annecy-Cam_dewoods-cam_dewoods-\u2022-Photos-et-videos-Instagram-480x276.jpg 480w\" sizes=\"(max-width: 1200px) 100vw, 1200px\" \/><\/p>\n<p>&nbsp;<\/p>\n<h3>3. @patrickagnelletofficiel &#8211; 41\u202f700 abonn\u00e9s<\/h3>\n<p><strong>Influenceur \u00e0 Annecy<\/strong><\/p>\n<ul>\n<li>35\u202f200 abonn\u00e9s sur <strong>Instagram<\/strong> en 2022<\/li>\n<li>6 500 abonn\u00e9s sur <strong>Facebook<\/strong><\/li>\n<li>Vrai nom : <strong>Patrick Agnellet<\/strong><\/li>\n<li>Genre : <strong>homme<\/strong><\/li>\n<li>Pays : <strong>France<\/strong><\/li>\n<li>R\u00e9gion : <strong>Auvergne-Rh\u00f4ne-Alpes<\/strong><\/li>\n<li>D\u00e9partement : <strong>Haute-Savoie<\/strong><\/li>\n<li>Ville : <strong>Annecy<\/strong><\/li>\n<li>Bio Instagram : <em>\u00ab\u00a0Patrick Agnellet<br \/>P\u00e2tisserie<br \/>Chocolatier Artisan d\u2019\u00e9motions\u00ae\ufe0f<br \/>\ud83c\uddeb\ud83c\uddf7 Annecy \/ La Clusaz<br \/>Membre Relais Dessert\u00a0\u00bb<\/em><\/li>\n<li>Extrait photos :<\/li>\n<\/ul>\n<p><img loading=\"lazy\" decoding=\"async\" src=\"https:\/\/mediaboss.fr\/wp-content\/uploads\/influenceur-Annecy-Patrick-Agnellet-patrickagnelletofficiel-\u2022-Photos-et-videos-Instagram.jpg\" width=\"1200\" height=\"690\" alt=\"influenceur-Annecy-Patrick-Agnellet-patrickagnelletofficiel-\u2022-Photos-et-vid\u00e9os-Instagram\" class=\"wp-image-4147 aligncenter size-full\" srcset=\"https:\/\/mediaboss.fr\/wp-content\/uploads\/influenceur-Annecy-Patrick-Agnellet-patrickagnelletofficiel-\u2022-Photos-et-videos-Instagram.jpg 1200w, https:\/\/mediaboss.fr\/wp-content\/uploads\/influenceur-Annecy-Patrick-Agnellet-patrickagnelletofficiel-\u2022-Photos-et-videos-Instagram-300x173.jpg 300w, https:\/\/mediaboss.fr\/wp-content\/uploads\/influenceur-Annecy-Patrick-Agnellet-patrickagnelletofficiel-\u2022-Photos-et-videos-Instagram-768x442.jpg 768w, https:\/\/mediaboss.fr\/wp-content\/uploads\/influenceur-Annecy-Patrick-Agnellet-patrickagnelletofficiel-\u2022-Photos-et-videos-Instagram-1080x621.jpg 1080w, https:\/\/mediaboss.fr\/wp-content\/uploads\/influenceur-Annecy-Patrick-Agnellet-patrickagnelletofficiel-\u2022-Photos-et-videos-Instagram-980x564.jpg 980w, https:\/\/mediaboss.fr\/wp-content\/uploads\/influenceur-Annecy-Patrick-Agnellet-patrickagnelletofficiel-\u2022-Photos-et-videos-Instagram-480x276.jpg 480w\" sizes=\"(max-width: 1200px) 100vw, 1200px\" \/><\/p>\n<p>&nbsp;<\/p>\n<h3>2. @frenchadventurer &#8211; 78\u202f500 abonn\u00e9s<\/h3>\n<p><strong>Influenceur \u00e0 Annecy<\/strong><\/p>\n<ul>\n<li>67\u202f500 abonn\u00e9s sur <strong>Instagram<\/strong> en 2022<\/li>\n<li>11 000 abonn\u00e9s sur <strong>Facebook<\/strong><\/li>\n<li>Vrai nom : <strong>Anthony Verlaine<\/strong><\/li>\n<li>Genre : <strong>homme<\/strong><\/li>\n<li>Pays : <strong>France<\/strong><\/li>\n<li>R\u00e9gion : <strong>Auvergne-Rh\u00f4ne-Alpes<\/strong><\/li>\n<li>D\u00e9partement : <strong>Haute-Savoie<\/strong><\/li>\n<li>Ville : <strong>Annecy<\/strong><\/li>\n<li>Bio Instagram : <em>\u00ab\u00a0\ud835\udc00\ud835\udc27\ud835\udc2d\ud835\udc21\ud835\udc28\ud835\udc27\ud835\udc32 \ud835\udc15\ud835\udc04\ud835\udc11\ud835\udc0b\ud835\udc00\ud835\udc08\ud835\udc0d\ud835\udc04 \ud835\udc15\ud835\udc28\ud835\udc32\ud835\udc1a\ud835\udc20\ud835\udc1e \ud835\udc0d\ud835\udc1a\ud835\udc2d\ud835\udc2e\ud835\udc2b\ud835\udc1e<br \/>Intervenant sur la motivation<br \/>\ud83c\udf0d Aventurier engag\u00e9 \u270a<br \/>\ud83d\udd25Cr\u00e9ateur de Stages de D\u00e9passement de Soi<br \/>\ud83d\udcf8 Beauty of our Planet<br \/>\ud83d\udcda Apprendre en voyageant<br \/>\ud83d\udef613 ans d&rsquo;exp\u00e9ditions &#8211; 103 Pays\u00a0\u00bb<\/em><\/li>\n<li>Extrait photos :<\/li>\n<\/ul>\n<p><img loading=\"lazy\" decoding=\"async\" src=\"https:\/\/mediaboss.fr\/wp-content\/uploads\/influenceur-Annecy-\ud835\udc00\ud835\udc27\ud835\udc2d\ud835\udc21\ud835\udc28\ud835\udc27\ud835\udc32-\ud835\udc15\ud835\udc04\ud835\udc11\ud835\udc0b\ud835\udc00\ud835\udc08\ud835\udc0d\ud835\udc04-\ud835\udc15\ud835\udc28\ud835\udc32\ud835\udc1a\ud835\udc20\ud835\udc1e-\ud835\udc0d\ud835\udc1a\ud835\udc2d\ud835\udc2e\ud835\udc2b\ud835\udc1e-frenchadventurer-\u2022-Photos-et-videos-Instagram.jpg\" width=\"1200\" height=\"690\" alt=\"influenceur-Annecy-\ud835\udc00\ud835\udc27\ud835\udc2d\ud835\udc21\ud835\udc28\ud835\udc27\ud835\udc32-\ud835\udc15\ud835\udc04\ud835\udc11\ud835\udc0b\ud835\udc00\ud835\udc08\ud835\udc0d\ud835\udc04-\ud835\udc15\ud835\udc28\ud835\udc32\ud835\udc1a\ud835\udc20\ud835\udc1e-\ud835\udc0d\ud835\udc1a\ud835\udc2d\ud835\udc2e\ud835\udc2b\ud835\udc1e-frenchadventurer-\u2022-Photos-et-vid\u00e9os-Instagram\" class=\"wp-image-4146 aligncenter size-full\" srcset=\"https:\/\/mediaboss.fr\/wp-content\/uploads\/influenceur-Annecy-\ud835\udc00\ud835\udc27\ud835\udc2d\ud835\udc21\ud835\udc28\ud835\udc27\ud835\udc32-\ud835\udc15\ud835\udc04\ud835\udc11\ud835\udc0b\ud835\udc00\ud835\udc08\ud835\udc0d\ud835\udc04-\ud835\udc15\ud835\udc28\ud835\udc32\ud835\udc1a\ud835\udc20\ud835\udc1e-\ud835\udc0d\ud835\udc1a\ud835\udc2d\ud835\udc2e\ud835\udc2b\ud835\udc1e-frenchadventurer-\u2022-Photos-et-videos-Instagram.jpg 1200w, https:\/\/mediaboss.fr\/wp-content\/uploads\/influenceur-Annecy-\ud835\udc00\ud835\udc27\ud835\udc2d\ud835\udc21\ud835\udc28\ud835\udc27\ud835\udc32-\ud835\udc15\ud835\udc04\ud835\udc11\ud835\udc0b\ud835\udc00\ud835\udc08\ud835\udc0d\ud835\udc04-\ud835\udc15\ud835\udc28\ud835\udc32\ud835\udc1a\ud835\udc20\ud835\udc1e-\ud835\udc0d\ud835\udc1a\ud835\udc2d\ud835\udc2e\ud835\udc2b\ud835\udc1e-frenchadventurer-\u2022-Photos-et-videos-Instagram-300x173.jpg 300w, https:\/\/mediaboss.fr\/wp-content\/uploads\/influenceur-Annecy-\ud835\udc00\ud835\udc27\ud835\udc2d\ud835\udc21\ud835\udc28\ud835\udc27\ud835\udc32-\ud835\udc15\ud835\udc04\ud835\udc11\ud835\udc0b\ud835\udc00\ud835\udc08\ud835\udc0d\ud835\udc04-\ud835\udc15\ud835\udc28\ud835\udc32\ud835\udc1a\ud835\udc20\ud835\udc1e-\ud835\udc0d\ud835\udc1a\ud835\udc2d\ud835\udc2e\ud835\udc2b\ud835\udc1e-frenchadventurer-\u2022-Photos-et-videos-Instagram-768x442.jpg 768w, https:\/\/mediaboss.fr\/wp-content\/uploads\/influenceur-Annecy-\ud835\udc00\ud835\udc27\ud835\udc2d\ud835\udc21\ud835\udc28\ud835\udc27\ud835\udc32-\ud835\udc15\ud835\udc04\ud835\udc11\ud835\udc0b\ud835\udc00\ud835\udc08\ud835\udc0d\ud835\udc04-\ud835\udc15\ud835\udc28\ud835\udc32\ud835\udc1a\ud835\udc20\ud835\udc1e-\ud835\udc0d\ud835\udc1a\ud835\udc2d\ud835\udc2e\ud835\udc2b\ud835\udc1e-frenchadventurer-\u2022-Photos-et-videos-Instagram-1080x621.jpg 1080w, https:\/\/mediaboss.fr\/wp-content\/uploads\/influenceur-Annecy-\ud835\udc00\ud835\udc27\ud835\udc2d\ud835\udc21\ud835\udc28\ud835\udc27\ud835\udc32-\ud835\udc15\ud835\udc04\ud835\udc11\ud835\udc0b\ud835\udc00\ud835\udc08\ud835\udc0d\ud835\udc04-\ud835\udc15\ud835\udc28\ud835\udc32\ud835\udc1a\ud835\udc20\ud835\udc1e-\ud835\udc0d\ud835\udc1a\ud835\udc2d\ud835\udc2e\ud835\udc2b\ud835\udc1e-frenchadventurer-\u2022-Photos-et-videos-Instagram-980x564.jpg 980w, https:\/\/mediaboss.fr\/wp-content\/uploads\/influenceur-Annecy-\ud835\udc00\ud835\udc27\ud835\udc2d\ud835\udc21\ud835\udc28\ud835\udc27\ud835\udc32-\ud835\udc15\ud835\udc04\ud835\udc11\ud835\udc0b\ud835\udc00\ud835\udc08\ud835\udc0d\ud835\udc04-\ud835\udc15\ud835\udc28\ud835\udc32\ud835\udc1a\ud835\udc20\ud835\udc1e-\ud835\udc0d\ud835\udc1a\ud835\udc2d\ud835\udc2e\ud835\udc2b\ud835\udc1e-frenchadventurer-\u2022-Photos-et-videos-Instagram-480x276.jpg 480w\" sizes=\"(max-width: 1200px) 100vw, 1200px\" \/><\/p>\n<p>&nbsp;<\/p>\n<h3>1. @romacharlene &#8211; 648\u202f200 abonn\u00e9s<\/h3>\n<p><strong>Influenceuse \u00e0 Annecy<\/strong><\/p>\n<ul>\n<li>14\u202f800 abonn\u00e9s sur <strong>Instagram<\/strong> en 2022<\/li>\n<li>633 400 abonn\u00e9s sur <strong>TikTok<\/strong><\/li>\n<li>Vrai nom : <strong>Charlene Roma<\/strong><\/li>\n<li>Genre : <strong>femme<\/strong><\/li>\n<li>Pays : <strong>France<\/strong><\/li>\n<li>R\u00e9gion : <strong>Auvergne-Rh\u00f4ne-Alpes<\/strong><\/li>\n<li>D\u00e9partement : <strong>Haute-Savoie<\/strong><\/li>\n<li>Ville : <strong>Annecy<\/strong><\/li>\n<li>Bio Instagram : <em>\u00ab\u00a0R O M A<br \/>Blog personnel<br \/>MyNameIsRoma\ud83d\udc8b<br \/>Sanity kills, so i live the crazy life!<br \/>\ud83d\udccd Annecy<br \/>\ud83c\uddeb\ud83c\uddf7 French \/ American \ud83c\uddfa\ud83c\uddf8<br \/>\ud83d\udc76\ud83c\udffc #Rio\ud83e\udd85<br \/>\ud83e\udd31\ud83c\udffc #Dali\ud83d\udc0f<br \/>\ud83d\udc36 #Biggie\ud83e\udd8a<br \/>\ud83c\udfb5TikTok : RomaCharlene (620k)\u00a0\u00bb<\/em><\/li>\n<li>Extrait photos :<\/li>\n<\/ul>\n<p><img loading=\"lazy\" decoding=\"async\" src=\"https:\/\/mediaboss.fr\/wp-content\/uploads\/influenceur-Annecy-R-O-M-A-romacharlene-\u2022-Photos-et-videos-Instagram.jpg\" width=\"1200\" height=\"690\" alt=\"influenceur-Annecy-R-O-M-A-romacharlene-\u2022-Photos-et-vid\u00e9os-Instagram\" class=\"wp-image-4145 aligncenter size-full\" srcset=\"https:\/\/mediaboss.fr\/wp-content\/uploads\/influenceur-Annecy-R-O-M-A-romacharlene-\u2022-Photos-et-videos-Instagram.jpg 1200w, https:\/\/mediaboss.fr\/wp-content\/uploads\/influenceur-Annecy-R-O-M-A-romacharlene-\u2022-Photos-et-videos-Instagram-300x173.jpg 300w, https:\/\/mediaboss.fr\/wp-content\/uploads\/influenceur-Annecy-R-O-M-A-romacharlene-\u2022-Photos-et-videos-Instagram-768x442.jpg 768w, https:\/\/mediaboss.fr\/wp-content\/uploads\/influenceur-Annecy-R-O-M-A-romacharlene-\u2022-Photos-et-videos-Instagram-1080x621.jpg 1080w, https:\/\/mediaboss.fr\/wp-content\/uploads\/influenceur-Annecy-R-O-M-A-romacharlene-\u2022-Photos-et-videos-Instagram-980x564.jpg 980w, https:\/\/mediaboss.fr\/wp-content\/uploads\/influenceur-Annecy-R-O-M-A-romacharlene-\u2022-Photos-et-videos-Instagram-480x276.jpg 480w\" sizes=\"(max-width: 1200px) 100vw, 1200px\" \/><\/p>\n<p>&nbsp;<\/p>\n<h2>Conclusion<\/h2>\n<p>Et voil\u00e0 ! Vous avez un bel aper\u00e7u des <strong>10 influenceurs \/ influenceuses les plus populaires \u00e0 Annecy <\/strong>en 2022.<\/p>\n<p>N&rsquo;h\u00e9sitez pas \u00e0 nous <a href=\"\/contact\/\" title=\"contact\">contacter<\/a> pour modifier ou compl\u00e9ter ce <strong>top influenceurs Ann\u00e9ciens (Ann\u00e9ciennes).<\/strong><\/p>\n<p>Ou si vous souhaitez collaborer avec Mediaboss : publicit\u00e9, liens, partenariat&#8230;<\/p>\n<p>Tout est possible, nous sommes \u00e0 votre disposition ! \ud83d\ude42<\/p>\n<p>[\/et_pb_text][et_pb_text _builder_version=\u00a0\u00bb4.17.4&Prime; _module_preset=\u00a0\u00bbdefault\u00a0\u00bb link_line_height=\u00a0\u00bb1.7em\u00a0\u00bb ul_line_height=\u00a0\u00bb1.7em\u00a0\u00bb ol_line_height=\u00a0\u00bb1.7em\u00a0\u00bb quote_line_height=\u00a0\u00bb1.7em\u00a0\u00bb hover_enabled=\u00a0\u00bb0&Prime; global_module=\u00a0\u00bb2819&Prime; saved_tabs=\u00a0\u00bball\u00a0\u00bb global_colors_info=\u00a0\u00bb{}\u00a0\u00bb sticky_enabled=\u00a0\u00bb0&Prime;]<\/p>\n<p>*<\/p>\n<p>Vous allez \u00eatre int\u00e9ress\u00e9 par notre classement des :<\/p>\n<h4>Top influenceurs et influenceuses\u00a0 par <strong>Pays<\/strong><\/h4>\n<ul>\n<li><a href=\"https:\/\/mediaboss.fr\/classement-influenceurs-france\/\" title=\"classement influenceurs France\">Top 16 influenceurs &amp; influenceuses en <strong>France<\/strong><\/a><\/li>\n<li><a href=\"https:\/\/mediaboss.fr\/influenceur-suisse\/\" title=\"influenceur suisse\">Top 14 influenceurs &amp; influenceuses en <strong>Suisse<\/strong><\/a><\/li>\n<li><a href=\"https:\/\/mediaboss.fr\/influenceur-espagne\/\" title=\"influenceur espagne\">Top 19 influenceurs &amp; influenceuses en <strong>Espagne<\/strong><\/a><\/li>\n<li><a href=\"https:\/\/mediaboss.fr\/influenceur-maroc\/\" title=\"influenceur maroc\">Top 19 influenceurs &amp; influenceuses au <strong>Maroc<\/strong><\/a><a href=\"https:\/\/mediaboss.fr\/influenceur-espagne\/\" title=\"influenceur espagne\"><strong><\/strong><\/a><\/li>\n<\/ul>\n<h4>Top influenceurs et influenceuses\u00a0 par R\u00e9gion<\/h4>\n<ul>\n<li><a href=\"https:\/\/mediaboss.fr\/influenceur-corse\/\" title=\"influenceur corse\">Top 15 influenceurs &amp; influenceuses en <strong>Corse<\/strong><\/a><\/li>\n<li><a href=\"https:\/\/mediaboss.fr\/influenceur-martinique\/\" title=\"influenceur martinique\">Top 13 influenceurs &amp; influenceuses en <strong>Martinique<\/strong><\/a><\/li>\n<li><a href=\"https:\/\/mediaboss.fr\/influenceur-guadeloupe\/\" title=\"influenceur guadeloupe\">Top 12 influenceurs &amp; influenceuses en <strong>Guadeloupe<\/strong><\/a><\/li>\n<\/ul>\n<h4>Top influenceurs et influenceuses\u00a0 par <strong>Ville (France)<\/strong><\/h4>\n<ul>\n<li><a href=\"https:\/\/mediaboss.fr\/influenceur-annecy\/\" title=\"influenceur Annecy\">Top 10 influenceurs &amp; influenceuses \u00e0 <strong>Annecy<\/strong><\/a><\/li>\n<li><a href=\"https:\/\/mediaboss.fr\/influenceur-limoges\/\" title=\"influenceur Limoges\">Top 10 influenceurs &amp; influenceuses \u00e0 <strong>Limoges<\/strong><\/a><\/li>\n<li><a href=\"https:\/\/mediaboss.fr\/influenceur-reims\/\" title=\"influenceur Reims\">Top 13 influenceurs &amp; influenceuses \u00e0 <strong>Reims<\/strong><\/a><\/li>\n<li><a href=\"https:\/\/mediaboss.fr\/influenceur-brest\/\" title=\"influenceur brest\">Top 15 influenceurs &amp; influenceuses \u00e0 <strong>Brest<\/strong><\/a><\/li>\n<li><a href=\"https:\/\/mediaboss.fr\/influenceur-toulouse\/\" title=\"influenceur toulouse\">Top 17 influenceurs &amp; influenceuses \u00e0 <strong>Toulouse<\/strong><\/a><\/li>\n<li><a href=\"https:\/\/mediaboss.fr\/influenceur-strasbourg\/\" title=\"influenceur strasbourg\">Top 16 influenceurs &amp; influenceuses \u00e0 <strong>Strasbourg<\/strong><\/a><\/li>\n<li><a href=\"https:\/\/mediaboss.fr\/influenceur-marseille\/\" title=\"influenceur marseille\">Top 16 influenceurs &amp; influenceuses \u00e0 <strong>Marseille<\/strong><\/a><\/li>\n<li><a href=\"https:\/\/mediaboss.fr\/influenceur-bordeaux\/\" title=\"influenceur bordeaux\">Top 29 influenceurs &amp; influenceuses \u00e0 <strong>Bordeaux<\/strong><\/a><\/li>\n<li><a href=\"https:\/\/mediaboss.fr\/influenceur-aix-en-provence\/\" title=\"influenceur aix en provence\">Top 16 influenceurs &amp; influenceuses \u00e0 <strong>Aix-en-Provence<\/strong><\/a><\/li>\n<li><a href=\"https:\/\/mediaboss.fr\/influenceur-dijon\/\" title=\"influenceur dijon\">Top 16 influenceurs &amp; influenceuses \u00e0 <strong>Dijon<\/strong><\/a><\/li>\n<li><a href=\"https:\/\/mediaboss.fr\/influenceur-nantes\/\" title=\"influenceur Nantes\">Top 14 influenceurs &amp; influenceuses \u00e0 <strong>Nantes<\/strong><\/a><\/li>\n<li><a href=\"https:\/\/mediaboss.fr\/influenceur-nice\/\" title=\"influenceur Nice (PACA)\">Top 17 influenceurs &amp; influenceuses \u00e0 <strong>Nice<\/strong><\/a><\/li>\n<li><a href=\"https:\/\/mediaboss.fr\/influenceur-montpellier\/\" title=\"influenceur Montpellier\">Top 14 influenceurs &amp; influenceuses \u00e0 <strong>Montpellier<\/strong><\/a><\/li>\n<li><a href=\"https:\/\/mediaboss.fr\/influenceur-lille\/\" title=\"influenceur Lille\">Top 16 influenceurs &amp; influenceuses \u00e0 <strong>Lille<\/strong><\/a><strong><\/strong><\/li>\n<li><a href=\"https:\/\/mediaboss.fr\/influenceur-lyon\/\" title=\"influenceur lyon\">Top 19 influenceurs &amp; influenceuses \u00e0 <strong>Lyon<\/strong><\/a><\/li>\n<\/ul>\n<h4>Top influenceurs et influenceuses\u00a0 par <strong>Th\u00e8me<\/strong><\/h4>\n<ul>\n<li><a href=\"https:\/\/mediaboss.fr\/artiste-influenceur\/\" title=\"artiste influenceur\">Top 19 Artistes Influenceurs<\/a><\/li>\n<li><a href=\"https:\/\/mediaboss.fr\/musee-instagram\/\" title=\"mus\u00e9e Instagram\">Top 16 \u00ab\u00a0Mus\u00e9es Instagram\u00a0\u00bb<\/a><\/li>\n<\/ul>\n<p>*<br \/><strong><\/strong><\/p>\n<p>[\/et_pb_text][\/et_pb_column][et_pb_column type=\u00a0\u00bb1_3&Prime; _builder_version=\u00a0\u00bb4.16&Prime; custom_padding=\u00a0\u00bb|||\u00a0\u00bb global_colors_info=\u00a0\u00bb{}\u00a0\u00bb custom_padding__hover=\u00a0\u00bb|||\u00a0\u00bb][et_pb_sidebar _builder_version=\u00a0\u00bb4.17.4&Prime; _module_preset=\u00a0\u00bbdefault\u00a0\u00bb global_colors_info=\u00a0\u00bb{}\u00a0\u00bb][\/et_pb_sidebar][\/et_pb_column][\/et_pb_row][et_pb_row column_structure=\u00a0\u00bb2_3,1_3&Prime; _builder_version=\u00a0\u00bb4.16&Prime; _module_preset=\u00a0\u00bbdefault\u00a0\u00bb saved_tabs=\u00a0\u00bball\u00a0\u00bb global_colors_info=\u00a0\u00bb{}\u00a0\u00bb][et_pb_column type=\u00a0\u00bb2_3&Prime; _builder_version=\u00a0\u00bb4.16&Prime; _module_preset=\u00a0\u00bbdefault\u00a0\u00bb global_colors_info=\u00a0\u00bb{}\u00a0\u00bb][et_pb_text _builder_version=\u00a0\u00bb4.16&Prime; _module_preset=\u00a0\u00bbdefault\u00a0\u00bb global_colors_info=\u00a0\u00bb{}\u00a0\u00bb]<\/p>\n<h4>Vous aimerez aussi :<\/h4>\n<p>[\/et_pb_text][et_pb_blog fullwidth=\u00a0\u00bboff\u00a0\u00bb posts_number=\u00a0\u00bb4&Prime; include_categories=\u00a0\u00bb24&Prime; use_manual_excerpt=\u00a0\u00bboff\u00a0\u00bb excerpt_length=\u00a0\u00bb0&Prime; show_author=\u00a0\u00bboff\u00a0\u00bb show_date=\u00a0\u00bboff\u00a0\u00bb show_excerpt=\u00a0\u00bboff\u00a0\u00bb show_pagination=\u00a0\u00bboff\u00a0\u00bb _builder_version=\u00a0\u00bb4.17.4&Prime; _module_preset=\u00a0\u00bbdefault\u00a0\u00bb header_level=\u00a0\u00bbh5&Prime; body_font_size=\u00a0\u00bb16px\u00a0\u00bb meta_font_size=\u00a0\u00bb16px\u00a0\u00bb read_more_font_size=\u00a0\u00bb16px\u00a0\u00bb global_module=\u00a0\u00bb2704&Prime; saved_tabs=\u00a0\u00bball\u00a0\u00bb global_colors_info=\u00a0\u00bb{}\u00a0\u00bb meta_font_size__hover_enabled=\u00a0\u00bboff|desktop\u00a0\u00bb][\/et_pb_blog][et_pb_team_member image_url=\u00a0\u00bbhttps:\/\/mediaboss.fr\/wp-content\/uploads\/alice-seguin-230x230px-150&#215;150.jpg\u00a0\u00bb facebook_url=\u00a0\u00bbhttps:\/\/www.facebook.com\/mediaboss.fr\u00a0\u00bb twitter_url=\u00a0\u00bbhttps:\/\/twitter.com\/Alice98327791&Prime; linkedin_url=\u00a0\u00bbwww.linkedin.com\/in\/alice-seguin\u00a0\u00bb image_url_last_edited=\u00a0\u00bboff|phone\u00a0\u00bb _builder_version=\u00a0\u00bb4.17.4&Prime; _module_preset=\u00a0\u00bbdefault\u00a0\u00bb child_filter_saturate=\u00a0\u00bb0%\u00a0\u00bb border_radii_image=\u00a0\u00bbon|0%|0%|0%|0%\u00a0\u00bb global_module=\u00a0\u00bb91&Prime; saved_tabs=\u00a0\u00bball\u00a0\u00bb global_colors_info=\u00a0\u00bb{}\u00a0\u00bb]<\/p>\n<p><strong>Alice SEGUIN<\/strong><\/p>\n<p>Alice est la fondatrice de <a title=\"Mediaboss\" href=\"\/\">Mediaboss<\/a>.<\/p>\n<p>Passionn\u00e9e par les <a title=\"r\u00e9seaux sociaux\" href=\"\/reseaux-sociaux\/\">r\u00e9seaux sociaux<\/a>, elle accompagne de nombreuses entreprises dans leur strat\u00e9gie social media, messageries instantan\u00e9es, investissement, cryptomonnaies\u2026<\/p>\n<p>Retrouvez-moi sur mes r\u00e9seaux sociaux et le compte <a href=\"https:\/\/mediaboss.substack.com\/\" target=\"_blank\" rel=\"noopener\" title=\"Substack de Mediaboss\">Substack de Mediaboss<\/a> :<\/p>\n<p>[\/et_pb_team_member][\/et_pb_column][et_pb_column type=\u00a0\u00bb1_3&Prime; _builder_version=\u00a0\u00bb4.16&Prime; _module_preset=\u00a0\u00bbdefault\u00a0\u00bb global_colors_info=\u00a0\u00bb{}\u00a0\u00bb][\/et_pb_column][\/et_pb_row][\/et_pb_section]<\/p>\n\n\n<div class=\"kk-star-ratings kksr-auto kksr-align-right kksr-valign-bottom\"\n    data-payload='{&quot;align&quot;:&quot;right&quot;,&quot;id&quot;:&quot;3972&quot;,&quot;slug&quot;:&quot;default&quot;,&quot;valign&quot;:&quot;bottom&quot;,&quot;ignore&quot;:&quot;&quot;,&quot;reference&quot;:&quot;auto&quot;,&quot;class&quot;:&quot;&quot;,&quot;count&quot;:&quot;0&quot;,&quot;legendonly&quot;:&quot;&quot;,&quot;readonly&quot;:&quot;&quot;,&quot;score&quot;:&quot;0&quot;,&quot;starsonly&quot;:&quot;&quot;,&quot;best&quot;:&quot;5&quot;,&quot;gap&quot;:&quot;5&quot;,&quot;greet&quot;:&quot;Note :&quot;,&quot;legend&quot;:&quot;0\\\/5 - (0 votes)&quot;,&quot;size&quot;:&quot;24&quot;,&quot;title&quot;:&quot;Influenceur Annecy: Notre Top 10 En 2023 (Classement)\u00a0&quot;,&quot;width&quot;:&quot;0&quot;,&quot;_legend&quot;:&quot;{score}\\\/{best} - ({count} {votes})&quot;,&quot;font_factor&quot;:&quot;1.25&quot;}'>\n            \n<div class=\"kksr-stars\">\n    \n<div class=\"kksr-stars-inactive\">\n            <div class=\"kksr-star\" data-star=\"1\" style=\"padding-right: 5px\">\n            \n\n<div class=\"kksr-icon\" style=\"width: 24px; height: 24px;\"><\/div>\n        <\/div>\n            <div class=\"kksr-star\" data-star=\"2\" style=\"padding-right: 5px\">\n            \n\n<div class=\"kksr-icon\" style=\"width: 24px; height: 24px;\"><\/div>\n        <\/div>\n            <div class=\"kksr-star\" data-star=\"3\" style=\"padding-right: 5px\">\n            \n\n<div class=\"kksr-icon\" style=\"width: 24px; height: 24px;\"><\/div>\n        <\/div>\n            <div class=\"kksr-star\" data-star=\"4\" style=\"padding-right: 5px\">\n            \n\n<div class=\"kksr-icon\" style=\"width: 24px; height: 24px;\"><\/div>\n        <\/div>\n            <div class=\"kksr-star\" data-star=\"5\" style=\"padding-right: 5px\">\n            \n\n<div class=\"kksr-icon\" style=\"width: 24px; height: 24px;\"><\/div>\n        <\/div>\n    <\/div>\n    \n<div class=\"kksr-stars-active\" style=\"width: 0px;\">\n            <div class=\"kksr-star\" style=\"padding-right: 5px\">\n            \n\n<div class=\"kksr-icon\" style=\"width: 24px; height: 24px;\"><\/div>\n        <\/div>\n            <div class=\"kksr-star\" style=\"padding-right: 5px\">\n            \n\n<div class=\"kksr-icon\" style=\"width: 24px; height: 24px;\"><\/div>\n        <\/div>\n            <div class=\"kksr-star\" style=\"padding-right: 5px\">\n            \n\n<div class=\"kksr-icon\" style=\"width: 24px; height: 24px;\"><\/div>\n        <\/div>\n            <div class=\"kksr-star\" style=\"padding-right: 5px\">\n            \n\n<div class=\"kksr-icon\" style=\"width: 24px; height: 24px;\"><\/div>\n        <\/div>\n            <div class=\"kksr-star\" style=\"padding-right: 5px\">\n            \n\n<div class=\"kksr-icon\" style=\"width: 24px; height: 24px;\"><\/div>\n        <\/div>\n    <\/div>\n<\/div>\n                \n\n<div class=\"kksr-legend\" style=\"font-size: 19.2px;\">\n            <span class=\"kksr-muted\">Note :<\/span>\n    <\/div>\n    <\/div>\n<div style=\"margin-top: 0px; margin-bottom: 0px;\" class=\"sharethis-inline-share-buttons\" ><\/div>","protected":false},"excerpt":{"rendered":"<p>Vous cherchez les top influenceurs et influenceuses \u00e0 Annecy en 2022? D\u00e9couvrez notre classement des 10 des influenceurs (et influenceuses) les plus populaires \u00e0 Annecy. Nous nous basons sur le nombre d&rsquo;abonn\u00e9s sur tous les plus gros r\u00e9seaux sociaux : Instagram, Facebook, TikTok, Youtube, Snapchat, Twitch, Twitter&#8230; Article mis \u00e0 jour en Juillet 2022. Lire [&hellip;]<\/p>\n","protected":false},"author":2,"featured_media":4066,"comment_status":"closed","ping_status":"open","sticky":false,"template":"","format":"standard","meta":{"_seopress_robots_primary_cat":"none","_seopress_titles_title":"Influenceur Annecy: Le Top 10 En %%currentyear%% (Classement)\u00a0","_seopress_titles_desc":"Regardez notre top 10 des influenceurs (influenceuses) les plus populaires \u00e0 Annecy en %%currentyear%%. Class\u00e9s par nombre d&#039;abonn\u00e9s sur Instagram, TikTok, Facebook, YouTube, Snapchat, Twitch...","_seopress_robots_index":"","_et_pb_use_builder":"on","_et_pb_old_content":"","_et_gb_content_width":"1280","footnotes":""},"categories":[24],"tags":[],"class_list":["post-3972","post","type-post","status-publish","format-standard","has-post-thumbnail","hentry","category-influence"],"_links":{"self":[{"href":"https:\/\/mediaboss.fr\/ja\/wp-json\/wp\/v2\/posts\/3972","targetHints":{"allow":["GET"]}}],"collection":[{"href":"https:\/\/mediaboss.fr\/ja\/wp-json\/wp\/v2\/posts"}],"about":[{"href":"https:\/\/mediaboss.fr\/ja\/wp-json\/wp\/v2\/types\/post"}],"author":[{"embeddable":true,"href":"https:\/\/mediaboss.fr\/ja\/wp-json\/wp\/v2\/users\/2"}],"replies":[{"embeddable":true,"href":"https:\/\/mediaboss.fr\/ja\/wp-json\/wp\/v2\/comments?post=3972"}],"version-history":[{"count":1,"href":"https:\/\/mediaboss.fr\/ja\/wp-json\/wp\/v2\/posts\/3972\/revisions"}],"predecessor-version":[{"id":14549,"href":"https:\/\/mediaboss.fr\/ja\/wp-json\/wp\/v2\/posts\/3972\/revisions\/14549"}],"wp:featuredmedia":[{"embeddable":true,"href":"https:\/\/mediaboss.fr\/ja\/wp-json\/wp\/v2\/media\/4066"}],"wp:attachment":[{"href":"https:\/\/mediaboss.fr\/ja\/wp-json\/wp\/v2\/media?parent=3972"}],"wp:term":[{"taxonomy":"category","embeddable":true,"href":"https:\/\/mediaboss.fr\/ja\/wp-json\/wp\/v2\/categories?post=3972"},{"taxonomy":"post_tag","embeddable":true,"href":"https:\/\/mediaboss.fr\/ja\/wp-json\/wp\/v2\/tags?post=3972"}],"curies":[{"name":"wp","href":"https:\/\/api.w.org\/{rel}","templated":true}]}}