{"id":3980,"date":"2022-07-18T15:29:03","date_gmt":"2022-07-18T13:29:03","guid":{"rendered":"https:\/\/mediaboss.fr\/?p=3980"},"modified":"2023-03-11T15:08:00","modified_gmt":"2023-03-11T13:08:00","slug":"influenceur-grenoble","status":"publish","type":"post","link":"https:\/\/mediaboss.fr\/ja\/%e3%82%a4%e3%83%b3%e3%83%95%e3%83%ab%e3%82%a8%e3%83%b3%e3%82%b5%e3%83%bc%e3%83%bb%e3%82%b0%e3%83%ab%e3%83%8e%e3%83%bc%e3%83%96%e3%83%ab\/","title":{"rendered":"\u30a4\u30f3\u30d5\u30eb\u30a8\u30f3\u30b5\u30fc\u30fb\u30b0\u30eb\u30ce\u30fc\u30d6\u30eb\uff1a2023\u5e74\u30c8\u30c3\u30d712\uff08\u30e9\u30f3\u30ad\u30f3\u30b0\uff09\u00a0"},"content":{"rendered":"<div style=\"margin-top: 0px; margin-bottom: 0px;\" class=\"sharethis-inline-share-buttons\" ><\/div>\n[et_pb_section fb_built=\u00a0\u00bb1&Prime; _builder_version=\u00a0\u00bb4.16&Prime; global_colors_info=\u00a0\u00bb{}\u00a0\u00bb][et_pb_row column_structure=\u00a0\u00bb2_3,1_3&Prime; _builder_version=\u00a0\u00bb4.16&Prime; background_size=\u00a0\u00bbinitial\u00a0\u00bb background_position=\u00a0\u00bbtop_left\u00a0\u00bb background_repeat=\u00a0\u00bbrepeat\u00a0\u00bb global_colors_info=\u00a0\u00bb{}\u00a0\u00bb][et_pb_column type=\u00a0\u00bb2_3&Prime; _builder_version=\u00a0\u00bb4.16&Prime; custom_padding=\u00a0\u00bb|||\u00a0\u00bb global_colors_info=\u00a0\u00bb{}\u00a0\u00bb custom_padding__hover=\u00a0\u00bb|||\u00a0\u00bb][et_pb_post_title date=\u00a0\u00bboff\u00a0\u00bb comments=\u00a0\u00bboff\u00a0\u00bb _builder_version=\u00a0\u00bb4.17.4&Prime; _module_preset=\u00a0\u00bbdefault\u00a0\u00bb global_colors_info=\u00a0\u00bb{}\u00a0\u00bb][\/et_pb_post_title][et_pb_text _builder_version=\u00a0\u00bb4.19.4&Prime; _module_preset=\u00a0\u00bbdefault\u00a0\u00bb link_line_height=\u00a0\u00bb1.7em\u00a0\u00bb ul_line_height=\u00a0\u00bb1.7em\u00a0\u00bb ol_line_height=\u00a0\u00bb1.7em\u00a0\u00bb quote_line_height=\u00a0\u00bb1.7em\u00a0\u00bb hover_enabled=\u00a0\u00bb0&Prime; global_colors_info=\u00a0\u00bb{}\u00a0\u00bb sticky_enabled=\u00a0\u00bb0&Prime;]<p>Vous cherchez les top <strong>influenceurs et influenceuses \u00e0 Grenoble <\/strong>en 2023?<\/p>\n<p>D\u00e9couvrez notre classement des <strong>12 des influenceurs (et influenceuses) les plus populaires \u00e0 Grenoble <\/strong>.<\/p>\n<p>Nous nous basons sur le nombre d&rsquo;abonn\u00e9s sur tous les plus gros r\u00e9seaux sociaux :<\/p>\n<p>Instagram, Facebook, TikTok, Youtube, Snapchat, Twitch, Twitter&#8230;<\/p>\n<p style=\"text-align: right;\"><em>Article mis \u00e0 jour en <strong>Janvier 2023<\/strong>.<\/em><\/p>\n<p style=\"text-align: right;\"><em><\/em><\/p>\n<blockquote>\n<p style=\"text-align: center;\">Lire aussi : <a href=\"https:\/\/mediaboss.fr\/classement-influenceurs-france\/\" title=\"classement influenceurs france\">Classement Des 16 Influenceurs Les Plus Suivis En France<\/a><em><\/em><\/p>\n<\/blockquote>\n<p style=\"text-align: right;\"><em><\/em><\/p>\n<h2>Influenceur \u00e0 Grenoble : nano-influenceur, micro-influenceur, macro-influenceur&#8230;<\/h2>\n<p>\u00catre influenceur \/ influenceuse \u00e0 <strong>Grenoble<\/strong> en 2023, c&rsquo;est \u00eatre un leader d&rsquo;opinion local sur <strong>Grenoble<\/strong> et en r\u00e9gion <b>RRRR <\/b>: <b>Echirolles, Saint-Martin-d&rsquo;H\u00e8res, Vienne, Bourgoin-Jallieu, Fontaine, Voiron&#8230;<\/b><\/p>\n<p>C&rsquo;est influencer les comportements des consommateurs <strong>grenoblois<\/strong> et <strong>grenobloises\u00a0<\/strong>via les r\u00e9seaux sociaux : Instagram, TikTok, Facebook, YouTube&#8230;<\/p>\n<ul>\n<li><strong>Nano influenceur<\/strong> : un nano influenceur (\u00e0 <strong>Grenoble<\/strong> et ailleurs) a une communaut\u00e9 de <strong>moins de 5 000 abonn\u00e9s<\/strong> sur les r\u00e9seaux sociaux<\/li>\n<li><strong>Micro influenceur<\/strong> : un micro influenceur a <strong>entre 5 000 et 100 000 abonn\u00e9s<\/strong> sur les r\u00e9seaux sociaux<\/li>\n<li><strong>Macro influenceur<\/strong> : un macro-influenceur a <strong>entre 100 000 et 1 million d&rsquo;abonn\u00e9s<\/strong> sur les r\u00e9seaux sociaux<\/li>\n<li>C\u00e9l\u00e9brit\u00e9 : une c\u00e9l\u00e9brit\u00e9 a <strong>plus de 1M d&rsquo;abonn\u00e9s<\/strong> sur les r\u00e9seaux sociaux<\/li>\n<\/ul>\n<p>D\u00e9couvrons maintenant notre <strong>top 12 influenceurs \u00e0 Grenoble <\/strong>(2023) :<\/p>\n<p>&nbsp;<\/p>\n<h2>Top 12 des influenceurs (influenceuses) \u00e0 Grenoble en 2023<\/h2>\n<p>D\u00e9couvrez maintenant notre classement des <strong>12\u00a0 influenceurs et influenceuses les plus populaires \u00e0 Grenoble <\/strong>en 2023.<\/p>\n<p>Les influenceurs <b>grenoblois (grenobloises) <\/b>sont class\u00e9s par nombre d&rsquo;abonn\u00e9s total sur tous les principaux r\u00e9seaux sociaux : Instagram, TikTok, Facebook, YouTube, Twitter, Twitch, Snapchat&#8230;<\/p>\n<p>Voici notre<strong> top 12 <\/strong>par ordre d\u00e9croissant de popularit\u00e9, du <strong>plus petit au plus grand nombre d&rsquo;abonn\u00e9s<\/strong> sur tous les r\u00e9seaux sociaux :<\/p>\n<p style=\"text-align: right;\"><em>Donn\u00e9es mises \u00e0 jour en <strong>Janvier 2023<\/strong><\/em><\/p>\n<p>&nbsp;<\/p>\n<h3>12. @pepettebylyon &#8211; 19\u202f400 abonn\u00e9s<\/h3>\n<p><strong>Influenceuse \u00e0 Grenoble<\/strong><\/p>\n<ul>\n<li>19\u202f400 abonn\u00e9s sur <strong>Instagram<\/strong> en 2023<\/li>\n<li>Vrai nom : <strong>M\u00e9lanie<\/strong><\/li>\n<li>Genre : <strong>femme<\/strong><\/li>\n<li>Pays : <strong>France<\/strong><\/li>\n<li>R\u00e9gion : <strong>Auvergne-Rh\u00f4ne-Alpes<\/strong><\/li>\n<li>D\u00e9partement : <strong>Is\u00e8re (38)<\/strong><\/li>\n<li>Ville : <strong>Grenoble (38000)<\/strong><\/li>\n<li>Bio Instagram : <em>\u00ab\u00a0PepetteByLyon \u2b50\ufe0f<br \/>Me\u0301lanie<br \/>\ud83d\udccdGRENOBLE\ud83c\uddeb\ud83c\uddf7<br \/>\u2709\ufe0f pepettebylyon@gmail.com \u00ab\u00a0<\/em><\/li>\n<li>Extrait photos :<\/li>\n<\/ul>\n<p><img loading=\"lazy\" decoding=\"async\" src=\"https:\/\/mediaboss.fr\/wp-content\/uploads\/influenceur-Grenoble-PepetteByLyon-\u2b50\ufe0f-pepettebylyon-\u2022-Photos-et-videos-Instagram.jpg\" width=\"1200\" height=\"860\" alt=\"influenceur-Grenoble-PepetteByLyon-\u2b50\ufe0f-pepettebylyon-\u2022-Photos-et-vid\u00e9os-Instagram\" class=\"wp-image-4493 aligncenter size-full\" srcset=\"https:\/\/mediaboss.fr\/wp-content\/uploads\/influenceur-Grenoble-PepetteByLyon-\u2b50\ufe0f-pepettebylyon-\u2022-Photos-et-videos-Instagram.jpg 1200w, https:\/\/mediaboss.fr\/wp-content\/uploads\/influenceur-Grenoble-PepetteByLyon-\u2b50\ufe0f-pepettebylyon-\u2022-Photos-et-videos-Instagram-300x215.jpg 300w, https:\/\/mediaboss.fr\/wp-content\/uploads\/influenceur-Grenoble-PepetteByLyon-\u2b50\ufe0f-pepettebylyon-\u2022-Photos-et-videos-Instagram-768x550.jpg 768w, https:\/\/mediaboss.fr\/wp-content\/uploads\/influenceur-Grenoble-PepetteByLyon-\u2b50\ufe0f-pepettebylyon-\u2022-Photos-et-videos-Instagram-1080x774.jpg 1080w, https:\/\/mediaboss.fr\/wp-content\/uploads\/influenceur-Grenoble-PepetteByLyon-\u2b50\ufe0f-pepettebylyon-\u2022-Photos-et-videos-Instagram-980x702.jpg 980w, https:\/\/mediaboss.fr\/wp-content\/uploads\/influenceur-Grenoble-PepetteByLyon-\u2b50\ufe0f-pepettebylyon-\u2022-Photos-et-videos-Instagram-480x344.jpg 480w\" sizes=\"(max-width: 1200px) 100vw, 1200px\" \/><\/p>\n<p>&nbsp;<\/p>\n<h3>11. @gre_art\u00a0 &#8211; 20\u202f000 abonn\u00e9s<\/h3>\n<p><strong>Influenceur \u00e0 Grenoble<\/strong><\/p>\n<ul>\n<li>20\u202f000 abonn\u00e9s sur <strong>Instagram<\/strong> en 2023<\/li>\n<li>Vrai nom : <strong>nc<\/strong><\/li>\n<li>Genre : <strong>nc<\/strong><\/li>\n<li>Pays : <strong>France<\/strong><\/li>\n<li>R\u00e9gion : <strong>Auvergne-Rh\u00f4ne-Alpes<\/strong><\/li>\n<li>D\u00e9partement : <strong>Is\u00e8re (38)<\/strong><\/li>\n<li>Ville : <strong>Grenoble (38000)<\/strong><\/li>\n<li>Bio Instagram : <em>\u00ab\u00a0Grenoble Streetart<br \/>Communaut\u00e9<br \/>\ud83c\uddeb\ud83c\uddf7 France, Grenoble<br \/>\ud83d\udc49 ManIger @igersGrenoble<br \/>\u2139 Street-art made in Grenoble<br \/>\u00ae All rights reserved photos<br \/>\ud83d\udcf7 Nikon D5600 \/ Huawei Mate 20 pro<br \/>#gre_art \u00ab\u00a0<\/em><\/li>\n<li>Extrait photos :<\/li>\n<\/ul>\n<p><img loading=\"lazy\" decoding=\"async\" src=\"https:\/\/mediaboss.fr\/wp-content\/uploads\/influenceur-Grenoble-Grenoble-Streetart-gre_art-\u2022-Photos-et-videos-Instagram.jpg\" width=\"1200\" height=\"860\" alt=\"influenceur-Grenoble-Grenoble-Streetart-gre_art-\u2022-Photos-et-vid\u00e9os-Instagram\" class=\"wp-image-4492 aligncenter size-full\" srcset=\"https:\/\/mediaboss.fr\/wp-content\/uploads\/influenceur-Grenoble-Grenoble-Streetart-gre_art-\u2022-Photos-et-videos-Instagram.jpg 1200w, https:\/\/mediaboss.fr\/wp-content\/uploads\/influenceur-Grenoble-Grenoble-Streetart-gre_art-\u2022-Photos-et-videos-Instagram-300x215.jpg 300w, https:\/\/mediaboss.fr\/wp-content\/uploads\/influenceur-Grenoble-Grenoble-Streetart-gre_art-\u2022-Photos-et-videos-Instagram-768x550.jpg 768w, https:\/\/mediaboss.fr\/wp-content\/uploads\/influenceur-Grenoble-Grenoble-Streetart-gre_art-\u2022-Photos-et-videos-Instagram-1080x774.jpg 1080w, https:\/\/mediaboss.fr\/wp-content\/uploads\/influenceur-Grenoble-Grenoble-Streetart-gre_art-\u2022-Photos-et-videos-Instagram-980x702.jpg 980w, https:\/\/mediaboss.fr\/wp-content\/uploads\/influenceur-Grenoble-Grenoble-Streetart-gre_art-\u2022-Photos-et-videos-Instagram-480x344.jpg 480w\" sizes=\"(max-width: 1200px) 100vw, 1200px\" \/><\/p>\n<p>&nbsp;<\/p>\n<h2>Influenceuse Grenoble : le Top 10 En 2023<\/h2>\n<p>Et voici notre classement des 10 influenceurs et influenceuses les plus populaires \u00e0 Grenoble et sa r\u00e9gion :<\/p>\n<p>&nbsp;<\/p>\n<h3>10. @grenoblefoodie &#8211; 24\u202f884\u00a0 abonn\u00e9s<\/h3>\n<p><strong>Influenceuses \u00e0 Grenoble<\/strong><\/p>\n<ul>\n<li>22\u202f500 abonn\u00e9s sur <strong>Instagram<\/strong> en 2023<\/li>\n<li>2 384 abonn\u00e9s sur <strong>Facebook<\/strong><\/li>\n<li>Vrai nom : <strong>Am\u00e9lie Saldarini et Laura<\/strong><\/li>\n<li>Genre : <strong>femmes<\/strong><\/li>\n<li>Pays : <strong>France<\/strong><\/li>\n<li>R\u00e9gion : <strong>Auvergne-Rh\u00f4ne-Alpes<\/strong><\/li>\n<li>D\u00e9partement : <strong>Is\u00e8re (38)<\/strong><\/li>\n<li>Ville : <strong>Grenoble (38000)<\/strong><\/li>\n<li>Bio Instagram : <em>\u00ab\u00a0Ou\u0300 manger a\u0300 Grenoble ?<br \/>\ud83c\udf74\u2022 Le guide des foodies grenobloises<br \/>@laullllo @ameliesaldarini<br \/>\ud83c\udf81\u2022 Concours food chaque semaine<br \/>\ud83c\udf99\u2022 Chronique sur @bleuisere \u00ab\u00a0<\/em><\/li>\n<li>Extrait photos :<\/li>\n<\/ul>\n<p><img loading=\"lazy\" decoding=\"async\" src=\"https:\/\/mediaboss.fr\/wp-content\/uploads\/influenceur-Grenoble-Ou\u0300-manger-a\u0300-Grenoble-grenoblefoodie-\u2022-Photos-et-videos-Instagram.jpg\" width=\"1200\" height=\"860\" alt=\"influenceur-Grenoble-Ou\u0300-manger-a\u0300-Grenoble-grenoblefoodie-\u2022-Photos-et-vid\u00e9os-Instagram\" class=\"wp-image-4491 aligncenter size-full\" srcset=\"https:\/\/mediaboss.fr\/wp-content\/uploads\/influenceur-Grenoble-Ou\u0300-manger-a\u0300-Grenoble-grenoblefoodie-\u2022-Photos-et-videos-Instagram.jpg 1200w, https:\/\/mediaboss.fr\/wp-content\/uploads\/influenceur-Grenoble-Ou\u0300-manger-a\u0300-Grenoble-grenoblefoodie-\u2022-Photos-et-videos-Instagram-300x215.jpg 300w, https:\/\/mediaboss.fr\/wp-content\/uploads\/influenceur-Grenoble-Ou\u0300-manger-a\u0300-Grenoble-grenoblefoodie-\u2022-Photos-et-videos-Instagram-768x550.jpg 768w, https:\/\/mediaboss.fr\/wp-content\/uploads\/influenceur-Grenoble-Ou\u0300-manger-a\u0300-Grenoble-grenoblefoodie-\u2022-Photos-et-videos-Instagram-1080x774.jpg 1080w, https:\/\/mediaboss.fr\/wp-content\/uploads\/influenceur-Grenoble-Ou\u0300-manger-a\u0300-Grenoble-grenoblefoodie-\u2022-Photos-et-videos-Instagram-980x702.jpg 980w, https:\/\/mediaboss.fr\/wp-content\/uploads\/influenceur-Grenoble-Ou\u0300-manger-a\u0300-Grenoble-grenoblefoodie-\u2022-Photos-et-videos-Instagram-480x344.jpg 480w\" sizes=\"(max-width: 1200px) 100vw, 1200px\" \/><\/p>\n<p>&nbsp;<\/p>\n<h3>9. @astegiano.remi &#8211; 32\u202f900 abonn\u00e9s<\/h3>\n<p><strong>Influenceur \u00e0 Grenoble<\/strong><\/p>\n<ul>\n<li>32\u202f900 abonn\u00e9s sur <strong>Instagram<\/strong> en 2023<\/li>\n<li>Vrai nom : <strong>R\u00e9mi Ast\u00e9giano<\/strong><\/li>\n<li>Genre : <strong>homme<\/strong><\/li>\n<li>Pays : <strong>France<\/strong><\/li>\n<li>R\u00e9gion : <strong>Auvergne-Rh\u00f4ne-Alpes<\/strong><\/li>\n<li>D\u00e9partement : <strong>Is\u00e8re (38)<\/strong><\/li>\n<li>Ville : <strong>Grenoble (38000)<\/strong><\/li>\n<li>Bio Instagram : <em>\u00ab\u00a0R\u00e9mi Ast\u00e9giano<br \/>Blog personnel<br \/>\ud83d\udccdValence \/ Grenoble<br \/>\ud83c\udfd4\ufe0f Mountain &amp; Outdoor Sport<br \/>\ud83d\udde3\ufe0f @faguo | @meromero_collection<br \/>\ud83d\ude80 Work @cimalpofficial<br \/>\u2709\ufe0f astegiano.remi@gmail.com\u00a0\u00bb<\/em><\/li>\n<li>Extrait photos :<\/li>\n<\/ul>\n<p><img loading=\"lazy\" decoding=\"async\" src=\"https:\/\/mediaboss.fr\/wp-content\/uploads\/influenceur-Grenoble-Remi-Astegiano-astegiano-remi-\u2022-Photos-et-videos-Instagram.jpg\" width=\"1200\" height=\"860\" alt=\"influenceur-Grenoble-R\u00e9mi-Ast\u00e9giano-astegiano-remi-\u2022-Photos-et-vid\u00e9os-Instagram\" class=\"wp-image-4490 aligncenter size-full\" srcset=\"https:\/\/mediaboss.fr\/wp-content\/uploads\/influenceur-Grenoble-Remi-Astegiano-astegiano-remi-\u2022-Photos-et-videos-Instagram.jpg 1200w, https:\/\/mediaboss.fr\/wp-content\/uploads\/influenceur-Grenoble-Remi-Astegiano-astegiano-remi-\u2022-Photos-et-videos-Instagram-300x215.jpg 300w, https:\/\/mediaboss.fr\/wp-content\/uploads\/influenceur-Grenoble-Remi-Astegiano-astegiano-remi-\u2022-Photos-et-videos-Instagram-768x550.jpg 768w, https:\/\/mediaboss.fr\/wp-content\/uploads\/influenceur-Grenoble-Remi-Astegiano-astegiano-remi-\u2022-Photos-et-videos-Instagram-1080x774.jpg 1080w, https:\/\/mediaboss.fr\/wp-content\/uploads\/influenceur-Grenoble-Remi-Astegiano-astegiano-remi-\u2022-Photos-et-videos-Instagram-980x702.jpg 980w, https:\/\/mediaboss.fr\/wp-content\/uploads\/influenceur-Grenoble-Remi-Astegiano-astegiano-remi-\u2022-Photos-et-videos-Instagram-480x344.jpg 480w\" sizes=\"(max-width: 1200px) 100vw, 1200px\" \/><\/p>\n<p>&nbsp;<\/p>\n<h3>8. @barbaraborne &#8211; 44\u202f100 abonn\u00e9s<\/h3>\n<p><strong>Influenceuse \u00e0 Grenoble<\/strong><\/p>\n<ul>\n<li>44\u202f100 abonn\u00e9s sur <strong>Instagram<\/strong> en 2023<\/li>\n<li>Vrai nom : <strong>Barbara Borne<\/strong><\/li>\n<li>Genre : <strong>femme<\/strong><\/li>\n<li>Pays : <strong>France<\/strong><\/li>\n<li>R\u00e9gion : <strong>Auvergne-Rh\u00f4ne-Alpes<\/strong><\/li>\n<li>D\u00e9partement : <strong>Is\u00e8re (38)<\/strong><\/li>\n<li>Ville : <strong>Grenoble (38000)<\/strong><\/li>\n<li>Bio Instagram : <em>\u00ab\u00a0Barbara Borne<br \/>Grenoble \/ Paris<br \/>contact@barbaraborne.com \u00ab\u00a0<\/em><\/li>\n<li>Extrait photos :<\/li>\n<\/ul>\n<p><img loading=\"lazy\" decoding=\"async\" src=\"https:\/\/mediaboss.fr\/wp-content\/uploads\/influenceur-Grenoble-Barbara-Borne-barbaraborne-\u2022-Photos-et-videos-Instagram.jpg\" width=\"1200\" height=\"860\" alt=\"influenceur-Grenoble-Barbara-Borne-barbaraborne-\u2022-Photos-et-vid\u00e9os-Instagram\" class=\"wp-image-4489 aligncenter size-full\" srcset=\"https:\/\/mediaboss.fr\/wp-content\/uploads\/influenceur-Grenoble-Barbara-Borne-barbaraborne-\u2022-Photos-et-videos-Instagram.jpg 1200w, https:\/\/mediaboss.fr\/wp-content\/uploads\/influenceur-Grenoble-Barbara-Borne-barbaraborne-\u2022-Photos-et-videos-Instagram-300x215.jpg 300w, https:\/\/mediaboss.fr\/wp-content\/uploads\/influenceur-Grenoble-Barbara-Borne-barbaraborne-\u2022-Photos-et-videos-Instagram-768x550.jpg 768w, https:\/\/mediaboss.fr\/wp-content\/uploads\/influenceur-Grenoble-Barbara-Borne-barbaraborne-\u2022-Photos-et-videos-Instagram-1080x774.jpg 1080w, https:\/\/mediaboss.fr\/wp-content\/uploads\/influenceur-Grenoble-Barbara-Borne-barbaraborne-\u2022-Photos-et-videos-Instagram-980x702.jpg 980w, https:\/\/mediaboss.fr\/wp-content\/uploads\/influenceur-Grenoble-Barbara-Borne-barbaraborne-\u2022-Photos-et-videos-Instagram-480x344.jpg 480w\" sizes=\"(max-width: 1200px) 100vw, 1200px\" \/><\/p>\n<p>&nbsp;<\/p>\n<h3>7. @audrey_laure &#8211; 58\u202f600 abonn\u00e9s<\/h3>\n<p><strong>Influenceuse \u00e0 Grenoble<\/strong><\/p>\n<ul>\n<li>37\u202f400 abonn\u00e9s sur <strong>Instagram<\/strong> en 2023<\/li>\n<li>21 200 abonn\u00e9s sur <strong>TikTok<\/strong><\/li>\n<li>Vrai nom : <strong>Audrey Laure<\/strong><\/li>\n<li>Genre : <strong>femme<\/strong><\/li>\n<li>Pays : <strong>France<\/strong><\/li>\n<li>R\u00e9gion : <strong>Auvergne-Rh\u00f4ne-Alpes<\/strong><\/li>\n<li>D\u00e9partement : <strong>Is\u00e8re (38)<\/strong><\/li>\n<li>Ville : <strong>Grenoble (38000)<\/strong><\/li>\n<li>Bio Instagram : <em>\u00ab\u00a0\ud83d\udc95Audrey-Laure \ud83c\udf3a<br \/>Blog personnel<br \/>\ud83c\udfd4\ufe0fGrenoble, France.<br \/>Tourisme en France, vie quotidienne, sport &amp; bons plans locaux.\u00a0\u00bb<\/em><\/li>\n<li>Extrait photos :<\/li>\n<\/ul>\n<p><img loading=\"lazy\" decoding=\"async\" src=\"https:\/\/mediaboss.fr\/wp-content\/uploads\/influenceur-Grenoble-\ud83d\udc95Audrey-Laure-\ud83c\udf3a-audrey_laure-\u2022-Photos-et-videos-Instagram.jpg\" width=\"1200\" height=\"860\" alt=\"influenceur-Grenoble-\ud83d\udc95Audrey-Laure-\ud83c\udf3a-audrey_laure-\u2022-Photos-et-vid\u00e9os-Instagram\" class=\"wp-image-4488 aligncenter size-full\" srcset=\"https:\/\/mediaboss.fr\/wp-content\/uploads\/influenceur-Grenoble-\ud83d\udc95Audrey-Laure-\ud83c\udf3a-audrey_laure-\u2022-Photos-et-videos-Instagram.jpg 1200w, https:\/\/mediaboss.fr\/wp-content\/uploads\/influenceur-Grenoble-\ud83d\udc95Audrey-Laure-\ud83c\udf3a-audrey_laure-\u2022-Photos-et-videos-Instagram-300x215.jpg 300w, https:\/\/mediaboss.fr\/wp-content\/uploads\/influenceur-Grenoble-\ud83d\udc95Audrey-Laure-\ud83c\udf3a-audrey_laure-\u2022-Photos-et-videos-Instagram-768x550.jpg 768w, https:\/\/mediaboss.fr\/wp-content\/uploads\/influenceur-Grenoble-\ud83d\udc95Audrey-Laure-\ud83c\udf3a-audrey_laure-\u2022-Photos-et-videos-Instagram-1080x774.jpg 1080w, https:\/\/mediaboss.fr\/wp-content\/uploads\/influenceur-Grenoble-\ud83d\udc95Audrey-Laure-\ud83c\udf3a-audrey_laure-\u2022-Photos-et-videos-Instagram-980x702.jpg 980w, https:\/\/mediaboss.fr\/wp-content\/uploads\/influenceur-Grenoble-\ud83d\udc95Audrey-Laure-\ud83c\udf3a-audrey_laure-\u2022-Photos-et-videos-Instagram-480x344.jpg 480w\" sizes=\"(max-width: 1200px) 100vw, 1200px\" \/><\/p>\n<p>&nbsp;<\/p>\n<h3>6. @alexis.marcellin\u00a0 &#8211; 60\u202f220\u00a0 abonn\u00e9s<\/h3>\n<p><strong>Influenceur \u00e0 Grenoble<\/strong><\/p>\n<ul>\n<li>46\u202f400 abonn\u00e9s sur <strong>Instagram<\/strong> en 2023<\/li>\n<li>2 820 abonn\u00e9s sur <strong>TikTok<\/strong><\/li>\n<li>12 000 abonn\u00e9s sur <strong>Facebook<\/strong><\/li>\n<li>Vrai nom : <strong>nc<\/strong><\/li>\n<li>Genre : <strong>homme<\/strong><\/li>\n<li>Pays : <strong>France<\/strong><\/li>\n<li>R\u00e9gion : <strong>Auvergne-Rh\u00f4ne-Alpes<\/strong><\/li>\n<li>D\u00e9partement : <strong>Is\u00e8re (38)<\/strong><\/li>\n<li>Ville : <strong>Grenoble (38000)<\/strong><\/li>\n<li>Bio Instagram : <em>\u00ab\u00a0Alexis Marcellin<br \/>Cr\u00e9ateur digital<br \/>\u2708\ufe0fTravel Photographer | Grenoble \ud83c\uddeb\ud83c\uddf7<br \/>\ud83d\udcf8Sony Alpha \ud835\udfaa7R III \/ Team @samyangfrance creator<br \/>\ud83c\udf0d@savoiemontblanc \/ @isere.le.departement<br \/>\ud83d\udc8cDM for collab\u2019 \u00ab\u00a0<\/em><\/li>\n<li>Extrait photos :<\/li>\n<\/ul>\n<p><img loading=\"lazy\" decoding=\"async\" src=\"https:\/\/mediaboss.fr\/wp-content\/uploads\/influenceur-Grenoble-Alexis-Marcellin-alexis-marcellin-\u2022-Photos-et-videos-Instagram.jpg\" width=\"1200\" height=\"860\" alt=\"influenceur-Grenoble-Alexis-Marcellin-alexis-marcellin-\u2022-Photos-et-vid\u00e9os-Instagram\" class=\"wp-image-4487 aligncenter size-full\" srcset=\"https:\/\/mediaboss.fr\/wp-content\/uploads\/influenceur-Grenoble-Alexis-Marcellin-alexis-marcellin-\u2022-Photos-et-videos-Instagram.jpg 1200w, https:\/\/mediaboss.fr\/wp-content\/uploads\/influenceur-Grenoble-Alexis-Marcellin-alexis-marcellin-\u2022-Photos-et-videos-Instagram-300x215.jpg 300w, https:\/\/mediaboss.fr\/wp-content\/uploads\/influenceur-Grenoble-Alexis-Marcellin-alexis-marcellin-\u2022-Photos-et-videos-Instagram-768x550.jpg 768w, https:\/\/mediaboss.fr\/wp-content\/uploads\/influenceur-Grenoble-Alexis-Marcellin-alexis-marcellin-\u2022-Photos-et-videos-Instagram-1080x774.jpg 1080w, https:\/\/mediaboss.fr\/wp-content\/uploads\/influenceur-Grenoble-Alexis-Marcellin-alexis-marcellin-\u2022-Photos-et-videos-Instagram-980x702.jpg 980w, https:\/\/mediaboss.fr\/wp-content\/uploads\/influenceur-Grenoble-Alexis-Marcellin-alexis-marcellin-\u2022-Photos-et-videos-Instagram-480x344.jpg 480w\" sizes=\"(max-width: 1200px) 100vw, 1200px\" \/><\/p>\n<p>&nbsp;<\/p>\n<h3>5. @zellianasystem &#8211; 60 400 abonn\u00e9s<\/h3>\n<p><strong>Influenceuse \u00e0 Grenoble<\/strong><\/p>\n<ul>\n<li>60\u202f400 abonn\u00e9s sur <strong>Instagram<\/strong> en 2023<\/li>\n<li>25 900 abonn\u00e9s sur <strong>TikTok<\/strong><\/li>\n<li>19 800 abonn\u00e9s sur <strong>YouTube<\/strong><\/li>\n<li>Vrai nom : <strong>nc<\/strong><\/li>\n<li>Genre : <strong>femme<\/strong><\/li>\n<li>Pays : <strong>France<\/strong><\/li>\n<li>R\u00e9gion : <strong>Auvergne-Rh\u00f4ne-Alpes<\/strong><\/li>\n<li>D\u00e9partement : <strong>Is\u00e8re (38)<\/strong><\/li>\n<li>Ville : <strong>Grenoble (38000)<\/strong><\/li>\n<li>Bio Instagram : <em>\u00ab\u00a0Zelliana<br \/>Scientifique<br \/>\ud83d\udc69\ud83c\udffc\u200d\ud83d\udd2c 24 ans, diag TDI &#8211; 12 alters<br \/>\ud83d\udcda Master 2 Neurosciences\/Neurobiology \ud83e\udde0 \u00e0 l&rsquo;UGA<br \/>\ud83d\udcd1 Science &amp; TDI (TikTok\/YT et Drive \u2b07\ufe0f)\u00a0\u00bb<\/em><\/li>\n<li>Extrait photos :<\/li>\n<\/ul>\n<p><img loading=\"lazy\" decoding=\"async\" src=\"https:\/\/mediaboss.fr\/wp-content\/uploads\/influenceuse-Grenoble-Zelliana-zellianasystem-\u2022-Photos-et-videos-Instagram.jpg\" width=\"1200\" height=\"800\" alt=\"influenceuse-Grenoble-Zelliana-zellianasystem-\u2022-Photos-et-videos-Instagram\" class=\"wp-image-12193 aligncenter size-full\" srcset=\"https:\/\/mediaboss.fr\/wp-content\/uploads\/influenceuse-Grenoble-Zelliana-zellianasystem-\u2022-Photos-et-videos-Instagram.jpg 1200w, https:\/\/mediaboss.fr\/wp-content\/uploads\/influenceuse-Grenoble-Zelliana-zellianasystem-\u2022-Photos-et-videos-Instagram-300x200.jpg 300w, https:\/\/mediaboss.fr\/wp-content\/uploads\/influenceuse-Grenoble-Zelliana-zellianasystem-\u2022-Photos-et-videos-Instagram-768x512.jpg 768w, https:\/\/mediaboss.fr\/wp-content\/uploads\/influenceuse-Grenoble-Zelliana-zellianasystem-\u2022-Photos-et-videos-Instagram-18x12.jpg 18w, https:\/\/mediaboss.fr\/wp-content\/uploads\/influenceuse-Grenoble-Zelliana-zellianasystem-\u2022-Photos-et-videos-Instagram-1080x720.jpg 1080w, https:\/\/mediaboss.fr\/wp-content\/uploads\/influenceuse-Grenoble-Zelliana-zellianasystem-\u2022-Photos-et-videos-Instagram-980x653.jpg 980w, https:\/\/mediaboss.fr\/wp-content\/uploads\/influenceuse-Grenoble-Zelliana-zellianasystem-\u2022-Photos-et-videos-Instagram-480x320.jpg 480w\" sizes=\"(max-width: 1200px) 100vw, 1200px\" \/><\/p>\n<p>&nbsp;<\/p>\n<h3>4. @nelloux\u00a0 &#8211; 70 400 abonn\u00e9s<\/h3>\n<p><strong>Influenceuse \u00e0 Grenoble<\/strong><\/p>\n<ul>\n<li>69\u202f400 abonn\u00e9s sur <strong>Instagram<\/strong> en 2023<\/li>\n<li>1 000 abonn\u00e9s sur <strong>Facebook<\/strong><\/li>\n<li>Vrai nom : <strong>nc<\/strong><\/li>\n<li>Genre : <strong>femme<\/strong><\/li>\n<li>Pays : <strong>France<\/strong><\/li>\n<li>R\u00e9gion : <strong>Auvergne-Rh\u00f4ne-Alpes<\/strong><\/li>\n<li>D\u00e9partement : <strong>Is\u00e8re (38)<\/strong><\/li>\n<li>Ville : <strong>Grenoble (38000)<\/strong><\/li>\n<li>Bio Instagram : <em>\u00ab\u00a0Nell \ud83c\udf38<br \/>Blog personnel<br \/>Bosser la nuit \ud83e\uddec\ud83c\udf1a<br \/>Cuisine\ud83d\udc69\ud83c\udffb\u200d\ud83c\udf73 Sport \ud83c\udfcb\ud83c\udffb\u200d\u2642\ufe0f &amp; happy mood \ud83c\udf08<br \/>C\u0153ur pris \u2665\ufe0f\ud83d\udd10<br \/>\ud83c\uddeb\ud83c\uddf7 Grenoble \ud83c\udfd4 \u00ab\u00a0<\/em><\/li>\n<li>Extrait photos :<\/li>\n<\/ul>\n<p><img loading=\"lazy\" decoding=\"async\" src=\"https:\/\/mediaboss.fr\/wp-content\/uploads\/influenceur-Grenoble-Nell-\ud83c\udf38-nelloux-\u2022-Photos-et-videos-Instagram.jpg\" width=\"1200\" height=\"860\" alt=\"influenceur-Grenoble-Nell-\ud83c\udf38-nelloux-\u2022-Photos-et-vid\u00e9os-Instagram\" class=\"wp-image-4486 aligncenter size-full\" srcset=\"https:\/\/mediaboss.fr\/wp-content\/uploads\/influenceur-Grenoble-Nell-\ud83c\udf38-nelloux-\u2022-Photos-et-videos-Instagram.jpg 1200w, https:\/\/mediaboss.fr\/wp-content\/uploads\/influenceur-Grenoble-Nell-\ud83c\udf38-nelloux-\u2022-Photos-et-videos-Instagram-300x215.jpg 300w, https:\/\/mediaboss.fr\/wp-content\/uploads\/influenceur-Grenoble-Nell-\ud83c\udf38-nelloux-\u2022-Photos-et-videos-Instagram-768x550.jpg 768w, https:\/\/mediaboss.fr\/wp-content\/uploads\/influenceur-Grenoble-Nell-\ud83c\udf38-nelloux-\u2022-Photos-et-videos-Instagram-1080x774.jpg 1080w, https:\/\/mediaboss.fr\/wp-content\/uploads\/influenceur-Grenoble-Nell-\ud83c\udf38-nelloux-\u2022-Photos-et-videos-Instagram-980x702.jpg 980w, https:\/\/mediaboss.fr\/wp-content\/uploads\/influenceur-Grenoble-Nell-\ud83c\udf38-nelloux-\u2022-Photos-et-videos-Instagram-480x344.jpg 480w\" sizes=\"(max-width: 1200px) 100vw, 1200px\" \/><\/p>\n<p>&nbsp;<\/p>\n<h3>3. @gwenaelle_rose &#8211; 78\u202f044 abonn\u00e9s<\/h3>\n<p><strong>Influenceuse \u00e0 Grenoble<\/strong><\/p>\n<ul>\n<li>34\u202f100 abonn\u00e9s sur <strong>Instagram<\/strong> en 2023<\/li>\n<li>40 000 abonn\u00e9s sur <strong>Facebook<\/strong><\/li>\n<li>3 944 abonn\u00e9s sur <strong>Twitter<\/strong><\/li>\n<li>Vrai nom : <strong>Gwena\u00eblle Rose<\/strong><\/li>\n<li>Genre : <strong>femme<\/strong><\/li>\n<li>Pays : <strong>France<\/strong><\/li>\n<li>R\u00e9gion : <strong>Auvergne-Rh\u00f4ne-Alpes<\/strong><\/li>\n<li>D\u00e9partement : <strong>Is\u00e8re (38)<\/strong><\/li>\n<li>Ville : <strong>Grenoble (38000)<\/strong><\/li>\n<li>Bio Instagram : <em>\u00ab\u00a0Gwen Rose | Voyage , famille<br \/>Blogueur<br \/>la vraie vie de maman<br \/>#IEF, #famille #travel #handicap 35 ans<br \/>\ud83c\udfe0 Isle d\u2019abeau | Lyon<br \/>2 enfants \ud83d\udc676 ans et 12 ans<br \/>Mon livre \u00e9dit\u00e9 chez @dashbook.fr \u2b07\ufe0f \u00ab\u00a0<\/em><\/li>\n<li>Extrait photos :<\/li>\n<\/ul>\n<p><img loading=\"lazy\" decoding=\"async\" src=\"https:\/\/mediaboss.fr\/wp-content\/uploads\/influenceur-Grenoble-Gwen-Rose-Voyage-famille-gwenaelle_rose-\u2022-Photos-et-videos-Instagram.jpg\" width=\"1200\" height=\"860\" alt=\"influenceur-Grenoble-Gwen-Rose-Voyage-famille-gwenaelle_rose-\u2022-Photos-et-vid\u00e9os-Instagram\" class=\"wp-image-4485 aligncenter size-full\" srcset=\"https:\/\/mediaboss.fr\/wp-content\/uploads\/influenceur-Grenoble-Gwen-Rose-Voyage-famille-gwenaelle_rose-\u2022-Photos-et-videos-Instagram.jpg 1200w, https:\/\/mediaboss.fr\/wp-content\/uploads\/influenceur-Grenoble-Gwen-Rose-Voyage-famille-gwenaelle_rose-\u2022-Photos-et-videos-Instagram-300x215.jpg 300w, https:\/\/mediaboss.fr\/wp-content\/uploads\/influenceur-Grenoble-Gwen-Rose-Voyage-famille-gwenaelle_rose-\u2022-Photos-et-videos-Instagram-768x550.jpg 768w, https:\/\/mediaboss.fr\/wp-content\/uploads\/influenceur-Grenoble-Gwen-Rose-Voyage-famille-gwenaelle_rose-\u2022-Photos-et-videos-Instagram-1080x774.jpg 1080w, https:\/\/mediaboss.fr\/wp-content\/uploads\/influenceur-Grenoble-Gwen-Rose-Voyage-famille-gwenaelle_rose-\u2022-Photos-et-videos-Instagram-980x702.jpg 980w, https:\/\/mediaboss.fr\/wp-content\/uploads\/influenceur-Grenoble-Gwen-Rose-Voyage-famille-gwenaelle_rose-\u2022-Photos-et-videos-Instagram-480x344.jpg 480w\" sizes=\"(max-width: 1200px) 100vw, 1200px\" \/><\/p>\n<p>&nbsp;<\/p>\n<h3>2. @deuxmilleneuf &#8211; 78\u202f900 abonn\u00e9s<\/h3>\n<p><strong>Influenceuse \u00e0 Grenoble<\/strong><\/p>\n<ul>\n<li>78\u202f900 abonn\u00e9s sur <strong>Instagram<\/strong> en 2023<\/li>\n<li>Vrai nom : <strong>Cyndia<\/strong><\/li>\n<li>Genre : <strong>femme<\/strong><\/li>\n<li>Pays : <strong>France<\/strong><\/li>\n<li>R\u00e9gion : <strong>Auvergne-Rh\u00f4ne-Alpes<\/strong><\/li>\n<li>D\u00e9partement : <strong>Is\u00e8re (38)<\/strong><\/li>\n<li>Ville : <strong>Grenoble (38000)<\/strong><\/li>\n<li>Bio Instagram : <em>\u00ab\u00a0\ud83c\udd52\ud83c\udd68\ud83c\udd5d\ud83c\udd53\ud83c\udd58\ud83c\udd50<br \/>\ud835\udd3b\u00e9\ud835\udd54\ud835\udd60 | \ud835\udd39\ud835\udd63\ud835\udd5a\ud835\udd54\ud835\udd60 | \ud835\udd44\ud835\udd66\ud835\udd5e\ud835\udd5d\ud835\udd5a\ud835\udd57\ud835\udd56<br \/>\ud83d\udccdGrenoble \ud83c\uddeb\ud83c\uddf7 | Fafe \ud83c\uddf5\ud83c\uddf9<br \/>\ud83d\udc69\ud83c\udffc\u200d\ud83e\udd1d\u200d\ud83d\udc69\ud83c\udffd\ud835\udca5\ud835\udcca\ud835\udcc1\ud835\udcbe\ud835\udcb6 &amp; \ud835\udcb1\ud835\udcbe\ud835\udcb8\ud835\udcc9\ud835\udc5c\ud835\udcc7\ud835\udcbe\ud835\udcb6<br \/>\ud83d\udc8d\u0280\u1d00\u0493<br \/>\ud83d\udc8c deuxmilleneuf@talentcy.fr \u00ab\u00a0<\/em><\/li>\n<li>Extrait photos :<\/li>\n<\/ul>\n<p><img loading=\"lazy\" decoding=\"async\" src=\"https:\/\/mediaboss.fr\/wp-content\/uploads\/influenceur-Grenoble-\ud83c\udd52\ud83c\udd68\ud83c\udd5d\ud83c\udd53\ud83c\udd58\ud83c\udd50-deuxmilleneuf-\u2022-Photos-et-videos-Instagram.jpg\" width=\"1200\" height=\"860\" alt=\"influenceur-Grenoble-\ud83c\udd52\ud83c\udd68\ud83c\udd5d\ud83c\udd53\ud83c\udd58\ud83c\udd50-deuxmilleneuf-\u2022-Photos-et-vid\u00e9os-Instagram\" class=\"wp-image-4484 aligncenter size-full\" srcset=\"https:\/\/mediaboss.fr\/wp-content\/uploads\/influenceur-Grenoble-\ud83c\udd52\ud83c\udd68\ud83c\udd5d\ud83c\udd53\ud83c\udd58\ud83c\udd50-deuxmilleneuf-\u2022-Photos-et-videos-Instagram.jpg 1200w, https:\/\/mediaboss.fr\/wp-content\/uploads\/influenceur-Grenoble-\ud83c\udd52\ud83c\udd68\ud83c\udd5d\ud83c\udd53\ud83c\udd58\ud83c\udd50-deuxmilleneuf-\u2022-Photos-et-videos-Instagram-300x215.jpg 300w, https:\/\/mediaboss.fr\/wp-content\/uploads\/influenceur-Grenoble-\ud83c\udd52\ud83c\udd68\ud83c\udd5d\ud83c\udd53\ud83c\udd58\ud83c\udd50-deuxmilleneuf-\u2022-Photos-et-videos-Instagram-768x550.jpg 768w, https:\/\/mediaboss.fr\/wp-content\/uploads\/influenceur-Grenoble-\ud83c\udd52\ud83c\udd68\ud83c\udd5d\ud83c\udd53\ud83c\udd58\ud83c\udd50-deuxmilleneuf-\u2022-Photos-et-videos-Instagram-1080x774.jpg 1080w, https:\/\/mediaboss.fr\/wp-content\/uploads\/influenceur-Grenoble-\ud83c\udd52\ud83c\udd68\ud83c\udd5d\ud83c\udd53\ud83c\udd58\ud83c\udd50-deuxmilleneuf-\u2022-Photos-et-videos-Instagram-980x702.jpg 980w, https:\/\/mediaboss.fr\/wp-content\/uploads\/influenceur-Grenoble-\ud83c\udd52\ud83c\udd68\ud83c\udd5d\ud83c\udd53\ud83c\udd58\ud83c\udd50-deuxmilleneuf-\u2022-Photos-et-videos-Instagram-480x344.jpg 480w\" sizes=\"(max-width: 1200px) 100vw, 1200px\" \/><\/p>\n<p>&nbsp;<\/p>\n<h3>1. @parisgrenoble &#8211; 148\u202f829 abonn\u00e9s<\/h3>\n<p><strong>Influenceuse \u00e0 Grenoble<\/strong><\/p>\n<ul>\n<li>125\u202f000 abonn\u00e9s sur <strong>Instagram<\/strong> en 2023<\/li>\n<li>15 000 abonn\u00e9s sur <strong>Facebook<\/strong><\/li>\n<li>8 829 abonn\u00e9s sur <strong>Twitter<\/strong><\/li>\n<li>Vrai nom : <strong>Cl\u00e9mentine<\/strong><\/li>\n<li>Genre : <strong>femme<\/strong><\/li>\n<li>Pays : <strong>France<\/strong><\/li>\n<li>R\u00e9gion : <strong>Auvergne-Rh\u00f4ne-Alpes<\/strong><\/li>\n<li>D\u00e9partement : <strong>Is\u00e8re (38)<\/strong><\/li>\n<li>Ville : <strong>Grenoble (38000)<\/strong><\/li>\n<li>Bio Instagram : <em>\u00ab\u00a0Cle\u0301mentine Drn \ud83e\uddff<br \/>Fashion, travel &amp; colorfull lifestyle \ud83c\udf08<br \/>Mom of Isaac + Gus &amp; Cali<br \/>Lyon<br \/>parisgrenobleblog@gmail.com<br \/>@_toget_herstore \ud83c\udf1e \u00ab\u00a0<\/em><\/li>\n<li>Extrait photos :<\/li>\n<\/ul>\n<p><img loading=\"lazy\" decoding=\"async\" src=\"https:\/\/mediaboss.fr\/wp-content\/uploads\/influenceur-Grenoble-Cle\u0301mentine-Drn-\ud83e\uddff-parisgrenoble-\u2022-Photos-et-videos-Instagram.jpg\" width=\"1200\" height=\"860\" alt=\"influenceur-Grenoble-Cle\u0301mentine-Drn-\ud83e\uddff-parisgrenoble-\u2022-Photos-et-vid\u00e9os-Instagram\" class=\"wp-image-4483 aligncenter size-full\" srcset=\"https:\/\/mediaboss.fr\/wp-content\/uploads\/influenceur-Grenoble-Cle\u0301mentine-Drn-\ud83e\uddff-parisgrenoble-\u2022-Photos-et-videos-Instagram.jpg 1200w, https:\/\/mediaboss.fr\/wp-content\/uploads\/influenceur-Grenoble-Cle\u0301mentine-Drn-\ud83e\uddff-parisgrenoble-\u2022-Photos-et-videos-Instagram-300x215.jpg 300w, https:\/\/mediaboss.fr\/wp-content\/uploads\/influenceur-Grenoble-Cle\u0301mentine-Drn-\ud83e\uddff-parisgrenoble-\u2022-Photos-et-videos-Instagram-768x550.jpg 768w, https:\/\/mediaboss.fr\/wp-content\/uploads\/influenceur-Grenoble-Cle\u0301mentine-Drn-\ud83e\uddff-parisgrenoble-\u2022-Photos-et-videos-Instagram-1080x774.jpg 1080w, https:\/\/mediaboss.fr\/wp-content\/uploads\/influenceur-Grenoble-Cle\u0301mentine-Drn-\ud83e\uddff-parisgrenoble-\u2022-Photos-et-videos-Instagram-980x702.jpg 980w, https:\/\/mediaboss.fr\/wp-content\/uploads\/influenceur-Grenoble-Cle\u0301mentine-Drn-\ud83e\uddff-parisgrenoble-\u2022-Photos-et-videos-Instagram-480x344.jpg 480w\" sizes=\"(max-width: 1200px) 100vw, 1200px\" \/><\/p>\n<p>&nbsp;<\/p>\n<h2>Conclusion<\/h2>\n<p>Et voil\u00e0 ! Vous avez un bel aper\u00e7u des <strong>12 influenceurs \/ influenceuses les plus populaires \u00e0 Grenoble <\/strong>en 2023.<\/p>\n<p>N&rsquo;h\u00e9sitez pas \u00e0 nous <a href=\"\/contact\/\" title=\"contact\">contacter<\/a> pour modifier ou compl\u00e9ter ce <strong>top influenceurs grenoblois et grenobloises.<\/strong><\/p>\n<p>Ou si vous souhaitez collaborer avec Mediaboss : publicit\u00e9, liens, partenariat&#8230;<\/p>\n<p>Tout est possible, nous sommes \u00e0 votre disposition ! \ud83d\ude42<\/p>[\/et_pb_text][et_pb_text _builder_version=\u00a0\u00bb4.18.0&Prime; _module_preset=\u00a0\u00bbdefault\u00a0\u00bb link_line_height=\u00a0\u00bb1.7em\u00a0\u00bb ul_line_height=\u00a0\u00bb1.7em\u00a0\u00bb ol_line_height=\u00a0\u00bb1.7em\u00a0\u00bb quote_line_height=\u00a0\u00bb1.7em\u00a0\u00bb global_module=\u00a0\u00bb2819&Prime; saved_tabs=\u00a0\u00bball\u00a0\u00bb global_colors_info=\u00a0\u00bb{}\u00a0\u00bb]<p>*<\/p>\n<p><strong>Vous allez \u00eatre int\u00e9ress\u00e9 par notre classement des top influenceurs (influenceuses) class\u00e9s par:<\/strong><\/p>\n<h4>THEMES :<\/h4>\n<ul>\n<li><a href=\"https:\/\/mediaboss.fr\/influenceur-homme\/\" title=\"influenceur homme\">Top 16 Influenceurs <strong>Homme<\/strong><\/a><\/li>\n<li><a href=\"https:\/\/mediaboss.fr\/influenceur-restaurant\/\" title=\"influenceur restaurant\">Top 12 Influenceurs <strong>Restaurant<\/strong><\/a><\/li>\n<li><a href=\"https:\/\/mediaboss.fr\/influenceur-voyage\/\" title=\"influenceur voyage\">Top 16 Influenceurs <strong>Voyage<\/strong><\/a><\/li>\n<li><a href=\"https:\/\/mediaboss.fr\/influenceur-sport\" title=\"influenceur sport\">Top 15 Influenceurs <strong>Sport<\/strong><\/a><\/li>\n<li><a href=\"https:\/\/mediaboss.fr\/influenceur-food\/\" title=\"influenceur food\">Top 17 Influenceurs <strong>Food<\/strong><\/a><\/li>\n<li><a href=\"https:\/\/mediaboss.fr\/artiste-influenceur\/\" title=\"artiste influenceur\">Top 19 <strong>Artistes Influenceurs<\/strong><\/a><\/li>\n<li><a href=\"https:\/\/mediaboss.fr\/musee-instagram\/\" title=\"mus\u00e9e Instagram\">Top 16 <strong>Mus\u00e9es Instagram<\/strong><\/a><\/li>\n<li><a href=\"https:\/\/mediaboss.fr\/influenceur-snapchat\/\" title=\"influenceur Snapchat\">Top 18 Influenceurs sur <strong>Snapchat<\/strong><\/a><\/li>\n<\/ul>\n<h4>PAYS :<\/h4>\n<ul>\n<li><a href=\"https:\/\/mediaboss.fr\/classement-influenceurs-france\/\" title=\"classement influenceurs France\">Top 16 influenceurs &amp; influenceuses en <strong>France<\/strong><\/a><\/li>\n<li><a href=\"https:\/\/mediaboss.fr\/influenceur-suisse\/\" title=\"influenceur suisse\">Top 14 influenceurs &amp; influenceuses en <strong>Suisse<\/strong><\/a><\/li>\n<li><a href=\"https:\/\/mediaboss.fr\/influenceur-espagne\/\" title=\"influenceur espagne\">Top 19 influenceurs &amp; influenceuses en <strong>Espagne<\/strong><\/a><\/li>\n<li><a href=\"https:\/\/mediaboss.fr\/influenceur-maroc\/\" title=\"influenceur maroc\">Top 19 influenceurs &amp; influenceuses au <strong>Maroc<\/strong><\/a><a href=\"https:\/\/mediaboss.fr\/influenceur-espagne\/\" title=\"influenceur espagne\"><strong><\/strong><\/a><\/li>\n<\/ul>\n<h4>REGIONS :<\/h4>\n<ul>\n<li><a href=\"https:\/\/mediaboss.fr\/influenceur-corse\/\" title=\"influenceur corse\">Top 15 influenceurs &amp; influenceuses en <strong>Corse<\/strong><\/a><\/li>\n<li><a href=\"https:\/\/mediaboss.fr\/influenceur-martinique\/\" title=\"influenceur martinique\">Top 13 influenceurs &amp; influenceuses en <strong>Martinique<\/strong><\/a><\/li>\n<li><a href=\"https:\/\/mediaboss.fr\/influenceur-guadeloupe\/\" title=\"influenceur guadeloupe\">Top 12 influenceurs &amp; influenceuses en <strong>Guadeloupe<\/strong><\/a><\/li>\n<\/ul>\n<h4>VILLES DE FRANCE :<\/h4>\n<ul>\n<li><a href=\"https:\/\/mediaboss.fr\/influenceur-rennes\/\" title=\"influenceur Rennes\">Top 12 influenceurs &amp; influenceuses \u00e0 <strong>Rennes<\/strong><\/a><\/li>\n<li><a href=\"https:\/\/mediaboss.fr\/influenceur-nancy\/\" title=\"influenceur Nancy\">Top 8 influenceurs &amp; influenceuses \u00e0 <strong>Nancy<\/strong><\/a><\/li>\n<li><a href=\"https:\/\/mediaboss.fr\/influenceur-rouen\/\" title=\"influenceur Rouen\">Top 10 influenceurs &amp; influenceuses \u00e0 <strong>Rouen<\/strong><\/a><\/li>\n<li><a href=\"https:\/\/mediaboss.fr\/influenceur-tours\/\" title=\"influenceur Tours\">Top 10 influenceurs &amp; influenceuses \u00e0 <strong>Tours<\/strong><\/a><\/li>\n<li><a href=\"https:\/\/mediaboss.fr\/influenceur-caen\/\" title=\"influenceur Caen\">Top 11 influenceurs &amp; influenceuses \u00e0 <strong>Caen<\/strong><\/a><\/li>\n<li><a href=\"https:\/\/mediaboss.fr\/influenceur-clermont-ferrand\/\" title=\"influenceur Clermont-Ferrand\">Top 11 influenceurs &amp; influenceuses \u00e0 <strong>Clermont-Ferrand<\/strong><\/a><\/li>\n<li><a href=\"https:\/\/mediaboss.fr\/influenceur-grenoble\/\" title=\"influenceur Grenoble\">Top 11 influenceurs &amp; influenceuses \u00e0 <strong>Grenoble<\/strong><\/a><\/li>\n<li><a href=\"https:\/\/mediaboss.fr\/influenceur-avignon\/\" title=\"influenceur Avignon\">Top 11 influenceurs &amp; influenceuses \u00e0 <strong>Avignon<\/strong><\/a><\/li>\n<li><a href=\"https:\/\/mediaboss.fr\/influenceur-metz\/\" title=\"influenceur Metz\">Top 10 influenceurs &amp; influenceuses \u00e0 <strong>Metz<\/strong><\/a><\/li>\n<li><a href=\"https:\/\/mediaboss.fr\/influenceur-toulon\/\" title=\"influenceur Toulon\">Top 11 influenceurs &amp; influenceuses \u00e0 <strong>Toulon<\/strong><\/a><\/li>\n<li><a href=\"https:\/\/mediaboss.fr\/influenceur-annecy\/\" title=\"influenceur Annecy\">Top 10 influenceurs &amp; influenceuses \u00e0 <strong>Annecy<\/strong><\/a><a href=\"https:\/\/mediaboss.fr\/influenceur-annecy\/\" title=\"influenceur Annecy\"><\/a><\/li>\n<li><a href=\"https:\/\/mediaboss.fr\/influenceur-limoges\/\" title=\"influenceur Limoges\">Top 10 influenceurs &amp; influenceuses \u00e0 <strong>Limoges<\/strong><\/a><\/li>\n<li><a href=\"https:\/\/mediaboss.fr\/influenceur-reims\/\" title=\"influenceur Reims\">Top 13 influenceurs &amp; influenceuses \u00e0 <strong>Reims<\/strong><\/a><\/li>\n<li><a href=\"https:\/\/mediaboss.fr\/influenceur-brest\/\" title=\"influenceur brest\">Top 15 influenceurs &amp; influenceuses \u00e0 <strong>Brest<\/strong><\/a><\/li>\n<li><a href=\"https:\/\/mediaboss.fr\/influenceur-toulouse\/\" title=\"influenceur toulouse\">Top 17 influenceurs &amp; influenceuses \u00e0 <strong>Toulouse<\/strong><\/a><\/li>\n<li><a href=\"https:\/\/mediaboss.fr\/influenceur-strasbourg\/\" title=\"influenceur strasbourg\">Top 16 influenceurs &amp; influenceuses \u00e0 <strong>Strasbourg<\/strong><\/a><\/li>\n<li><a href=\"https:\/\/mediaboss.fr\/influenceur-marseille\/\" title=\"influenceur marseille\">Top 16 influenceurs &amp; influenceuses \u00e0 <strong>Marseille<\/strong><\/a><\/li>\n<li><a href=\"https:\/\/mediaboss.fr\/influenceur-bordeaux\/\" title=\"influenceur bordeaux\">Top 29 influenceurs &amp; influenceuses \u00e0 <strong>Bordeaux<\/strong><\/a><\/li>\n<li><a href=\"https:\/\/mediaboss.fr\/influenceur-aix-en-provence\/\" title=\"influenceur aix en provence\">Top 16 influenceurs &amp; influenceuses \u00e0 <strong>Aix-en-Provence<\/strong><\/a><\/li>\n<li><a href=\"https:\/\/mediaboss.fr\/influenceur-dijon\/\" title=\"influenceur dijon\">Top 16 influenceurs &amp; influenceuses \u00e0 <strong>Dijon<\/strong><\/a><\/li>\n<li><a href=\"https:\/\/mediaboss.fr\/influenceur-nantes\/\" title=\"influenceur Nantes\">Top 14 influenceurs &amp; influenceuses \u00e0 <strong>Nantes<\/strong><\/a><\/li>\n<li><a href=\"https:\/\/mediaboss.fr\/influenceur-nice\/\" title=\"influenceur Nice (PACA)\">Top 17 influenceurs &amp; influenceuses \u00e0 <strong>Nice<\/strong><\/a><\/li>\n<li><a href=\"https:\/\/mediaboss.fr\/influenceur-montpellier\/\" title=\"influenceur Montpellier\">Top 14 influenceurs &amp; influenceuses \u00e0 <strong>Montpellier<\/strong><\/a><\/li>\n<li><a href=\"https:\/\/mediaboss.fr\/influenceur-lille\/\" title=\"influenceur Lille\">Top 16 influenceurs &amp; influenceuses \u00e0 <strong>Lille<\/strong><\/a><strong><\/strong><\/li>\n<li><a href=\"https:\/\/mediaboss.fr\/influenceur-lyon\/\" title=\"influenceur lyon\">Top 19 influenceurs &amp; influenceuses \u00e0 <strong>Lyon<\/strong><\/a><\/li>\n<\/ul>\n<p>*<br \/><strong><\/strong><\/p>\n[\/et_pb_text][\/et_pb_column][et_pb_column type=\u00a0\u00bb1_3&Prime; _builder_version=\u00a0\u00bb4.16&Prime; custom_padding=\u00a0\u00bb|||\u00a0\u00bb global_colors_info=\u00a0\u00bb{}\u00a0\u00bb custom_padding__hover=\u00a0\u00bb|||\u00a0\u00bb][et_pb_sidebar _builder_version=\u00a0\u00bb4.17.4&Prime; _module_preset=\u00a0\u00bbdefault\u00a0\u00bb global_colors_info=\u00a0\u00bb{}\u00a0\u00bb][\/et_pb_sidebar][\/et_pb_column][\/et_pb_row][et_pb_row column_structure=\u00a0\u00bb2_3,1_3&Prime; _builder_version=\u00a0\u00bb4.16&Prime; _module_preset=\u00a0\u00bbdefault\u00a0\u00bb saved_tabs=\u00a0\u00bball\u00a0\u00bb global_colors_info=\u00a0\u00bb{}\u00a0\u00bb][et_pb_column type=\u00a0\u00bb2_3&Prime; _builder_version=\u00a0\u00bb4.16&Prime; _module_preset=\u00a0\u00bbdefault\u00a0\u00bb global_colors_info=\u00a0\u00bb{}\u00a0\u00bb][et_pb_text _builder_version=\u00a0\u00bb4.16&Prime; _module_preset=\u00a0\u00bbdefault\u00a0\u00bb global_colors_info=\u00a0\u00bb{}\u00a0\u00bb]<h4>Vous aimerez aussi :<\/h4>[\/et_pb_text][et_pb_blog fullwidth=\u00a0\u00bboff\u00a0\u00bb posts_number=\u00a0\u00bb4&Prime; include_categories=\u00a0\u00bb24&Prime; use_manual_excerpt=\u00a0\u00bboff\u00a0\u00bb excerpt_length=\u00a0\u00bb0&Prime; show_author=\u00a0\u00bboff\u00a0\u00bb show_date=\u00a0\u00bboff\u00a0\u00bb show_excerpt=\u00a0\u00bboff\u00a0\u00bb show_pagination=\u00a0\u00bboff\u00a0\u00bb _builder_version=\u00a0\u00bb4.19.0&Prime; _module_preset=\u00a0\u00bbdefault\u00a0\u00bb header_level=\u00a0\u00bbh5&Prime; body_font_size=\u00a0\u00bb16px\u00a0\u00bb meta_font_size=\u00a0\u00bb16px\u00a0\u00bb read_more_font_size=\u00a0\u00bb16px\u00a0\u00bb global_module=\u00a0\u00bb2704&Prime; saved_tabs=\u00a0\u00bball\u00a0\u00bb global_colors_info=\u00a0\u00bb{}\u00a0\u00bb meta_font_size__hover_enabled=\u00a0\u00bboff|desktop\u00a0\u00bb][\/et_pb_blog][et_pb_team_member image_url=\u00a0\u00bbhttps:\/\/mediaboss.fr\/wp-content\/uploads\/alice-seguin-230x230px-150&#215;150.jpg\u00a0\u00bb facebook_url=\u00a0\u00bbhttps:\/\/www.facebook.com\/mediaboss.fr\u00a0\u00bb twitter_url=\u00a0\u00bbhttps:\/\/twitter.com\/Alice98327791&Prime; linkedin_url=\u00a0\u00bbwww.linkedin.com\/in\/alice-seguin\u00a0\u00bb image_url_last_edited=\u00a0\u00bboff|phone\u00a0\u00bb _builder_version=\u00a0\u00bb4.19.4&Prime; _module_preset=\u00a0\u00bbdefault\u00a0\u00bb child_filter_saturate=\u00a0\u00bb0%\u00a0\u00bb border_radii_image=\u00a0\u00bbon|0%|0%|0%|0%\u00a0\u00bb global_module=\u00a0\u00bb91&Prime; saved_tabs=\u00a0\u00bball\u00a0\u00bb global_colors_info=\u00a0\u00bb{}\u00a0\u00bb]<p><strong>Alice SEGUIN<\/strong><\/p>\n<p>Alice est la fondatrice de <a title=\"Mediaboss\" href=\"\/\">Mediaboss<\/a>.<\/p>\n<p>Passionn\u00e9e par les <a title=\"r\u00e9seaux sociaux\" href=\"\/reseaux-sociaux\/\">r\u00e9seaux sociaux<\/a>, elle accompagne de nombreuses entreprises dans leur strat\u00e9gie social media, messageries instantan\u00e9es, investissement, cryptomonnaies\u2026<\/p>\n<p>Retrouvez-moi sur mes r\u00e9seaux sociaux et le compte <a href=\"https:\/\/mediaboss.substack.com\/\" target=\"_blank\" rel=\"noopener\" title=\"Substack de Mediaboss\">Substack de Mediaboss<\/a> :<\/p>\n[\/et_pb_team_member][\/et_pb_column][et_pb_column type=\u00a0\u00bb1_3&Prime; _builder_version=\u00a0\u00bb4.16&Prime; _module_preset=\u00a0\u00bbdefault\u00a0\u00bb global_colors_info=\u00a0\u00bb{}\u00a0\u00bb][\/et_pb_column][\/et_pb_row][\/et_pb_section]\n\n\n<div class=\"kk-star-ratings kksr-auto kksr-align-right kksr-valign-bottom\"\n    data-payload='{&quot;align&quot;:&quot;right&quot;,&quot;id&quot;:&quot;3980&quot;,&quot;slug&quot;:&quot;default&quot;,&quot;valign&quot;:&quot;bottom&quot;,&quot;ignore&quot;:&quot;&quot;,&quot;reference&quot;:&quot;auto&quot;,&quot;class&quot;:&quot;&quot;,&quot;count&quot;:&quot;5&quot;,&quot;legendonly&quot;:&quot;&quot;,&quot;readonly&quot;:&quot;&quot;,&quot;score&quot;:&quot;5&quot;,&quot;starsonly&quot;:&quot;&quot;,&quot;best&quot;:&quot;5&quot;,&quot;gap&quot;:&quot;5&quot;,&quot;greet&quot;:&quot;Note :&quot;,&quot;legend&quot;:&quot;5\\\/5 - (5 votes)&quot;,&quot;size&quot;:&quot;24&quot;,&quot;title&quot;:&quot;Influenceuse Grenoble: Top 12 En 2023 (Classement)\u00a0&quot;,&quot;width&quot;:&quot;142.5&quot;,&quot;_legend&quot;:&quot;{score}\\\/{best} - ({count} {votes})&quot;,&quot;font_factor&quot;:&quot;1.25&quot;}'>\n            \n<div class=\"kksr-stars\">\n    \n<div class=\"kksr-stars-inactive\">\n            <div class=\"kksr-star\" data-star=\"1\" style=\"padding-right: 5px\">\n            \n\n<div class=\"kksr-icon\" style=\"width: 24px; height: 24px;\"><\/div>\n        <\/div>\n            <div class=\"kksr-star\" data-star=\"2\" style=\"padding-right: 5px\">\n            \n\n<div class=\"kksr-icon\" style=\"width: 24px; height: 24px;\"><\/div>\n        <\/div>\n            <div class=\"kksr-star\" data-star=\"3\" style=\"padding-right: 5px\">\n            \n\n<div class=\"kksr-icon\" style=\"width: 24px; height: 24px;\"><\/div>\n        <\/div>\n            <div class=\"kksr-star\" data-star=\"4\" style=\"padding-right: 5px\">\n            \n\n<div class=\"kksr-icon\" style=\"width: 24px; height: 24px;\"><\/div>\n        <\/div>\n            <div class=\"kksr-star\" data-star=\"5\" style=\"padding-right: 5px\">\n            \n\n<div class=\"kksr-icon\" style=\"width: 24px; height: 24px;\"><\/div>\n        <\/div>\n    <\/div>\n    \n<div class=\"kksr-stars-active\" style=\"width: 142.5px;\">\n            <div class=\"kksr-star\" style=\"padding-right: 5px\">\n            \n\n<div class=\"kksr-icon\" style=\"width: 24px; height: 24px;\"><\/div>\n        <\/div>\n            <div class=\"kksr-star\" style=\"padding-right: 5px\">\n            \n\n<div class=\"kksr-icon\" style=\"width: 24px; height: 24px;\"><\/div>\n        <\/div>\n            <div class=\"kksr-star\" style=\"padding-right: 5px\">\n            \n\n<div class=\"kksr-icon\" style=\"width: 24px; height: 24px;\"><\/div>\n        <\/div>\n            <div class=\"kksr-star\" style=\"padding-right: 5px\">\n            \n\n<div class=\"kksr-icon\" style=\"width: 24px; height: 24px;\"><\/div>\n        <\/div>\n            <div class=\"kksr-star\" style=\"padding-right: 5px\">\n            \n\n<div class=\"kksr-icon\" style=\"width: 24px; height: 24px;\"><\/div>\n        <\/div>\n    <\/div>\n<\/div>\n                \n\n<div class=\"kksr-legend\" style=\"font-size: 19.2px;\">\n            5\/5 - (5 votes)    <\/div>\n    <\/div>\n<div style=\"margin-top: 0px; margin-bottom: 0px;\" class=\"sharethis-inline-share-buttons\" ><\/div>","protected":false},"excerpt":{"rendered":"<p>Vous cherchez les top influenceurs et influenceuses \u00e0 Grenoble en 2023? D\u00e9couvrez notre classement des 12 des influenceurs (et influenceuses) les plus populaires \u00e0 Grenoble . Nous nous basons sur le nombre d&rsquo;abonn\u00e9s sur tous les plus gros r\u00e9seaux sociaux : Instagram, Facebook, TikTok, Youtube, Snapchat, Twitch, Twitter&#8230; Article mis \u00e0 jour en Janvier 2023. [&hellip;]<\/p>\n","protected":false},"author":2,"featured_media":4062,"comment_status":"closed","ping_status":"open","sticky":false,"template":"","format":"standard","meta":{"_seopress_robots_primary_cat":"none","_seopress_titles_title":"Influenceuse Grenoble: Le Top 12 En %%currentyear%% (Classement)\u00a0","_seopress_titles_desc":"D\u00e9couvrez notre top 12 des influenceuses et influenceurs populaires \u00e0 Grenoble en %%currentyear%%. Class\u00e9s par nombre d&#039;abonn\u00e9s total sur Instagram, TikTok, Facebook, YouTube, Snapchat, Twitch...","_seopress_robots_index":"","_et_pb_use_builder":"on","_et_pb_old_content":"","_et_gb_content_width":"1280","footnotes":""},"categories":[24],"tags":[],"class_list":["post-3980","post","type-post","status-publish","format-standard","has-post-thumbnail","hentry","category-influence"],"_links":{"self":[{"href":"https:\/\/mediaboss.fr\/ja\/wp-json\/wp\/v2\/posts\/3980","targetHints":{"allow":["GET"]}}],"collection":[{"href":"https:\/\/mediaboss.fr\/ja\/wp-json\/wp\/v2\/posts"}],"about":[{"href":"https:\/\/mediaboss.fr\/ja\/wp-json\/wp\/v2\/types\/post"}],"author":[{"embeddable":true,"href":"https:\/\/mediaboss.fr\/ja\/wp-json\/wp\/v2\/users\/2"}],"replies":[{"embeddable":true,"href":"https:\/\/mediaboss.fr\/ja\/wp-json\/wp\/v2\/comments?post=3980"}],"version-history":[{"count":5,"href":"https:\/\/mediaboss.fr\/ja\/wp-json\/wp\/v2\/posts\/3980\/revisions"}],"predecessor-version":[{"id":14545,"href":"https:\/\/mediaboss.fr\/ja\/wp-json\/wp\/v2\/posts\/3980\/revisions\/14545"}],"wp:featuredmedia":[{"embeddable":true,"href":"https:\/\/mediaboss.fr\/ja\/wp-json\/wp\/v2\/media\/4062"}],"wp:attachment":[{"href":"https:\/\/mediaboss.fr\/ja\/wp-json\/wp\/v2\/media?parent=3980"}],"wp:term":[{"taxonomy":"category","embeddable":true,"href":"https:\/\/mediaboss.fr\/ja\/wp-json\/wp\/v2\/categories?post=3980"},{"taxonomy":"post_tag","embeddable":true,"href":"https:\/\/mediaboss.fr\/ja\/wp-json\/wp\/v2\/tags?post=3980"}],"curies":[{"name":"wp","href":"https:\/\/api.w.org\/{rel}","templated":true}]}}