{"id":4010,"date":"2022-07-06T17:27:43","date_gmt":"2022-07-06T15:27:43","guid":{"rendered":"https:\/\/mediaboss.fr\/?p=4010"},"modified":"2023-03-11T15:08:33","modified_gmt":"2023-03-11T13:08:33","slug":"influenceur-corse","status":"publish","type":"post","link":"https:\/\/mediaboss.fr\/ja\/%e3%82%a4%e3%83%b3%e3%83%95%e3%83%ab%e3%82%a8%e3%83%b3%e3%82%b5%e3%83%bc-%e3%82%b3%e3%83%ab%e3%82%b7%e3%82%ab\/","title":{"rendered":"Influenceur Corse\uff1a2023\u5e74\u306e\u30c8\u30c3\u30d715\uff08\u30e9\u30f3\u30ad\u30f3\u30b0\uff09\u00a0"},"content":{"rendered":"<div style=\"margin-top: 0px; margin-bottom: 0px;\" class=\"sharethis-inline-share-buttons\" ><\/div><p>[et_pb_section fb_built=\u00a0\u00bb1&Prime; _builder_version=\u00a0\u00bb4.16&Prime; global_colors_info=\u00a0\u00bb{}\u00a0\u00bb][et_pb_row column_structure=\u00a0\u00bb2_3,1_3&Prime; _builder_version=\u00a0\u00bb4.16&Prime; background_size=\u00a0\u00bbinitial\u00a0\u00bb background_position=\u00a0\u00bbtop_left\u00a0\u00bb background_repeat=\u00a0\u00bbrepeat\u00a0\u00bb global_colors_info=\u00a0\u00bb{}\u00a0\u00bb][et_pb_column type=\u00a0\u00bb2_3&Prime; _builder_version=\u00a0\u00bb4.16&Prime; custom_padding=\u00a0\u00bb|||\u00a0\u00bb global_colors_info=\u00a0\u00bb{}\u00a0\u00bb custom_padding__hover=\u00a0\u00bb|||\u00a0\u00bb][et_pb_post_title date=\u00a0\u00bboff\u00a0\u00bb comments=\u00a0\u00bboff\u00a0\u00bb _builder_version=\u00a0\u00bb4.17.4&Prime; _module_preset=\u00a0\u00bbdefault\u00a0\u00bb global_colors_info=\u00a0\u00bb{}\u00a0\u00bb][\/et_pb_post_title][et_pb_text _builder_version=\u00a0\u00bb4.17.4&Prime; _module_preset=\u00a0\u00bbdefault\u00a0\u00bb link_line_height=\u00a0\u00bb1.7em\u00a0\u00bb ul_line_height=\u00a0\u00bb1.7em\u00a0\u00bb ol_line_height=\u00a0\u00bb1.7em\u00a0\u00bb quote_line_height=\u00a0\u00bb1.7em\u00a0\u00bb global_colors_info=\u00a0\u00bb{}\u00a0\u00bb]<\/p>\n<p>Vous cherchez les top <strong>influenceurs et influenceuses en Corse <\/strong>en 2022?<\/p>\n<p>D\u00e9couvrez notre classement des <strong>15 des influenceurs (et influenceuses) les plus populaires en Corse.<\/strong><\/p>\n<p>Nous nous basons sur le nombre d&rsquo;abonn\u00e9s sur tous les plus gros r\u00e9seaux sociaux :<\/p>\n<p>Instagram, Facebook, TikTok, Youtube, Snapchat, Twitch, Twitter&#8230;<\/p>\n<p style=\"text-align: right;\"><em>Article mis \u00e0 jour en <strong>Juillet 2022<\/strong>.<\/em><\/p>\n<blockquote>\n<p style=\"text-align: center;\">Lire aussi : <a href=\"https:\/\/mediaboss.fr\/classement-influenceurs-france\/\" title=\"classement influenceurs france\">Classement Des 16 Influenceurs Les Plus Suivis En France<\/a><em><\/em><\/p>\n<\/blockquote>\n<p style=\"text-align: right;\"><em><\/em><\/p>\n<h2>Influenceur en Corse : nano-influenceur, micro-influenceur, macro-influenceur&#8230;<\/h2>\n<p>\u00catre influenceur \/ influenceuse en Corseen 2022, c&rsquo;est \u00eatre un leader d&rsquo;opinion local sur la Corse : Ajaccio, Bastia, Porto-Vecchio, Borgo, Biguglia, Corte, Lucciana&#8230;<\/p>\n<p>C&rsquo;est influencer les comportements des consommateurs <b>corses <\/b>via les r\u00e9seaux sociaux : Instagram, TikTok, Facebook, YouTube&#8230;<\/p>\n<ul>\n<li><strong>Nano influenceur<\/strong> : un nano influenceur (en <strong>Corse<\/strong> et ailleurs) a une communaut\u00e9 de <strong>moins de 5 000 abonn\u00e9s<\/strong> sur les r\u00e9seaux sociaux<\/li>\n<li><strong>Micro influenceur<\/strong> : un micro influenceur a <strong>entre 5 000 et 100 000 abonn\u00e9s<\/strong> sur les r\u00e9seaux sociaux<\/li>\n<li><strong>Macro influenceur<\/strong> : un macro-influenceur a <strong>entre 100 000 et 1 million d&rsquo;abonn\u00e9s<\/strong> sur les r\u00e9seaux sociaux<\/li>\n<li>C\u00e9l\u00e9brit\u00e9 : une c\u00e9l\u00e9brit\u00e9 a <strong>plus de 1M d&rsquo;abonn\u00e9s<\/strong> sur les r\u00e9seaux sociaux<\/li>\n<\/ul>\n<p>D\u00e9couvrons maintenant notre <strong>top 15 influenceurs en Corse<\/strong>(2022) :<\/p>\n<p>&nbsp;<\/p>\n<h2>Top 15 des influenceurs (influenceuses) en Corse en 2022<\/h2>\n<p>D\u00e9couvrez maintenant notre classement des <strong>15 influenceurs et influenceuses les plus populaires en Corse <\/strong>en 2022.<\/p>\n<p>Les influenceurs <b>corses <\/b>sont class\u00e9s par nombre d&rsquo;abonn\u00e9s total sur tous les principaux r\u00e9seaux sociaux : Instagram, TikTok, Facebook, YouTube, Twitter, Twitch, Snapchat&#8230;<\/p>\n<p>Voici notre<strong> top 15 <\/strong>par ordre d\u00e9croissant de popularit\u00e9, du <strong>plus petit au plus grand nombre d&rsquo;abonn\u00e9s<\/strong> sur tous les r\u00e9seaux sociaux :<\/p>\n<p style=\"text-align: right;\"><em>Donn\u00e9es mises \u00e0 jour en <strong>Juillet 2022<\/strong><\/em><\/p>\n<p>&nbsp;<\/p>\n<h3>15. @fcapparellii &#8211; 12\u202f200 abonn\u00e9s<\/h3>\n<p><strong>Influenceur Corse<\/strong><\/p>\n<ul>\n<li>12\u202f200 abonn\u00e9s sur <strong>Instagram<\/strong> en 2022<\/li>\n<li>Vrai nom : <strong>Francesco Capparelli<\/strong><\/li>\n<li>Genre : <strong>homme<\/strong><\/li>\n<li>Pays : <strong>France<\/strong><\/li>\n<li>R\u00e9gion : <strong>Corse<\/strong><\/li>\n<li>Bio Instagram : <em>\u00ab\u00a0\u265b Francesco Capparelli<br \/>Photographe<br \/>\u21a0 | \ud83c\udd63\ud83c\udd61\ud83c\udd50\ud83c\udd65\ud83c\udd54\ud83c\udd5b \u2708\ufe0f<br \/>\ud83d\udcf8 Photographie voyage \ud83c\uddee\ud83c\uddf9<br \/>\ud83d\udccd Ajaccio (Corse)<br \/>\u2709\ufe0f Fcaparelliphoto@gmail.com<br \/>\u2014\u2014\u2014\u2014\u2014\u2014\u2014\u2014\u2014\u2014\u2014\u2014\u2014<br \/>\u261e Collaboration Shooting \u21aa\ufe0fMP\u00a0\u00bb<\/em><\/li>\n<li>Extrait photos :<\/li>\n<\/ul>\n<p><img loading=\"lazy\" decoding=\"async\" src=\"https:\/\/mediaboss.fr\/wp-content\/uploads\/influenceur-Corse-\u265b-Francesco-Capparelli-fcapparellii-\u2022-Photos-et-videos-Instagram.jpg\" width=\"1200\" height=\"690\" alt=\"influenceur-Corse-\u265b-Francesco-Capparelli-fcapparellii-\u2022-Photos-et-vid\u00e9os-Instagram\" class=\"wp-image-4035 aligncenter size-full\" srcset=\"https:\/\/mediaboss.fr\/wp-content\/uploads\/influenceur-Corse-\u265b-Francesco-Capparelli-fcapparellii-\u2022-Photos-et-videos-Instagram.jpg 1200w, https:\/\/mediaboss.fr\/wp-content\/uploads\/influenceur-Corse-\u265b-Francesco-Capparelli-fcapparellii-\u2022-Photos-et-videos-Instagram-300x173.jpg 300w, https:\/\/mediaboss.fr\/wp-content\/uploads\/influenceur-Corse-\u265b-Francesco-Capparelli-fcapparellii-\u2022-Photos-et-videos-Instagram-768x442.jpg 768w, https:\/\/mediaboss.fr\/wp-content\/uploads\/influenceur-Corse-\u265b-Francesco-Capparelli-fcapparellii-\u2022-Photos-et-videos-Instagram-1080x621.jpg 1080w, https:\/\/mediaboss.fr\/wp-content\/uploads\/influenceur-Corse-\u265b-Francesco-Capparelli-fcapparellii-\u2022-Photos-et-videos-Instagram-980x564.jpg 980w, https:\/\/mediaboss.fr\/wp-content\/uploads\/influenceur-Corse-\u265b-Francesco-Capparelli-fcapparellii-\u2022-Photos-et-videos-Instagram-480x276.jpg 480w\" sizes=\"(max-width: 1200px) 100vw, 1200px\" \/><\/p>\n<p>&nbsp;<\/p>\n<h3>14. @julien.filippeddu &#8211; 14\u202f000 abonn\u00e9s<\/h3>\n<p><strong>Influenceur Corse<\/strong><\/p>\n<ul>\n<li>14\u202f000 abonn\u00e9s sur <strong>Instagram<\/strong> en 2022<\/li>\n<li>Vrai nom : <strong>Julien Filippeddu<\/strong><\/li>\n<li>Genre : <strong>homme<\/strong><\/li>\n<li>Pays : <strong>France<\/strong><\/li>\n<li>R\u00e9gion : <strong>Corse<\/strong><\/li>\n<li>Bio Instagram : <em>\u00ab\u00a0Julien Filippeddu\u219fCorsica \ud83c\udf0e<br \/>Canon 5D Mark IV \/\/ Mavic Pro 3<br \/>\u21a3 based in bonifacio , corsica \u21a2<br \/>\u2669@b52bonifacio \u2669\u00a0\u00bb<\/em><\/li>\n<li>Extrait photos :<\/li>\n<\/ul>\n<p><img loading=\"lazy\" decoding=\"async\" src=\"https:\/\/mediaboss.fr\/wp-content\/uploads\/influenceur-Corse-Julien-Filippeddu\u219fCorsica-\ud83c\udf0e-julien-filippeddu-\u2022-Photos-et-videos-Instagram.jpg\" width=\"1200\" height=\"690\" alt=\"influenceur-Corse-Julien-Filippeddu\u219fCorsica-\ud83c\udf0e-julien-filippeddu-\u2022-Photos-et-vid\u00e9os-Instagram\" class=\"wp-image-4034 aligncenter size-full\" srcset=\"https:\/\/mediaboss.fr\/wp-content\/uploads\/influenceur-Corse-Julien-Filippeddu\u219fCorsica-\ud83c\udf0e-julien-filippeddu-\u2022-Photos-et-videos-Instagram.jpg 1200w, https:\/\/mediaboss.fr\/wp-content\/uploads\/influenceur-Corse-Julien-Filippeddu\u219fCorsica-\ud83c\udf0e-julien-filippeddu-\u2022-Photos-et-videos-Instagram-300x173.jpg 300w, https:\/\/mediaboss.fr\/wp-content\/uploads\/influenceur-Corse-Julien-Filippeddu\u219fCorsica-\ud83c\udf0e-julien-filippeddu-\u2022-Photos-et-videos-Instagram-768x442.jpg 768w, https:\/\/mediaboss.fr\/wp-content\/uploads\/influenceur-Corse-Julien-Filippeddu\u219fCorsica-\ud83c\udf0e-julien-filippeddu-\u2022-Photos-et-videos-Instagram-1080x621.jpg 1080w, https:\/\/mediaboss.fr\/wp-content\/uploads\/influenceur-Corse-Julien-Filippeddu\u219fCorsica-\ud83c\udf0e-julien-filippeddu-\u2022-Photos-et-videos-Instagram-980x564.jpg 980w, https:\/\/mediaboss.fr\/wp-content\/uploads\/influenceur-Corse-Julien-Filippeddu\u219fCorsica-\ud83c\udf0e-julien-filippeddu-\u2022-Photos-et-videos-Instagram-480x276.jpg 480w\" sizes=\"(max-width: 1200px) 100vw, 1200px\" \/><\/p>\n<p>&nbsp;<\/p>\n<h3>13. @maquismag &#8211; 16\u202f800 abonn\u00e9s<\/h3>\n<p><strong>Influenceur Corse<\/strong><\/p>\n<ul>\n<li>16\u202f800 abonn\u00e9s sur <strong>Instagram<\/strong> en 2022<\/li>\n<li>Vrai nom : <strong>nc<\/strong><\/li>\n<li>Genre : <strong>nc<\/strong><\/li>\n<li>Pays : <strong>France<\/strong><\/li>\n<li>R\u00e9gion : <strong>Corse<\/strong><\/li>\n<li>Bio Instagram : <em>\u00ab\u00a0M A Q U I S<br \/>Magazine<br \/>Independent paper magazine &#8211; Corsica aesthetics travel guide &#8211; Founded by @philsantini<br \/>We ship worldwide<br \/>Volume 04 is available!\u00a0\u00bb<\/em><\/li>\n<li>Extrait photos :<\/li>\n<\/ul>\n<p><img loading=\"lazy\" decoding=\"async\" src=\"https:\/\/mediaboss.fr\/wp-content\/uploads\/influenceur-Corse-M-A-Q-U-I-S-maquismag-\u2022-Photos-et-videos-Instagram.jpg\" width=\"1200\" height=\"690\" alt=\"influenceur-Corse-M-A-Q-U-I-S-maquismag-\u2022-Photos-et-vid\u00e9os-Instagram\" class=\"wp-image-4033 aligncenter size-full\" srcset=\"https:\/\/mediaboss.fr\/wp-content\/uploads\/influenceur-Corse-M-A-Q-U-I-S-maquismag-\u2022-Photos-et-videos-Instagram.jpg 1200w, https:\/\/mediaboss.fr\/wp-content\/uploads\/influenceur-Corse-M-A-Q-U-I-S-maquismag-\u2022-Photos-et-videos-Instagram-300x173.jpg 300w, https:\/\/mediaboss.fr\/wp-content\/uploads\/influenceur-Corse-M-A-Q-U-I-S-maquismag-\u2022-Photos-et-videos-Instagram-768x442.jpg 768w, https:\/\/mediaboss.fr\/wp-content\/uploads\/influenceur-Corse-M-A-Q-U-I-S-maquismag-\u2022-Photos-et-videos-Instagram-1080x621.jpg 1080w, https:\/\/mediaboss.fr\/wp-content\/uploads\/influenceur-Corse-M-A-Q-U-I-S-maquismag-\u2022-Photos-et-videos-Instagram-980x564.jpg 980w, https:\/\/mediaboss.fr\/wp-content\/uploads\/influenceur-Corse-M-A-Q-U-I-S-maquismag-\u2022-Photos-et-videos-Instagram-480x276.jpg 480w\" sizes=\"(max-width: 1200px) 100vw, 1200px\" \/><\/p>\n<p>&nbsp;<\/p>\n<h3>12. @cdt_lisa &#8211; 17\u202f200 abonn\u00e9s<\/h3>\n<p><strong>Influenceuse Corse<\/strong><\/p>\n<ul>\n<li>17\u202f200 abonn\u00e9s sur <strong>Instagram<\/strong> en 2022<\/li>\n<li>Vrai nom : <strong>Lisa<\/strong><\/li>\n<li>Genre : <strong>femme<\/strong><\/li>\n<li>Pays : <strong>France<\/strong><\/li>\n<li>R\u00e9gion : <strong>Corse<\/strong><\/li>\n<li>Bio Instagram : <em>\u00ab\u00a0\ud835\ude0a\ud835\ude25\ud835\ude35 \ud835\ude13\ud835\ude2a\ud835\ude34\ud835\ude22 \ud83e\udd8b<br \/>Juste pour le plaisir<br \/>\ud83d\udccd\ud835\udc77\ud835\udc90\ud835\udc93\ud835\udc95\ud835\udc90-\ud835\udc7d\ud835\udc86\ud835\udc84\ud835\udc84\ud835\udc89\ud835\udc8a\ud835\udc90 \ud80c\udc86 | \ud835\udd79\ud835\udd86\ud835\udd93\ud835\udd99\ud835\udd8a\ud835\udd98 | 30 \u2650\ufe0e<br \/>\u21a0 | \ud83c\udd63\ud83c\udd61\ud83c\udd50\ud83c\udd65\ud83c\udd54\ud83c\udd5b \u2708 \ud83c\uddf2\ud83c\uddfd\ud83c\udde8\ud83c\uddf4\ud83c\uddfa\ud83c\uddf8\ud83c\uddee\ud83c\uddf9\ud83c\uddea\ud83c\uddf8\ud83c\uddec\ud83c\uddf7\ud83c\uddf3\ud83c\uddf1\ud83c\uddeb\ud83c\uddf7<br \/>\ud83d\udcf8 Landscape photography<br \/>\ud80c\udde3 \ud835\udc3f\ud835\udcbe\ud835\udcbb\ud835\udc52 \ud835\udcbe\ud835\udcc8 \ud835\udcb6 \ud835\udc9e\ud835\udc5c\ud835\udcc1\ud835\udcc1\ud835\udc52\ud835\udcb8\ud835\udcc9\ud835\udcbe\ud835\udc5c\ud835\udcc3 \ud835\udc5c\ud835\udcbb \ud835\udcc2\ud835\udc5c\ud835\udcc2\ud835\udc52\ud835\udcc3\ud835\udcc9\ud835\udcc8<br \/>\u2709\ufe0f Cdt_lisa@outlook.fr\u00a0\u00bb<\/em><\/li>\n<li>Extrait photos :<\/li>\n<\/ul>\n<p><img loading=\"lazy\" decoding=\"async\" src=\"https:\/\/mediaboss.fr\/wp-content\/uploads\/influenceur-Corse-\ud835\ude0a\ud835\ude25\ud835\ude35-\ud835\ude13\ud835\ude2a\ud835\ude34\ud835\ude22-\ud83e\udd8b-cdt_lisa-\u2022-Photos-et-videos-Instagram.jpg\" width=\"1200\" height=\"690\" alt=\"influenceur-Corse-\ud835\ude0a\ud835\ude25\ud835\ude35-\ud835\ude13\ud835\ude2a\ud835\ude34\ud835\ude22-\ud83e\udd8b-cdt_lisa-\u2022-Photos-et-vid\u00e9os-Instagram\" class=\"wp-image-4032 aligncenter size-full\" srcset=\"https:\/\/mediaboss.fr\/wp-content\/uploads\/influenceur-Corse-\ud835\ude0a\ud835\ude25\ud835\ude35-\ud835\ude13\ud835\ude2a\ud835\ude34\ud835\ude22-\ud83e\udd8b-cdt_lisa-\u2022-Photos-et-videos-Instagram.jpg 1200w, https:\/\/mediaboss.fr\/wp-content\/uploads\/influenceur-Corse-\ud835\ude0a\ud835\ude25\ud835\ude35-\ud835\ude13\ud835\ude2a\ud835\ude34\ud835\ude22-\ud83e\udd8b-cdt_lisa-\u2022-Photos-et-videos-Instagram-300x173.jpg 300w, https:\/\/mediaboss.fr\/wp-content\/uploads\/influenceur-Corse-\ud835\ude0a\ud835\ude25\ud835\ude35-\ud835\ude13\ud835\ude2a\ud835\ude34\ud835\ude22-\ud83e\udd8b-cdt_lisa-\u2022-Photos-et-videos-Instagram-768x442.jpg 768w, https:\/\/mediaboss.fr\/wp-content\/uploads\/influenceur-Corse-\ud835\ude0a\ud835\ude25\ud835\ude35-\ud835\ude13\ud835\ude2a\ud835\ude34\ud835\ude22-\ud83e\udd8b-cdt_lisa-\u2022-Photos-et-videos-Instagram-1080x621.jpg 1080w, https:\/\/mediaboss.fr\/wp-content\/uploads\/influenceur-Corse-\ud835\ude0a\ud835\ude25\ud835\ude35-\ud835\ude13\ud835\ude2a\ud835\ude34\ud835\ude22-\ud83e\udd8b-cdt_lisa-\u2022-Photos-et-videos-Instagram-980x564.jpg 980w, https:\/\/mediaboss.fr\/wp-content\/uploads\/influenceur-Corse-\ud835\ude0a\ud835\ude25\ud835\ude35-\ud835\ude13\ud835\ude2a\ud835\ude34\ud835\ude22-\ud83e\udd8b-cdt_lisa-\u2022-Photos-et-videos-Instagram-480x276.jpg 480w\" sizes=\"(max-width: 1200px) 100vw, 1200px\" \/><\/p>\n<p>&nbsp;<\/p>\n<h3>11. @maostri- 18\u202f600 abonn\u00e9s<\/h3>\n<p><strong>Influenceuse Corse<\/strong><\/p>\n<ul>\n<li>18\u202f600 abonn\u00e9s sur <strong>Instagram<\/strong> en 2022<\/li>\n<li>Vrai nom : <strong>nc<\/strong><\/li>\n<li>Genre : <strong>femme<\/strong><\/li>\n<li>Pays : <strong>France<\/strong><\/li>\n<li>R\u00e9gion : <strong>Corse<\/strong><\/li>\n<li>Bio Instagram : <em>\u00ab\u00a0Influenceuse CORSE<br \/>Cr\u00e9ateur digital<br \/>\ud83c\udf3a \u201cAu parfum de son maquis, de loin, les yeux ferm\u00e9s je reconna\u00eetrais la Corse.\u201d<br \/>\ud83d\udccdCorse, France<br \/>\u2709\ufe0f maostri2b@gmail.com\u00a0\u00bb<\/em><\/li>\n<li>Extrait photos :<\/li>\n<\/ul>\n<p><img loading=\"lazy\" decoding=\"async\" src=\"https:\/\/mediaboss.fr\/wp-content\/uploads\/influenceur-Corse-Influenceuse-CORSE-maostri-\u2022-Photos-et-videos-Instagram.jpg\" width=\"1200\" height=\"690\" alt=\"influenceur-Corse-Influenceuse-CORSE-maostri-\u2022-Photos-et-vid\u00e9os-Instagram\" class=\"wp-image-4031 aligncenter size-full\" srcset=\"https:\/\/mediaboss.fr\/wp-content\/uploads\/influenceur-Corse-Influenceuse-CORSE-maostri-\u2022-Photos-et-videos-Instagram.jpg 1200w, https:\/\/mediaboss.fr\/wp-content\/uploads\/influenceur-Corse-Influenceuse-CORSE-maostri-\u2022-Photos-et-videos-Instagram-300x173.jpg 300w, https:\/\/mediaboss.fr\/wp-content\/uploads\/influenceur-Corse-Influenceuse-CORSE-maostri-\u2022-Photos-et-videos-Instagram-768x442.jpg 768w, https:\/\/mediaboss.fr\/wp-content\/uploads\/influenceur-Corse-Influenceuse-CORSE-maostri-\u2022-Photos-et-videos-Instagram-1080x621.jpg 1080w, https:\/\/mediaboss.fr\/wp-content\/uploads\/influenceur-Corse-Influenceuse-CORSE-maostri-\u2022-Photos-et-videos-Instagram-980x564.jpg 980w, https:\/\/mediaboss.fr\/wp-content\/uploads\/influenceur-Corse-Influenceuse-CORSE-maostri-\u2022-Photos-et-videos-Instagram-480x276.jpg 480w\" sizes=\"(max-width: 1200px) 100vw, 1200px\" \/><\/p>\n<p>&nbsp;<\/p>\n<h2>Influenceur Corse : le top 10 (2022)<\/h2>\n<p>Et maintenant les <strong>10 influenceurs et influenceuses les plus populaires de Corse<\/strong> en 2022 :<\/p>\n<p>&nbsp;<\/p>\n<h3>10. @lacorsedesorigines &#8211; 19\u202f533 abonn\u00e9s<\/h3>\n<p><strong>Influenceur Corse<\/strong><\/p>\n<ul>\n<li>4\u202f399 abonn\u00e9s sur <strong>Instagram<\/strong> en 2022<\/li>\n<li>15 134 abonn\u00e9s sur <strong>Facebook<\/strong><\/li>\n<li>Vrai nom : <strong>nc<\/strong><\/li>\n<li>Genre : <strong>nc<\/strong><\/li>\n<li>Pays : <strong>France<\/strong><\/li>\n<li>R\u00e9gion : <strong>Corse<\/strong><\/li>\n<li>Bio Instagram : <em>\u00ab\u00a0SARTENAIS VALINCO TARAVO<br \/>Office du tourisme<br \/>\u2022 #LaCorseDesOrigines, vivez-la \ud83e\udd0e\u2728<br \/>\u2022 Partagez vos exp\u00e9riences \ud83d\udcf8<br \/>\u2022 Les adresses et bons plans de la r\u00e9gion du \ud835\ude82\ud835\ude70\ud835\ude81\ud835\ude83\ud835\ude74\ud835\ude7d\ud835\ude70\ud835\ude78\ud835\ude82-\ud835\ude85\ud835\ude70\ud835\ude7b\ud835\ude78\ud835\ude7d\ud835\ude72\ud835\ude7e-\ud835\ude83\ud835\ude70\ud835\ude81\ud835\ude70\ud835\ude85\ud835\ude7e \u2935\ufe0f\u00a0\u00bb<\/em><\/li>\n<li>Extrait photos :<\/li>\n<\/ul>\n<p><img loading=\"lazy\" decoding=\"async\" src=\"https:\/\/mediaboss.fr\/wp-content\/uploads\/influenceur-Corse-SARTENAIS-VALINCO-TARAVO-lacorsedesorigines-\u2022-Photos-et-videos-Instagram.jpg\" width=\"1200\" height=\"690\" alt=\"influenceur-Corse-SARTENAIS-VALINCO-TARAVO-lacorsedesorigines-\u2022-Photos-et-vid\u00e9os-Instagram\" class=\"wp-image-4030 aligncenter size-full\" srcset=\"https:\/\/mediaboss.fr\/wp-content\/uploads\/influenceur-Corse-SARTENAIS-VALINCO-TARAVO-lacorsedesorigines-\u2022-Photos-et-videos-Instagram.jpg 1200w, https:\/\/mediaboss.fr\/wp-content\/uploads\/influenceur-Corse-SARTENAIS-VALINCO-TARAVO-lacorsedesorigines-\u2022-Photos-et-videos-Instagram-300x173.jpg 300w, https:\/\/mediaboss.fr\/wp-content\/uploads\/influenceur-Corse-SARTENAIS-VALINCO-TARAVO-lacorsedesorigines-\u2022-Photos-et-videos-Instagram-768x442.jpg 768w, https:\/\/mediaboss.fr\/wp-content\/uploads\/influenceur-Corse-SARTENAIS-VALINCO-TARAVO-lacorsedesorigines-\u2022-Photos-et-videos-Instagram-1080x621.jpg 1080w, https:\/\/mediaboss.fr\/wp-content\/uploads\/influenceur-Corse-SARTENAIS-VALINCO-TARAVO-lacorsedesorigines-\u2022-Photos-et-videos-Instagram-980x564.jpg 980w, https:\/\/mediaboss.fr\/wp-content\/uploads\/influenceur-Corse-SARTENAIS-VALINCO-TARAVO-lacorsedesorigines-\u2022-Photos-et-videos-Instagram-480x276.jpg 480w\" sizes=\"(max-width: 1200px) 100vw, 1200px\" \/><\/p>\n<p>&nbsp;<\/p>\n<h3>9. @wildcorsica &#8211; 26\u202f817 abonn\u00e9s<\/h3>\n<p><strong>Influenceuse Corse<\/strong><\/p>\n<ul>\n<li>22\u202f100 abonn\u00e9s sur <strong>Instagram<\/strong> en 2022<\/li>\n<li>4 717 abonn\u00e9s sur <strong>Facebook<\/strong><\/li>\n<li>Vrai nom : <strong>nc<\/strong><\/li>\n<li>Genre : <strong>nc<\/strong><\/li>\n<li>Pays : <strong>France<\/strong><\/li>\n<li>R\u00e9gion : <strong>Corse<\/strong><\/li>\n<li>Bio Instagram : <em>\u00ab\u00a0WildCorsica<br \/>Photographe<br \/>\ud83c\udf93On organise des stages photos en Corse.<br \/>\ud83d\udd2dChasseurs de Voie Lact\u00e9e<br \/>\ud83d\ude4b\ud83c\udffc\u200d\u2642\ufe0f On est aussi sur YouTube \ud83d\udc47\ud83c\udffc\u00a0\u00bb<\/em><\/li>\n<li>Extrait photos :<\/li>\n<\/ul>\n<p><img loading=\"lazy\" decoding=\"async\" src=\"https:\/\/mediaboss.fr\/wp-content\/uploads\/influenceur-Corse-WildCorsica-wildcorsica-\u2022-Photos-et-videos-Instagram.jpg\" width=\"1200\" height=\"690\" alt=\"influenceur-Corse-WildCorsica-wildcorsica-\u2022-Photos-et-vid\u00e9os-Instagram\" class=\"wp-image-4029 aligncenter size-full\" srcset=\"https:\/\/mediaboss.fr\/wp-content\/uploads\/influenceur-Corse-WildCorsica-wildcorsica-\u2022-Photos-et-videos-Instagram.jpg 1200w, https:\/\/mediaboss.fr\/wp-content\/uploads\/influenceur-Corse-WildCorsica-wildcorsica-\u2022-Photos-et-videos-Instagram-300x173.jpg 300w, https:\/\/mediaboss.fr\/wp-content\/uploads\/influenceur-Corse-WildCorsica-wildcorsica-\u2022-Photos-et-videos-Instagram-768x442.jpg 768w, https:\/\/mediaboss.fr\/wp-content\/uploads\/influenceur-Corse-WildCorsica-wildcorsica-\u2022-Photos-et-videos-Instagram-1080x621.jpg 1080w, https:\/\/mediaboss.fr\/wp-content\/uploads\/influenceur-Corse-WildCorsica-wildcorsica-\u2022-Photos-et-videos-Instagram-980x564.jpg 980w, https:\/\/mediaboss.fr\/wp-content\/uploads\/influenceur-Corse-WildCorsica-wildcorsica-\u2022-Photos-et-videos-Instagram-480x276.jpg 480w\" sizes=\"(max-width: 1200px) 100vw, 1200px\" \/><\/p>\n<p>&nbsp;<\/p>\n<h3>8. @isulena_ &#8211; 43\u202f200 abonn\u00e9s<\/h3>\n<p><strong>Influenceuse Corse<\/strong><\/p>\n<ul>\n<li>43\u202f200 abonn\u00e9s sur <strong>Instagram<\/strong> en 2022<\/li>\n<li>Vrai nom : <strong>Sol\u00e8ne<\/strong><\/li>\n<li>Genre : <strong>femme<\/strong><\/li>\n<li>Pays : <strong>France<\/strong><\/li>\n<li>R\u00e9gion : <strong>Corse<\/strong><\/li>\n<li>Bio Instagram : <em>\u00ab\u00a0Sole\u0300ne<br \/>Cr\u00e9ateur digital<br \/>Founder of @isulenashop since 2019\u2728<br \/>Community manager freelance\ud83d\udcf8<br \/>\ud83d\udccd Ajaccio, Corse\u00a0\u00bb<\/em><\/li>\n<li>Extrait photos :<\/li>\n<\/ul>\n<p><img loading=\"lazy\" decoding=\"async\" src=\"https:\/\/mediaboss.fr\/wp-content\/uploads\/influenceur-Corse-Sole\u0300ne-isulena_-\u2022-Photos-et-videos-Instagram.jpg\" width=\"1200\" height=\"690\" alt=\"influenceur-Corse-Sole\u0300ne-isulena_-\u2022-Photos-et-vid\u00e9os-Instagram\" class=\"wp-image-4028 aligncenter size-full\" srcset=\"https:\/\/mediaboss.fr\/wp-content\/uploads\/influenceur-Corse-Sole\u0300ne-isulena_-\u2022-Photos-et-videos-Instagram.jpg 1200w, https:\/\/mediaboss.fr\/wp-content\/uploads\/influenceur-Corse-Sole\u0300ne-isulena_-\u2022-Photos-et-videos-Instagram-300x173.jpg 300w, https:\/\/mediaboss.fr\/wp-content\/uploads\/influenceur-Corse-Sole\u0300ne-isulena_-\u2022-Photos-et-videos-Instagram-768x442.jpg 768w, https:\/\/mediaboss.fr\/wp-content\/uploads\/influenceur-Corse-Sole\u0300ne-isulena_-\u2022-Photos-et-videos-Instagram-1080x621.jpg 1080w, https:\/\/mediaboss.fr\/wp-content\/uploads\/influenceur-Corse-Sole\u0300ne-isulena_-\u2022-Photos-et-videos-Instagram-980x564.jpg 980w, https:\/\/mediaboss.fr\/wp-content\/uploads\/influenceur-Corse-Sole\u0300ne-isulena_-\u2022-Photos-et-videos-Instagram-480x276.jpg 480w\" sizes=\"(max-width: 1200px) 100vw, 1200px\" \/><\/p>\n<p>&nbsp;<\/p>\n<h3>7. @emilie_tla &#8211; 46\u202f800 abonn\u00e9s<\/h3>\n<p><strong>Influenceuse Corse<\/strong><\/p>\n<ul>\n<li>46\u202f800 abonn\u00e9s sur <strong>Instagram<\/strong> en 2022<\/li>\n<li>Vrai nom : <strong>Emilie T.<\/strong><\/li>\n<li>Genre : <strong>femme<\/strong><\/li>\n<li>Pays : <strong>France<\/strong><\/li>\n<li>R\u00e9gion : <strong>Corse<\/strong><\/li>\n<li>Bio Instagram : <em>\u00ab\u00a0Emilie T.<br \/>Corse \u2022 Ajaccio<br \/>Wellness Culture<br \/>Curated on @wellnessculture_ \ud83c\udf3f<br \/>Contact: DM or mail\u00a0\u00bb<\/em><\/li>\n<li>Extrait photos :<\/li>\n<\/ul>\n<p><img loading=\"lazy\" decoding=\"async\" src=\"https:\/\/mediaboss.fr\/wp-content\/uploads\/influenceur-Corse-Emilie-T-emilie_tla-\u2022-Photos-et-videos-Instagram.jpg\" width=\"1200\" height=\"690\" alt=\"influenceur-Corse-Emilie-T-emilie_tla-\u2022-Photos-et-vid\u00e9os-Instagram\" class=\"wp-image-4027 aligncenter size-full\" srcset=\"https:\/\/mediaboss.fr\/wp-content\/uploads\/influenceur-Corse-Emilie-T-emilie_tla-\u2022-Photos-et-videos-Instagram.jpg 1200w, https:\/\/mediaboss.fr\/wp-content\/uploads\/influenceur-Corse-Emilie-T-emilie_tla-\u2022-Photos-et-videos-Instagram-300x173.jpg 300w, https:\/\/mediaboss.fr\/wp-content\/uploads\/influenceur-Corse-Emilie-T-emilie_tla-\u2022-Photos-et-videos-Instagram-768x442.jpg 768w, https:\/\/mediaboss.fr\/wp-content\/uploads\/influenceur-Corse-Emilie-T-emilie_tla-\u2022-Photos-et-videos-Instagram-1080x621.jpg 1080w, https:\/\/mediaboss.fr\/wp-content\/uploads\/influenceur-Corse-Emilie-T-emilie_tla-\u2022-Photos-et-videos-Instagram-980x564.jpg 980w, https:\/\/mediaboss.fr\/wp-content\/uploads\/influenceur-Corse-Emilie-T-emilie_tla-\u2022-Photos-et-videos-Instagram-480x276.jpg 480w\" sizes=\"(max-width: 1200px) 100vw, 1200px\" \/><\/p>\n<p>&nbsp;<\/p>\n<h3>6. @lucille_lrd &#8211; 49\u202f571 abonn\u00e9s<\/h3>\n<p><strong>Influenceuse Corse<\/strong><\/p>\n<ul>\n<li>46\u202f400 abonn\u00e9s sur <strong>Instagram<\/strong> en 2022<\/li>\n<li>3 171 abonn\u00e9s sur <strong>Facebook<\/strong><\/li>\n<li>Vrai nom : <strong>Lucille<\/strong><\/li>\n<li>Genre : <strong>femme<\/strong><\/li>\n<li>Pays : <strong>France<\/strong><\/li>\n<li>R\u00e9gion : <strong>Corse<\/strong><\/li>\n<li>Bio Instagram : <em>\u00ab\u00a0LUCILLE | Figura di Stile<br \/>Cr\u00e9ateur digital<br \/>\ud83c\udf3f Fashion &amp; Life in #Corsica<br \/>\ud83c\udf6d Owner of @laconfiseriebastiaise<br \/>\ud83d\udce6 Founder of @figura_box since 2018<br \/>\ud83d\udceelucille-2b@hotmail.fr<br \/>www.figura-di-stile.fr\u00a0\u00bb<\/em><\/li>\n<li>Extrait photos :<\/li>\n<\/ul>\n<p><img loading=\"lazy\" decoding=\"async\" src=\"https:\/\/mediaboss.fr\/wp-content\/uploads\/influenceur-Corse-LUCILLE-Figura-di-Stile-lucille_lrd-\u2022-Photos-et-videos-Instagram.jpg\" width=\"1200\" height=\"690\" alt=\"influenceur-Corse-LUCILLE-Figura-di-Stile-lucille_lrd-\u2022-Photos-et-vid\u00e9os-Instagram\" class=\"wp-image-4026 aligncenter size-full\" srcset=\"https:\/\/mediaboss.fr\/wp-content\/uploads\/influenceur-Corse-LUCILLE-Figura-di-Stile-lucille_lrd-\u2022-Photos-et-videos-Instagram.jpg 1200w, https:\/\/mediaboss.fr\/wp-content\/uploads\/influenceur-Corse-LUCILLE-Figura-di-Stile-lucille_lrd-\u2022-Photos-et-videos-Instagram-300x173.jpg 300w, https:\/\/mediaboss.fr\/wp-content\/uploads\/influenceur-Corse-LUCILLE-Figura-di-Stile-lucille_lrd-\u2022-Photos-et-videos-Instagram-768x442.jpg 768w, https:\/\/mediaboss.fr\/wp-content\/uploads\/influenceur-Corse-LUCILLE-Figura-di-Stile-lucille_lrd-\u2022-Photos-et-videos-Instagram-1080x621.jpg 1080w, https:\/\/mediaboss.fr\/wp-content\/uploads\/influenceur-Corse-LUCILLE-Figura-di-Stile-lucille_lrd-\u2022-Photos-et-videos-Instagram-980x564.jpg 980w, https:\/\/mediaboss.fr\/wp-content\/uploads\/influenceur-Corse-LUCILLE-Figura-di-Stile-lucille_lrd-\u2022-Photos-et-videos-Instagram-480x276.jpg 480w\" sizes=\"(max-width: 1200px) 100vw, 1200px\" \/><\/p>\n<p>&nbsp;<\/p>\n<h3>5. @nicookyoutube &#8211; 176\u202f800 abonn\u00e9s<\/h3>\n<p><strong>Influenceur Corse<\/strong><\/p>\n<ul>\n<li>93\u202f600 abonn\u00e9s sur <strong>Instagram<\/strong> en 2022<\/li>\n<li>4 800 abonn\u00e9s sur <strong>Facebook<\/strong><\/li>\n<li>74 800 abonn\u00e9s sur <strong>YouTube<\/strong><\/li>\n<li>3 600 abonn\u00e9s sur <strong>Twitch<\/strong><\/li>\n<li>Vrai nom : <strong>Nicolas<\/strong><\/li>\n<li>Genre : <strong>homme<\/strong><\/li>\n<li>Pays : <strong>France<\/strong><\/li>\n<li>R\u00e9gion : <strong>Corse<\/strong><\/li>\n<li>Bio Instagram : <em>\u00ab\u00a0Nicook<br \/>Personnalit\u00e9 publique<br \/>Nicolas #foodblogger<br \/>Papa diplom\u00e9 en cuisine et pa\u0302tisserie \ud83c\udf69<br \/>Corse \ud83d\udccd<br \/>\ud83d\udc67\ud83c\udffbElla \ud83d\udc76\ud83c\udffb Alec<br \/>\ud83d\udc69\ud83c\udffb@elyrosechannel \ud83d\udc8d<br \/>YouTube : Nicook \ud83c\udfa5<br \/>\ud83d\udcd6 en cuisine avec papa<br \/>www.atelier-nicook.fr\u00a0\u00bb<\/em><\/li>\n<li>Extrait photos :<\/li>\n<\/ul>\n<p><img loading=\"lazy\" decoding=\"async\" src=\"https:\/\/mediaboss.fr\/wp-content\/uploads\/influenceur-Corse-Nicook-nicookyoutube-\u2022-Photos-et-videos-Instagram.jpg\" width=\"1200\" height=\"690\" alt=\"influenceur-Corse-Nicook-nicookyoutube-\u2022-Photos-et-vid\u00e9os-Instagram\" class=\"wp-image-4025 aligncenter size-full\" srcset=\"https:\/\/mediaboss.fr\/wp-content\/uploads\/influenceur-Corse-Nicook-nicookyoutube-\u2022-Photos-et-videos-Instagram.jpg 1200w, https:\/\/mediaboss.fr\/wp-content\/uploads\/influenceur-Corse-Nicook-nicookyoutube-\u2022-Photos-et-videos-Instagram-300x173.jpg 300w, https:\/\/mediaboss.fr\/wp-content\/uploads\/influenceur-Corse-Nicook-nicookyoutube-\u2022-Photos-et-videos-Instagram-768x442.jpg 768w, https:\/\/mediaboss.fr\/wp-content\/uploads\/influenceur-Corse-Nicook-nicookyoutube-\u2022-Photos-et-videos-Instagram-1080x621.jpg 1080w, https:\/\/mediaboss.fr\/wp-content\/uploads\/influenceur-Corse-Nicook-nicookyoutube-\u2022-Photos-et-videos-Instagram-980x564.jpg 980w, https:\/\/mediaboss.fr\/wp-content\/uploads\/influenceur-Corse-Nicook-nicookyoutube-\u2022-Photos-et-videos-Instagram-480x276.jpg 480w\" sizes=\"(max-width: 1200px) 100vw, 1200px\" \/><\/p>\n<p>&nbsp;<\/p>\n<h3>4. @elyrosechannel &#8211; 301\u202f124 abonn\u00e9s<\/h3>\n<p><strong>Influenceuse Corse<\/strong><\/p>\n<ul>\n<li>146\u202f000 abonn\u00e9s sur <strong>Instagram<\/strong> en 2022<\/li>\n<li>8 400 abonn\u00e9s sur <strong>Facebook<\/strong><\/li>\n<li>1 724 abonn\u00e9s sur <strong>Twitter<\/strong><\/li>\n<li>145 000 abonn\u00e9s sur <strong>YouTube<\/strong><\/li>\n<li>Vrai nom : <strong>Elyssa<\/strong><\/li>\n<li>Genre : <strong>femme<\/strong><\/li>\n<li>Pays : <strong>France<\/strong><\/li>\n<li>R\u00e9gion : <strong>Corse<\/strong><\/li>\n<li>Bio Instagram : <em>\u00ab\u00a0Elyssa<br \/>Cr\u00e9ateur de vid\u00e9os<br \/>Maman de Ella et Alec<br \/>Mari\u00e9e \u00e0 @nicookyoutube<br \/>Travel lover<br \/>YT \u27a1\ufe0f ELYROSE<br \/>Podcast @ambitieusepodcast<br \/>\ud83d\udccdCorse<br \/>Podcast \u2b07\ufe0f\u00a0\u00bb<\/em><\/li>\n<li>Extrait photos :<\/li>\n<\/ul>\n<p><img loading=\"lazy\" decoding=\"async\" src=\"https:\/\/mediaboss.fr\/wp-content\/uploads\/influenceur-Corse-Elyssa-elyrosechannel-\u2022-Photos-et-videos-Instagram.jpg\" width=\"1200\" height=\"690\" alt=\"influenceur-Corse-Elyssa-elyrosechannel-\u2022-Photos-et-vid\u00e9os-Instagram\" class=\"wp-image-4024 aligncenter size-full\" srcset=\"https:\/\/mediaboss.fr\/wp-content\/uploads\/influenceur-Corse-Elyssa-elyrosechannel-\u2022-Photos-et-videos-Instagram.jpg 1200w, https:\/\/mediaboss.fr\/wp-content\/uploads\/influenceur-Corse-Elyssa-elyrosechannel-\u2022-Photos-et-videos-Instagram-300x173.jpg 300w, https:\/\/mediaboss.fr\/wp-content\/uploads\/influenceur-Corse-Elyssa-elyrosechannel-\u2022-Photos-et-videos-Instagram-768x442.jpg 768w, https:\/\/mediaboss.fr\/wp-content\/uploads\/influenceur-Corse-Elyssa-elyrosechannel-\u2022-Photos-et-videos-Instagram-1080x621.jpg 1080w, https:\/\/mediaboss.fr\/wp-content\/uploads\/influenceur-Corse-Elyssa-elyrosechannel-\u2022-Photos-et-videos-Instagram-980x564.jpg 980w, https:\/\/mediaboss.fr\/wp-content\/uploads\/influenceur-Corse-Elyssa-elyrosechannel-\u2022-Photos-et-videos-Instagram-480x276.jpg 480w\" sizes=\"(max-width: 1200px) 100vw, 1200px\" \/><\/p>\n<p>&nbsp;<\/p>\n<h3>3. @arnaudseassari &#8211; 433\u202f438 abonn\u00e9s<\/h3>\n<p><strong>Influenceur Corse<\/strong><\/p>\n<ul>\n<li>55\u202f500 abonn\u00e9s sur <strong>Instagram<\/strong> en 2022<\/li>\n<li>377 938 abonn\u00e9s sur <strong>Facebook<\/strong><\/li>\n<li>Vrai nom : <strong>Arnaud Seassari<\/strong><\/li>\n<li>Genre : <strong>homme<\/strong><\/li>\n<li>Pays : <strong>France<\/strong><\/li>\n<li>R\u00e9gion : <strong>Corse<\/strong><\/li>\n<li>Bio Instagram : <em>\u00ab\u00a0Centre d\u2019int\u00e9r\u00eat<br \/>Corse \ud83d\udc05 Facebook\u00ae\ufe0f4\ufe0f\u20e36\ufe0f\u20e39\ufe0f\u20e3K abonn\u00e9es\u00a0\u00bb<\/em><\/li>\n<li>Extrait photos :<\/li>\n<\/ul>\n<p><img loading=\"lazy\" decoding=\"async\" src=\"https:\/\/mediaboss.fr\/wp-content\/uploads\/influenceur-Corse-arnaudseassari-\u2022-Photos-et-videos-Instagram.jpg\" width=\"1200\" height=\"690\" alt=\"influenceur-Corse--arnaudseassari-\u2022-Photos-et-vid\u00e9os-Instagram\" class=\"wp-image-4023 aligncenter size-full\" srcset=\"https:\/\/mediaboss.fr\/wp-content\/uploads\/influenceur-Corse-arnaudseassari-\u2022-Photos-et-videos-Instagram.jpg 1200w, https:\/\/mediaboss.fr\/wp-content\/uploads\/influenceur-Corse-arnaudseassari-\u2022-Photos-et-videos-Instagram-300x173.jpg 300w, https:\/\/mediaboss.fr\/wp-content\/uploads\/influenceur-Corse-arnaudseassari-\u2022-Photos-et-videos-Instagram-768x442.jpg 768w, https:\/\/mediaboss.fr\/wp-content\/uploads\/influenceur-Corse-arnaudseassari-\u2022-Photos-et-videos-Instagram-1080x621.jpg 1080w, https:\/\/mediaboss.fr\/wp-content\/uploads\/influenceur-Corse-arnaudseassari-\u2022-Photos-et-videos-Instagram-980x564.jpg 980w, https:\/\/mediaboss.fr\/wp-content\/uploads\/influenceur-Corse-arnaudseassari-\u2022-Photos-et-videos-Instagram-480x276.jpg 480w\" sizes=\"(max-width: 1200px) 100vw, 1200px\" \/><\/p>\n<p>&nbsp;<\/p>\n<h3>2. @lola_rossi_ &#8211; 567\u202f240 abonn\u00e9s<\/h3>\n<p><strong>Influenceuse Corse<\/strong><\/p>\n<ul>\n<li>415\u202f000 abonn\u00e9s sur <strong>Instagram<\/strong> en 2022<\/li>\n<li>8 600 abonn\u00e9s sur <strong>Facebook<\/strong><\/li>\n<li>1 640 abonn\u00e9s sur <strong>Twitter<\/strong><\/li>\n<li>142 000 abonn\u00e9s sur <strong>YouTube<\/strong><\/li>\n<li>Vrai nom : <strong>Lola Rossi<\/strong><\/li>\n<li>Genre : <strong>femme<\/strong><\/li>\n<li>Pays : <strong>France<\/strong><\/li>\n<li>R\u00e9gion : <strong>Corse<\/strong><\/li>\n<li>Bio Instagram : <em>\u00ab\u00a0Lola Rossi<br \/>Blogueur<br \/>\ud83d\udcf1Fashion, Travel &amp; Lifestyle<br \/>\ud83d\udccd Ajaccio \ud83c\udf34<br \/>\ud83d\udc95 Mum of 2 \ud83d\udc67\ud83c\udffc\ud83d\udc76\ud83c\udffc @happy_family_rossi<br \/>\ud83d\udc8d Bride to be 2023<br \/>\ud83d\udce9 contact@lola-rossi.com\u00a0\u00bb<\/em><\/li>\n<li>Extrait photos :<\/li>\n<\/ul>\n<p><img loading=\"lazy\" decoding=\"async\" src=\"https:\/\/mediaboss.fr\/wp-content\/uploads\/influenceur-Corse-Lola-Rossi-lola_rossi_-\u2022-Photos-et-videos-Instagram.jpg\" width=\"1200\" height=\"690\" alt=\"influenceur-Corse-Lola-Rossi-lola_rossi_-\u2022-Photos-et-vid\u00e9os-Instagram\" class=\"wp-image-4022 aligncenter size-full\" srcset=\"https:\/\/mediaboss.fr\/wp-content\/uploads\/influenceur-Corse-Lola-Rossi-lola_rossi_-\u2022-Photos-et-videos-Instagram.jpg 1200w, https:\/\/mediaboss.fr\/wp-content\/uploads\/influenceur-Corse-Lola-Rossi-lola_rossi_-\u2022-Photos-et-videos-Instagram-300x173.jpg 300w, https:\/\/mediaboss.fr\/wp-content\/uploads\/influenceur-Corse-Lola-Rossi-lola_rossi_-\u2022-Photos-et-videos-Instagram-768x442.jpg 768w, https:\/\/mediaboss.fr\/wp-content\/uploads\/influenceur-Corse-Lola-Rossi-lola_rossi_-\u2022-Photos-et-videos-Instagram-1080x621.jpg 1080w, https:\/\/mediaboss.fr\/wp-content\/uploads\/influenceur-Corse-Lola-Rossi-lola_rossi_-\u2022-Photos-et-videos-Instagram-980x564.jpg 980w, https:\/\/mediaboss.fr\/wp-content\/uploads\/influenceur-Corse-Lola-Rossi-lola_rossi_-\u2022-Photos-et-videos-Instagram-480x276.jpg 480w\" sizes=\"(max-width: 1200px) 100vw, 1200px\" \/><\/p>\n<p>&nbsp;<\/p>\n<h3>1. @juliegtroff &#8211; 848\u202f015 abonn\u00e9s<\/h3>\n<p><strong>Influenceuse Corse<\/strong><\/p>\n<ul>\n<li>213\u202f000 abonn\u00e9s sur <strong>Instagram<\/strong> en 2022<\/li>\n<li>626\u202f600 abonn\u00e9s sur <strong>TikTok<\/strong><\/li>\n<li>8 415 abonn\u00e9s sur <strong>Twitter<\/strong><\/li>\n<li>Vrai nom : <strong>Julie Gauthier<\/strong><\/li>\n<li>Genre : <strong>femme<\/strong><\/li>\n<li>Pays : <strong>France<\/strong><\/li>\n<li>R\u00e9gion : <strong>Corse<\/strong><\/li>\n<li>Bio Instagram : <em>\u00ab\u00a0Julie Gauthier<br \/>Personnalit\u00e9 publique<br \/>Corse et Youtubeuse\ud83e\udd0d<br \/>\ud83d\udc8c julie.gauthier@soeuretteproductions.com\u00a0\u00bb<\/em><\/li>\n<li>Extrait photos :<\/li>\n<\/ul>\n<p><img loading=\"lazy\" decoding=\"async\" src=\"https:\/\/mediaboss.fr\/wp-content\/uploads\/influenceur-Corse-Julie-Gauthier-juliegtroff-\u2022-Photos-et-videos-Instagram.jpg\" width=\"1200\" height=\"690\" alt=\"influenceur-Corse-Julie-Gauthier-juliegtroff-\u2022-Photos-et-vid\u00e9os-Instagram\" class=\"wp-image-4021 aligncenter size-full\" srcset=\"https:\/\/mediaboss.fr\/wp-content\/uploads\/influenceur-Corse-Julie-Gauthier-juliegtroff-\u2022-Photos-et-videos-Instagram.jpg 1200w, https:\/\/mediaboss.fr\/wp-content\/uploads\/influenceur-Corse-Julie-Gauthier-juliegtroff-\u2022-Photos-et-videos-Instagram-300x173.jpg 300w, https:\/\/mediaboss.fr\/wp-content\/uploads\/influenceur-Corse-Julie-Gauthier-juliegtroff-\u2022-Photos-et-videos-Instagram-768x442.jpg 768w, https:\/\/mediaboss.fr\/wp-content\/uploads\/influenceur-Corse-Julie-Gauthier-juliegtroff-\u2022-Photos-et-videos-Instagram-1080x621.jpg 1080w, https:\/\/mediaboss.fr\/wp-content\/uploads\/influenceur-Corse-Julie-Gauthier-juliegtroff-\u2022-Photos-et-videos-Instagram-980x564.jpg 980w, https:\/\/mediaboss.fr\/wp-content\/uploads\/influenceur-Corse-Julie-Gauthier-juliegtroff-\u2022-Photos-et-videos-Instagram-480x276.jpg 480w\" sizes=\"(max-width: 1200px) 100vw, 1200px\" \/><\/p>\n<p>&nbsp;<\/p>\n<h2>Conclusion<\/h2>\n<p>Et voil\u00e0 ! Vous avez un bel aper\u00e7u des <strong>15 influenceurs \/ influenceuses les plus populaires en Corse\u00a0 <\/strong>en 2022.<\/p>\n<p>N&rsquo;h\u00e9sitez pas \u00e0 nous <a href=\"\/contact\/\" title=\"contact\">contacter<\/a> pour modifier ou compl\u00e9ter ce <strong>top influenceurs corses.<\/strong><\/p>\n<p>Ou si vous souhaitez collaborer avec Mediaboss : publicit\u00e9, liens, partenariat&#8230;<\/p>\n<p>Tout est possible, nous sommes \u00e0 votre disposition ! \ud83d\ude42<\/p>\n<p>[\/et_pb_text][et_pb_text _builder_version=\u00a0\u00bb4.17.4&Prime; _module_preset=\u00a0\u00bbdefault\u00a0\u00bb link_line_height=\u00a0\u00bb1.7em\u00a0\u00bb ul_line_height=\u00a0\u00bb1.7em\u00a0\u00bb ol_line_height=\u00a0\u00bb1.7em\u00a0\u00bb quote_line_height=\u00a0\u00bb1.7em\u00a0\u00bb hover_enabled=\u00a0\u00bb0&Prime; global_module=\u00a0\u00bb2819&Prime; saved_tabs=\u00a0\u00bball\u00a0\u00bb global_colors_info=\u00a0\u00bb{}\u00a0\u00bb sticky_enabled=\u00a0\u00bb0&Prime;]<\/p>\n<p>*<\/p>\n<p>Vous allez \u00eatre int\u00e9ress\u00e9 par notre classement des :<\/p>\n<h3>Top influenceurs et influenceuses\u00a0 par <strong>Pays<\/strong><\/h3>\n<ul>\n<li><a href=\"https:\/\/mediaboss.fr\/classement-influenceurs-france\/\" title=\"classement influenceurs France\">Top 16 influenceurs &amp; influenceuses en <strong>France<\/strong><\/a><\/li>\n<li><a href=\"https:\/\/mediaboss.fr\/influenceur-suisse\/\" title=\"influenceur suisse\">Top 14 influenceurs &amp; influenceuses en <strong>Suisse<\/strong><\/a><\/li>\n<li><a href=\"https:\/\/mediaboss.fr\/influenceur-espagne\/\" title=\"influenceur espagne\">Top 19 influenceurs &amp; influenceuses en <strong>Espagne<\/strong><\/a><\/li>\n<li><a href=\"https:\/\/mediaboss.fr\/influenceur-maroc\/\" title=\"influenceur maroc\">Top 19 influenceurs &amp; influenceuses au <strong>Maroc<\/strong><\/a><a href=\"https:\/\/mediaboss.fr\/influenceur-espagne\/\" title=\"influenceur espagne\"><strong><\/strong><\/a><\/li>\n<\/ul>\n<h3>Top influenceurs et influenceuses\u00a0 par R\u00e9gion<\/h3>\n<ul>\n<li><a href=\"https:\/\/mediaboss.fr\/influenceur-corse\/\" title=\"influenceur corse\">Top 15 influenceurs &amp; influenceuses en Corse<\/a><\/li>\n<li><a href=\"https:\/\/mediaboss.fr\/influenceur-martinique\/\" title=\"influenceur martinique\">Top 13 influenceurs &amp; influenceuses en <strong>Martinique<\/strong><\/a><\/li>\n<li><a href=\"https:\/\/mediaboss.fr\/influenceur-guadeloupe\/\" title=\"influenceur guadeloupe\">Top 12 influenceurs &amp; influenceuses en <strong>Guadeloupe<\/strong><\/a><\/li>\n<\/ul>\n<h3>Top influenceurs et influenceuses\u00a0 par <strong>Ville (France)<\/strong><\/h3>\n<ul>\n<li><a href=\"https:\/\/mediaboss.fr\/influenceur-reims\/\" title=\"influenceur Reims\">Top 13 influenceurs &amp; influenceuses \u00e0 <strong>Reims<\/strong><\/a><\/li>\n<li><a href=\"https:\/\/mediaboss.fr\/influenceur-brest\/\" title=\"influenceur brest\">Top 15 influenceurs &amp; influenceuses \u00e0 <strong>Brest<\/strong><\/a><\/li>\n<li><a href=\"https:\/\/mediaboss.fr\/influenceur-toulouse\/\" title=\"influenceur toulouse\">Top 17 influenceurs &amp; influenceuses \u00e0 <strong>Toulouse<\/strong><\/a><\/li>\n<li><a href=\"https:\/\/mediaboss.fr\/influenceur-strasbourg\/\" title=\"influenceur strasbourg\">Top 16 influenceurs &amp; influenceuses \u00e0 <strong>Strasbourg<\/strong><\/a><\/li>\n<li><a href=\"https:\/\/mediaboss.fr\/influenceur-marseille\/\" title=\"influenceur marseille\">Top 16 influenceurs &amp; influenceuses \u00e0 <strong>Marseille<\/strong><\/a><\/li>\n<li><a href=\"https:\/\/mediaboss.fr\/influenceur-bordeaux\/\" title=\"influenceur bordeaux\">Top 29 influenceurs &amp; influenceuses \u00e0 <strong>Bordeaux<\/strong><\/a><\/li>\n<li><a href=\"https:\/\/mediaboss.fr\/influenceur-aix-en-provence\/\" title=\"influenceur aix en provence\">Top 16 influenceurs &amp; influenceuses \u00e0 <strong>Aix-en-Provence<\/strong><\/a><\/li>\n<li><a href=\"https:\/\/mediaboss.fr\/influenceur-dijon\/\" title=\"influenceur dijon\">Top 16 influenceurs &amp; influenceuses \u00e0 <strong>Dijon<\/strong><\/a><\/li>\n<li><a href=\"https:\/\/mediaboss.fr\/influenceur-nantes\/\" title=\"influenceur Nantes\">Top 14 influenceurs &amp; influenceuses \u00e0 <strong>Nantes<\/strong><\/a><\/li>\n<li><a href=\"https:\/\/mediaboss.fr\/influenceur-nice\/\" title=\"influenceur Nice (PACA)\">Top 17 influenceurs &amp; influenceuses \u00e0 <strong>Nice<\/strong><\/a><\/li>\n<li><a href=\"https:\/\/mediaboss.fr\/influenceur-montpellier\/\" title=\"influenceur Montpellier\">Top 14 influenceurs &amp; influenceuses \u00e0 <strong>Montpellier<\/strong><\/a><\/li>\n<li><a href=\"https:\/\/mediaboss.fr\/influenceur-lille\/\" title=\"influenceur Lille\">Top 16 influenceurs &amp; influenceuses \u00e0 <strong>Lille<\/strong><\/a><strong><\/strong><\/li>\n<li><a href=\"https:\/\/mediaboss.fr\/influenceur-lyon\/\" title=\"influenceur lyon\">Top 19 influenceurs &amp; influenceuses \u00e0 <strong>Lyon<\/strong><\/a><\/li>\n<\/ul>\n<h3>Top influenceurs et influenceuses\u00a0 par <strong>Th\u00e8me<\/strong><\/h3>\n<ul>\n<li><a href=\"https:\/\/mediaboss.fr\/artiste-influenceur\/\" title=\"artiste influenceur\">Top 19 Artistes Influenceurs<\/a><\/li>\n<li><a href=\"https:\/\/mediaboss.fr\/musee-instagram\/\" title=\"mus\u00e9e Instagram\">Top 16 \u00ab\u00a0Mus\u00e9es Instagram\u00a0\u00bb<\/a><\/li>\n<\/ul>\n<p>*<br \/><strong><\/strong><\/p>\n<p>[\/et_pb_text][\/et_pb_column][et_pb_column type=\u00a0\u00bb1_3&Prime; _builder_version=\u00a0\u00bb4.16&Prime; custom_padding=\u00a0\u00bb|||\u00a0\u00bb global_colors_info=\u00a0\u00bb{}\u00a0\u00bb custom_padding__hover=\u00a0\u00bb|||\u00a0\u00bb][et_pb_sidebar _builder_version=\u00a0\u00bb4.17.4&Prime; _module_preset=\u00a0\u00bbdefault\u00a0\u00bb global_colors_info=\u00a0\u00bb{}\u00a0\u00bb][\/et_pb_sidebar][\/et_pb_column][\/et_pb_row][et_pb_row column_structure=\u00a0\u00bb2_3,1_3&Prime; _builder_version=\u00a0\u00bb4.16&Prime; _module_preset=\u00a0\u00bbdefault\u00a0\u00bb saved_tabs=\u00a0\u00bball\u00a0\u00bb global_colors_info=\u00a0\u00bb{}\u00a0\u00bb][et_pb_column type=\u00a0\u00bb2_3&Prime; _builder_version=\u00a0\u00bb4.16&Prime; _module_preset=\u00a0\u00bbdefault\u00a0\u00bb global_colors_info=\u00a0\u00bb{}\u00a0\u00bb][et_pb_text _builder_version=\u00a0\u00bb4.16&Prime; _module_preset=\u00a0\u00bbdefault\u00a0\u00bb global_colors_info=\u00a0\u00bb{}\u00a0\u00bb]<\/p>\n<h4>Vous aimerez aussi :<\/h4>\n<p>[\/et_pb_text][et_pb_blog fullwidth=\u00a0\u00bboff\u00a0\u00bb posts_number=\u00a0\u00bb4&Prime; include_categories=\u00a0\u00bb24&Prime; use_manual_excerpt=\u00a0\u00bboff\u00a0\u00bb excerpt_length=\u00a0\u00bb0&Prime; show_author=\u00a0\u00bboff\u00a0\u00bb show_date=\u00a0\u00bboff\u00a0\u00bb show_excerpt=\u00a0\u00bboff\u00a0\u00bb show_pagination=\u00a0\u00bboff\u00a0\u00bb _builder_version=\u00a0\u00bb4.17.4&Prime; _module_preset=\u00a0\u00bbdefault\u00a0\u00bb header_level=\u00a0\u00bbh5&Prime; body_font_size=\u00a0\u00bb16px\u00a0\u00bb meta_font_size=\u00a0\u00bb16px\u00a0\u00bb read_more_font_size=\u00a0\u00bb16px\u00a0\u00bb global_module=\u00a0\u00bb2704&Prime; saved_tabs=\u00a0\u00bball\u00a0\u00bb global_colors_info=\u00a0\u00bb{}\u00a0\u00bb meta_font_size__hover_enabled=\u00a0\u00bboff|desktop\u00a0\u00bb][\/et_pb_blog][et_pb_team_member image_url=\u00a0\u00bbhttps:\/\/mediaboss.fr\/wp-content\/uploads\/alice-seguin-230x230px-150&#215;150.jpg\u00a0\u00bb facebook_url=\u00a0\u00bbhttps:\/\/www.facebook.com\/mediaboss.fr\u00a0\u00bb twitter_url=\u00a0\u00bbhttps:\/\/twitter.com\/Alice98327791&Prime; linkedin_url=\u00a0\u00bbwww.linkedin.com\/in\/alice-seguin\u00a0\u00bb image_url_last_edited=\u00a0\u00bboff|phone\u00a0\u00bb _builder_version=\u00a0\u00bb4.17.4&Prime; _module_preset=\u00a0\u00bbdefault\u00a0\u00bb child_filter_saturate=\u00a0\u00bb0%\u00a0\u00bb border_radii_image=\u00a0\u00bbon|0%|0%|0%|0%\u00a0\u00bb global_module=\u00a0\u00bb91&Prime; saved_tabs=\u00a0\u00bball\u00a0\u00bb global_colors_info=\u00a0\u00bb{}\u00a0\u00bb]<\/p>\n<p><strong>Alice SEGUIN<\/strong><\/p>\n<p>Alice est la fondatrice de <a title=\"Mediaboss\" href=\"\/\">Mediaboss<\/a>.<\/p>\n<p>Passionn\u00e9e par les <a title=\"r\u00e9seaux sociaux\" href=\"\/reseaux-sociaux\/\">r\u00e9seaux sociaux<\/a>, elle accompagne de nombreuses entreprises dans leur strat\u00e9gie social media, messageries instantan\u00e9es, investissement, cryptomonnaies\u2026<\/p>\n<p>Retrouvez-moi sur mes r\u00e9seaux sociaux et le compte <a href=\"https:\/\/mediaboss.substack.com\/\" target=\"_blank\" rel=\"noopener\" title=\"Substack de Mediaboss\">Substack de Mediaboss<\/a> :<\/p>\n<p>[\/et_pb_team_member][\/et_pb_column][et_pb_column type=\u00a0\u00bb1_3&Prime; _builder_version=\u00a0\u00bb4.16&Prime; _module_preset=\u00a0\u00bbdefault\u00a0\u00bb global_colors_info=\u00a0\u00bb{}\u00a0\u00bb][\/et_pb_column][\/et_pb_row][\/et_pb_section]<\/p>\n\n\n<div class=\"kk-star-ratings kksr-auto kksr-align-right kksr-valign-bottom\"\n    data-payload='{&quot;align&quot;:&quot;right&quot;,&quot;id&quot;:&quot;4010&quot;,&quot;slug&quot;:&quot;default&quot;,&quot;valign&quot;:&quot;bottom&quot;,&quot;ignore&quot;:&quot;&quot;,&quot;reference&quot;:&quot;auto&quot;,&quot;class&quot;:&quot;&quot;,&quot;count&quot;:&quot;6&quot;,&quot;legendonly&quot;:&quot;&quot;,&quot;readonly&quot;:&quot;&quot;,&quot;score&quot;:&quot;5&quot;,&quot;starsonly&quot;:&quot;&quot;,&quot;best&quot;:&quot;5&quot;,&quot;gap&quot;:&quot;5&quot;,&quot;greet&quot;:&quot;Note :&quot;,&quot;legend&quot;:&quot;5\\\/5 - (6 votes)&quot;,&quot;size&quot;:&quot;24&quot;,&quot;title&quot;:&quot;Influenceur Corse: Le Top 15 En 2023 (Classement)\u00a0&quot;,&quot;width&quot;:&quot;142.5&quot;,&quot;_legend&quot;:&quot;{score}\\\/{best} - ({count} {votes})&quot;,&quot;font_factor&quot;:&quot;1.25&quot;}'>\n            \n<div class=\"kksr-stars\">\n    \n<div class=\"kksr-stars-inactive\">\n            <div class=\"kksr-star\" data-star=\"1\" style=\"padding-right: 5px\">\n            \n\n<div class=\"kksr-icon\" style=\"width: 24px; height: 24px;\"><\/div>\n        <\/div>\n            <div class=\"kksr-star\" data-star=\"2\" style=\"padding-right: 5px\">\n            \n\n<div class=\"kksr-icon\" style=\"width: 24px; height: 24px;\"><\/div>\n        <\/div>\n            <div class=\"kksr-star\" data-star=\"3\" style=\"padding-right: 5px\">\n            \n\n<div class=\"kksr-icon\" style=\"width: 24px; height: 24px;\"><\/div>\n        <\/div>\n            <div class=\"kksr-star\" data-star=\"4\" style=\"padding-right: 5px\">\n            \n\n<div class=\"kksr-icon\" style=\"width: 24px; height: 24px;\"><\/div>\n        <\/div>\n            <div class=\"kksr-star\" data-star=\"5\" style=\"padding-right: 5px\">\n            \n\n<div class=\"kksr-icon\" style=\"width: 24px; height: 24px;\"><\/div>\n        <\/div>\n    <\/div>\n    \n<div class=\"kksr-stars-active\" style=\"width: 142.5px;\">\n            <div class=\"kksr-star\" style=\"padding-right: 5px\">\n            \n\n<div class=\"kksr-icon\" style=\"width: 24px; height: 24px;\"><\/div>\n        <\/div>\n            <div class=\"kksr-star\" style=\"padding-right: 5px\">\n            \n\n<div class=\"kksr-icon\" style=\"width: 24px; height: 24px;\"><\/div>\n        <\/div>\n            <div class=\"kksr-star\" style=\"padding-right: 5px\">\n            \n\n<div class=\"kksr-icon\" style=\"width: 24px; height: 24px;\"><\/div>\n        <\/div>\n            <div class=\"kksr-star\" style=\"padding-right: 5px\">\n            \n\n<div class=\"kksr-icon\" style=\"width: 24px; height: 24px;\"><\/div>\n        <\/div>\n            <div class=\"kksr-star\" style=\"padding-right: 5px\">\n            \n\n<div class=\"kksr-icon\" style=\"width: 24px; height: 24px;\"><\/div>\n        <\/div>\n    <\/div>\n<\/div>\n                \n\n<div class=\"kksr-legend\" style=\"font-size: 19.2px;\">\n            5\/5 - (6 votes)    <\/div>\n    <\/div>\n<div style=\"margin-top: 0px; margin-bottom: 0px;\" class=\"sharethis-inline-share-buttons\" ><\/div>","protected":false},"excerpt":{"rendered":"<p>Vous cherchez les top influenceurs et influenceuses en Corse en 2022? D\u00e9couvrez notre classement des 15 des influenceurs (et influenceuses) les plus populaires en Corse. Nous nous basons sur le nombre d&rsquo;abonn\u00e9s sur tous les plus gros r\u00e9seaux sociaux : Instagram, Facebook, TikTok, Youtube, Snapchat, Twitch, Twitter&#8230; Article mis \u00e0 jour en Juillet 2022. Lire [&hellip;]<\/p>\n","protected":false},"author":2,"featured_media":4016,"comment_status":"closed","ping_status":"open","sticky":false,"template":"","format":"standard","meta":{"_seopress_robots_primary_cat":"none","_seopress_titles_title":"Influenceur Corse: Le Top 15 En %%currentyear%% (Classement)\u00a0- Mediaboss","_seopress_titles_desc":"D\u00e9couvrez le top 15 des influenceurs (influenceuses) les plus populaires \u00e0 Marseille en %%currentyear%%. Class\u00e9s par nombre d&#039;abonn\u00e9s sur Instagram, TikTok, Facebook, YouTube...","_seopress_robots_index":"","_et_pb_use_builder":"on","_et_pb_old_content":"","_et_gb_content_width":"1280","footnotes":""},"categories":[24],"tags":[],"class_list":["post-4010","post","type-post","status-publish","format-standard","has-post-thumbnail","hentry","category-influence"],"_links":{"self":[{"href":"https:\/\/mediaboss.fr\/ja\/wp-json\/wp\/v2\/posts\/4010","targetHints":{"allow":["GET"]}}],"collection":[{"href":"https:\/\/mediaboss.fr\/ja\/wp-json\/wp\/v2\/posts"}],"about":[{"href":"https:\/\/mediaboss.fr\/ja\/wp-json\/wp\/v2\/types\/post"}],"author":[{"embeddable":true,"href":"https:\/\/mediaboss.fr\/ja\/wp-json\/wp\/v2\/users\/2"}],"replies":[{"embeddable":true,"href":"https:\/\/mediaboss.fr\/ja\/wp-json\/wp\/v2\/comments?post=4010"}],"version-history":[{"count":1,"href":"https:\/\/mediaboss.fr\/ja\/wp-json\/wp\/v2\/posts\/4010\/revisions"}],"predecessor-version":[{"id":14551,"href":"https:\/\/mediaboss.fr\/ja\/wp-json\/wp\/v2\/posts\/4010\/revisions\/14551"}],"wp:featuredmedia":[{"embeddable":true,"href":"https:\/\/mediaboss.fr\/ja\/wp-json\/wp\/v2\/media\/4016"}],"wp:attachment":[{"href":"https:\/\/mediaboss.fr\/ja\/wp-json\/wp\/v2\/media?parent=4010"}],"wp:term":[{"taxonomy":"category","embeddable":true,"href":"https:\/\/mediaboss.fr\/ja\/wp-json\/wp\/v2\/categories?post=4010"},{"taxonomy":"post_tag","embeddable":true,"href":"https:\/\/mediaboss.fr\/ja\/wp-json\/wp\/v2\/tags?post=4010"}],"curies":[{"name":"wp","href":"https:\/\/api.w.org\/{rel}","templated":true}]}}